{"id":1095922,"date":"2026-06-15T10:45:16","date_gmt":"2026-06-15T10:45:16","guid":{"rendered":"https:\/\/www.europesays.com\/de\/1095922\/"},"modified":"2026-06-15T10:45:16","modified_gmt":"2026-06-15T10:45:16","slug":"moenchengladbach-kunstmesse-in-der-galerie-loehrl-mit-bekannten-namen-und-neuen-positionen","status":"publish","type":"post","link":"https:\/\/www.europesays.com\/de\/1095922\/","title":{"rendered":"M\u00f6nchengladbach: Kunstmesse in der Galerie L\u00f6hrl mit bekannten Namen und neuen Positionen"},"content":{"rendered":"<p class=\"text_ohne_einzug richtext text-em-55 !leading-serif mx-6 desktop:mx-0\">Es ist schon fast wie eine kleine Tradition zur Sommerzeit: Seit einigen Jahren zeigt die Galerie L\u00f6hrl bevorzugt in den w\u00e4rmeren Monaten einen Querschnitt der vom Haus vertretenen K\u00fcnstlerinnen und K\u00fcnstler. Sie veranstaltet damit eine Messe im Haus, erg\u00e4nzend zur Messebeteiligung in St\u00e4dten wie <a href=\"https:\/\/rp-online.de\/thema\/karlsruhe\/\" rel=\"nofollow noopener\" target=\"_blank\">Karlsruhe<\/a> und <a href=\"https:\/\/rp-online.de\/thema\/duesseldorf\/\" rel=\"nofollow noopener\" target=\"_blank\">D\u00fcsseldorf<\/a>. Bei der diesj\u00e4hrigen Inhouse Messe im Domizil an der Kaiserstra\u00dfe 67 sind 15 Kunstschaffende mit auch neuen Arbeiten vertreten.<\/p>\n","protected":false},"excerpt":{"rendered":"Es ist schon fast wie eine kleine Tradition zur Sommerzeit: Seit einigen Jahren zeigt die Galerie L\u00f6hrl bevorzugt&hellip;\n","protected":false},"author":2,"featured_media":1095923,"comment_status":"","ping_status":"","sticky":false,"template":"","format":"standard","meta":{"footnotes":"","_share_on_mastodon":"0"},"categories":[1849],"tags":[3364,29,15212,548,663,3934,2448,30,13,24791,66522,3910,4815,217581,47,232393,4455,14,15,1209,212533,12,7326,21745],"class_list":["post-1095922","post","type-post","status-publish","format-standard","has-post-thumbnail","category-moenchengladbach","tag-de","tag-deutschland","tag-dieter-nuhr","tag-eu","tag-europa","tag-europe","tag-galerie","tag-germany","tag-headlines","tag-hose","tag-inhouse","tag-kuenstler","tag-kuenstlerinnen","tag-loehrl","tag-messe","tag-messebeteiligung","tag-moenchengladbach","tag-nachrichten","tag-news","tag-nordrhein-westfalen","tag-querschnitt","tag-schlagzeilen","tag-vertreten","tag-zeigt"],"share_on_mastodon":{"url":"https:\/\/pubeurope.com\/@de\/116753722852030879","error":""},"_links":{"self":[{"href":"https:\/\/www.europesays.com\/de\/wp-json\/wp\/v2\/posts\/1095922","targetHints":{"allow":["GET"]}}],"collection":[{"href":"https:\/\/www.europesays.com\/de\/wp-json\/wp\/v2\/posts"}],"about":[{"href":"https:\/\/www.europesays.com\/de\/wp-json\/wp\/v2\/types\/post"}],"author":[{"embeddable":true,"href":"https:\/\/www.europesays.com\/de\/wp-json\/wp\/v2\/users\/2"}],"replies":[{"embeddable":true,"href":"https:\/\/www.europesays.com\/de\/wp-json\/wp\/v2\/comments?post=1095922"}],"version-history":[{"count":0,"href":"https:\/\/www.europesays.com\/de\/wp-json\/wp\/v2\/posts\/1095922\/revisions"}],"wp:featuredmedia":[{"embeddable":true,"href":"https:\/\/www.europesays.com\/de\/wp-json\/wp\/v2\/media\/1095923"}],"wp:attachment":[{"href":"https:\/\/www.europesays.com\/de\/wp-json\/wp\/v2\/media?parent=1095922"}],"wp:term":[{"taxonomy":"category","embeddable":true,"href":"https:\/\/www.europesays.com\/de\/wp-json\/wp\/v2\/categories?post=1095922"},{"taxonomy":"post_tag","embeddable":true,"href":"https:\/\/www.europesays.com\/de\/wp-json\/wp\/v2\/tags?post=1095922"}],"curies":[{"name":"wp","href":"https:\/\/api.w.org\/{rel}","templated":true}]}}