{"id":1095998,"date":"2026-06-15T11:27:19","date_gmt":"2026-06-15T11:27:19","guid":{"rendered":"https:\/\/www.europesays.com\/de\/1095998\/"},"modified":"2026-06-15T11:27:19","modified_gmt":"2026-06-15T11:27:19","slug":"lok-leipzig-neuer-angriff-auf-die-3-liga-das-sind-ziegners-ziele-sport","status":"publish","type":"post","link":"https:\/\/www.europesays.com\/de\/1095998\/","title":{"rendered":"Lok Leipzig: Neuer Angriff auf die 3. Liga? Das sind Ziegners Ziele | Sport"},"content":{"rendered":"<p><a class=\"skip-content skip-content--link\" href=\"#in-content-skip-link-target-v-0-0\">TTS-Player \u00fcberspringen\u21b5<\/a><a id=\"in-content-skip-link-target-v-0-0\" class=\"skip-content--target-link-hidden skip-content skip-content--target-link\" href=\"#in-content-skip-link-target-v-0-0\">Artikel weiterlesen<\/a><\/p>\n<p data-21134c99=\"0-2141\"><b>Um 12.02 Uhr betrat der neue Trainer von <\/b><a href=\"https:\/\/www.bild.de\/sport\/fussball\/lok-leipzig\/home-80643548.bild.html\" class=\"text-link\" rel=\"nofollow noopener\" target=\"_blank\"><b>Lok Leipzig<\/b><\/a><b> am Montag erstmals das Podium der Pressekonferenz. Was BILD-Leser bereits wussten, machte der Regionalligist nun auch offiziell: Torsten Ziegner (48) \u00fcbernimmt. Er erh\u00e4lt einen Vertrag bis 2028. Und ist voller Tatendrang.<\/b><\/p>\n<p>Torsten Ziegner bekommt bei Lok Leipzig Vertrag bis 2028<\/p>\n<p data-21134c99=\"0-2141\">\u201eIch freue mich auf die Aufgabe bei einem spannenden Klub\u201c, sagt er bei seiner Vorstellung. \u201eIch habe extrem Bock auf die Aufgabe, habe Energie ohne Ende.\u201c Dann grinst er: \u201eNachdem ich zuletzt einen etwas langweiligeren Job beim MDR hatte.\u201c Dort arbeitete er zuletzt als TV-Experte, war oft im Stadion von Lok Leipzig, kommentierte viele Spiele. Er wei\u00df also, worauf er sich einl\u00e4sst. Ziegner folgt bekanntlich auf Jochen Seitz, der sein Amt nach zwei erfolgreichen Jahren (zweimal Meister, einmal Pokalsieger) freiwillig aufgegeben hatte. Durchaus gro\u00dfe Spuren, die sein Vorg\u00e4nger hinterlassen hat. Ziegner: \u201eIch habe Respekt vor dieser Leistung. Aber da ist nur Vorfreude auf die neue Aufgabe.\u201c<\/p>\n<p data-21134c99=\"0-2141\">Dann legt er erst richtig los: \u201eDer FC Lok und seine Erfolge f\u00fchren dazu, dass die Erwartungshaltung gro\u00df ist. Ein Mittelfeldplatz geh\u00f6rt nicht dazu. Wir wollen vorn mit dabei sein, auch wenn wir jetzt noch nicht wissen, wie sich die Konkurrenz zum Beispiel aus Aue, Jena und Halle aufstellt.\u201c Klar ist f\u00fcr ihn: \u201eIch habe nichts anderes vor, als erfolgreich zu sein. Daf\u00fcr werde ich alles tun. Der Weg ist noch nicht zu Ende.\u201c Der Fu\u00dfball, den der FC Lok in den letzten zwei Jahren spielte, soll sich dabei nicht wesentlich ver\u00e4ndern: \u201eDas w\u00e4re t\u00f6richt. Aber wir werden an Details arbeiten, um irgendwann den ganz gro\u00dfen Coup zu landen.\u201c Der soll irgendwann endlich in die 3. Liga f\u00fchren.<\/p>\n<p data-21134c99=\"0-2141\">Sport-Gesch\u00e4ftsf\u00fchrer Toni Wachsmuth (39): \u201eWir wollten einen Trainer, der f\u00fcr diese Aufgabe brennt und auch sofort verf\u00fcgbar ist. Torsten kann Leute mitrei\u00dfen und vielleicht ein St\u00fcck weit neues Feuer entfachen.\u201c In der Spitze der drei bis f\u00fcnf besten Klubs will er die Mannschaft in der n\u00e4chsten Saison in der 4. Liga gern sehen. Die Vorbereitung startet am 24. Juni. Mit einem gl\u00fchend hei\u00dfen Ziegner.<\/p>\n","protected":false},"excerpt":{"rendered":"TTS-Player \u00fcberspringen\u21b5Artikel weiterlesen Um 12.02 Uhr betrat der neue Trainer von Lok Leipzig am Montag erstmals das Podium&hellip;\n","protected":false},"author":2,"featured_media":1095999,"comment_status":"","ping_status":"","sticky":false,"template":"","format":"standard","meta":{"footnotes":"","_share_on_mastodon":"0"},"categories":[1832],"tags":[3364,29,30,71,3457,3459,3458,859,4580,3460],"class_list":["post-1095998","post","type-post","status-publish","format-standard","has-post-thumbnail","category-leipzig","tag-de","tag-deutschland","tag-germany","tag-leipzig","tag-lok-leipzig","tag-regionalliga","tag-regionalliga-nordost","tag-sachsen","tag-schmidt-andre","tag-sport-leuchtturm-leipzig"],"share_on_mastodon":{"url":"https:\/\/pubeurope.com\/@de\/116753887856433086","error":""},"_links":{"self":[{"href":"https:\/\/www.europesays.com\/de\/wp-json\/wp\/v2\/posts\/1095998","targetHints":{"allow":["GET"]}}],"collection":[{"href":"https:\/\/www.europesays.com\/de\/wp-json\/wp\/v2\/posts"}],"about":[{"href":"https:\/\/www.europesays.com\/de\/wp-json\/wp\/v2\/types\/post"}],"author":[{"embeddable":true,"href":"https:\/\/www.europesays.com\/de\/wp-json\/wp\/v2\/users\/2"}],"replies":[{"embeddable":true,"href":"https:\/\/www.europesays.com\/de\/wp-json\/wp\/v2\/comments?post=1095998"}],"version-history":[{"count":0,"href":"https:\/\/www.europesays.com\/de\/wp-json\/wp\/v2\/posts\/1095998\/revisions"}],"wp:featuredmedia":[{"embeddable":true,"href":"https:\/\/www.europesays.com\/de\/wp-json\/wp\/v2\/media\/1095999"}],"wp:attachment":[{"href":"https:\/\/www.europesays.com\/de\/wp-json\/wp\/v2\/media?parent=1095998"}],"wp:term":[{"taxonomy":"category","embeddable":true,"href":"https:\/\/www.europesays.com\/de\/wp-json\/wp\/v2\/categories?post=1095998"},{"taxonomy":"post_tag","embeddable":true,"href":"https:\/\/www.europesays.com\/de\/wp-json\/wp\/v2\/tags?post=1095998"}],"curies":[{"name":"wp","href":"https:\/\/api.w.org\/{rel}","templated":true}]}}