{"id":1096020,"date":"2026-06-15T11:39:17","date_gmt":"2026-06-15T11:39:17","guid":{"rendered":"https:\/\/www.europesays.com\/de\/1096020\/"},"modified":"2026-06-15T11:39:17","modified_gmt":"2026-06-15T11:39:17","slug":"block-prozess-15-jahre-alte-block-tochter-besucht-hamburg-aber-nicht-ihre-mutter","status":"publish","type":"post","link":"https:\/\/www.europesays.com\/de\/1096020\/","title":{"rendered":"Block-Prozess: 15 Jahre alte Block-Tochter besucht Hamburg \u2013 aber nicht ihre Mutter"},"content":{"rendered":"<p class=\"is-first-paragraph\" data-external=\"Article.FirstParagraph\">Im Block-Prozess hat der Chef der mutma\u00dflichen Entf\u00fchrer die Reaktion der Kinder bei der R\u00fcckholaktion geschildert. \u201eDie Kinder haben geweint, sie waren geschockt und sehr ungl\u00fccklich\u201c, sagte der Zeuge David Barkay aus Israel bei der Fortsetzung seiner Befragung vor dem Landgericht Hamburg. \u201eEs tat mir sehr leid f\u00fcr sie.\u201c<\/p>\n<p>Der damals zehnj\u00e4hrige Junge und das 13-j\u00e4hrige M\u00e4dchen waren in der Silvesternacht 2023\/24 in ein Auto gezerrt worden. Er habe seinem Team vor der Tat die Anweisung gegeben, \u201ejegliche Gewalt zu minimieren\u201c, es so \u201emenschlich\u201c wie m\u00f6glich auszuf\u00fchren. Auf die Frage der Nebenklage, ob die M\u00e4nner Waffen getragen h\u00e4tten, antwortete der Zeuge: \u201eNiemals.\u201c Der 68-J\u00e4hrige hatte f\u00fcr seine Aussage in Deutschland sicheres Geleit bekommen. M\u00f6glicherweise wird sp\u00e4ter gegen ihn gesondert verhandelt.<\/p>\n<p>Der angeklagten Unternehmerin Christina Block (53) wird vorgeworfen, einer israelischen Sicherheitsfirma den Auftrag zur Entf\u00fchrung ihrer beiden j\u00fcngsten Kinder vom Wohnort des Vaters in D\u00e4nemark erteilt zu haben. Die 53-J\u00e4hrige bestreitet das.<\/p>\n<p>\u201eMandantin ist sehr angeschlagen\u201c<\/p>\n<p>Blocks Anwalt merkte beim Auftakt des Prozesstages an: \u201eMeine Mandantin ist sehr angeschlagen heute.\u201c Sie habe am Wochenende erfahren, dass ihre inzwischen 15-j\u00e4hrige Tochter in Hamburg sei und mit einer Tante Kontakt hatte. Das habe sie sehr mitgenommen.<\/p>\n<p>Der R\u00fcckholaktion vorausgegangen war ein erbitterter Sorgerechtsstreit. Blocks Ex-Mann Stephan Hensel hatte die beiden j\u00fcngsten Kinder nach einem Wochenendbesuch im August 2021 in D\u00e4nemark nicht zur\u00fcck nach Hamburg gebracht.<\/p>\n","protected":false},"excerpt":{"rendered":"Im Block-Prozess hat der Chef der mutma\u00dflichen Entf\u00fchrer die Reaktion der Kinder bei der R\u00fcckholaktion geschildert. \u201eDie Kinder&hellip;\n","protected":false},"author":2,"featured_media":1096021,"comment_status":"","ping_status":"","sticky":false,"template":"","format":"standard","meta":{"footnotes":"","_share_on_mastodon":"0"},"categories":[1826],"tags":[39334,7038,77899,1160,29,10792,30,692,8923,52265,45],"class_list":["post-1096020","post","type-post","status-publish","format-standard","has-post-thumbnail","category-hamburg","tag-block","tag-block-house","tag-christina-tochter","tag-daenemark","tag-deutschland","tag-eugen","tag-germany","tag-hamburg","tag-lauterbach-joern","tag-prozesse-ks","tag-texttospeech"],"share_on_mastodon":{"url":"https:\/\/pubeurope.com\/@de\/116753935130803554","error":""},"_links":{"self":[{"href":"https:\/\/www.europesays.com\/de\/wp-json\/wp\/v2\/posts\/1096020","targetHints":{"allow":["GET"]}}],"collection":[{"href":"https:\/\/www.europesays.com\/de\/wp-json\/wp\/v2\/posts"}],"about":[{"href":"https:\/\/www.europesays.com\/de\/wp-json\/wp\/v2\/types\/post"}],"author":[{"embeddable":true,"href":"https:\/\/www.europesays.com\/de\/wp-json\/wp\/v2\/users\/2"}],"replies":[{"embeddable":true,"href":"https:\/\/www.europesays.com\/de\/wp-json\/wp\/v2\/comments?post=1096020"}],"version-history":[{"count":0,"href":"https:\/\/www.europesays.com\/de\/wp-json\/wp\/v2\/posts\/1096020\/revisions"}],"wp:featuredmedia":[{"embeddable":true,"href":"https:\/\/www.europesays.com\/de\/wp-json\/wp\/v2\/media\/1096021"}],"wp:attachment":[{"href":"https:\/\/www.europesays.com\/de\/wp-json\/wp\/v2\/media?parent=1096020"}],"wp:term":[{"taxonomy":"category","embeddable":true,"href":"https:\/\/www.europesays.com\/de\/wp-json\/wp\/v2\/categories?post=1096020"},{"taxonomy":"post_tag","embeddable":true,"href":"https:\/\/www.europesays.com\/de\/wp-json\/wp\/v2\/tags?post=1096020"}],"curies":[{"name":"wp","href":"https:\/\/api.w.org\/{rel}","templated":true}]}}