{"id":1096144,"date":"2026-06-15T12:52:20","date_gmt":"2026-06-15T12:52:20","guid":{"rendered":"https:\/\/www.europesays.com\/de\/1096144\/"},"modified":"2026-06-15T12:52:20","modified_gmt":"2026-06-15T12:52:20","slug":"duesseldorf-kirchengemeinden-im-norden-feiern-die-fusion","status":"publish","type":"post","link":"https:\/\/www.europesays.com\/de\/1096144\/","title":{"rendered":"D\u00fcsseldorf: Kirchengemeinden im Norden feiern die Fusion"},"content":{"rendered":"<p class=\"text_ohne_einzug richtext text-em-55 !leading-serif mx-6 desktop:mx-0\"> Am 1. Januar fusionierten zehn katholische Gemeinden im D\u00fcsseldorfer Norden zu einer Pfarrei. Damit will die Kirche Kr\u00e4fte b\u00fcndeln, Synergien nutzen \u2013 und zukunftsf\u00e4hig bleiben. Inzwischen sind der neue Kirchenvorstand und der Pfarreirat St. Suitbertus gew\u00e4hlt und die Gremien haben ihre Arbeit aufgenommen. Das ist f\u00fcr die neue Pfarrei ein Grund, in und um die neue Pfarrkirche, die Kaiserswerther Basilika, zu feiern.<\/p>\n<p class=\"richtext text-em-55 !leading-serif mx-6 desktop:mx-0\">Das Fusionsfest beginnt am Sonntag, 21. Juni, um 15 Uhr mit der Feier einer heiligen Messe in der Basilika am Kaiserswerther Stiftsplatz. Danach wird auf dem Platz rund um das Gotteshaus und im Pfarrgarten weiter gefeiert. Beim Jahrmarkt der Gemeinden und der Familienzentren stellen sich die Ortsaussch\u00fcsse der Ortsgemeinden vor. Auch <a href=\"https:\/\/rp-online.de\/thema\/essen\/\" rel=\"nofollow noopener\" target=\"_blank\">Essen<\/a> und Getr\u00e4nke werden angeboten.<\/p>\n<p class=\"richtext text-em-55 !leading-serif mx-6 desktop:mx-0\">\u201eAlle Gemeindemitglieder, Familien, Freunde sowie Interessierte sind eingeladen, bei einem gemeinsamen Beisammensein die Fusion zu feiern, ins Gespr\u00e4ch zu kommen und zu erleben, wie reich und vielf\u00e4ltig das Leben in den Ortsgemeinden unserer gro\u00dfen Pfarrei ist\u201c, sagt der leitende Pfarrer Oliver Dregger. \u201eDas Fest soll ein starkes Zeichen f\u00fcr das Leben der katholischen Kirche im Norden D\u00fcsseldorfs sein.\u201c<\/p>\n<p class=\"richtext text-em-55 !leading-serif mx-6 desktop:mx-0\">Die neue Pfarrgemeinde St.\u2005Suitbertus ist mit etwa 55\u2005Quadratkilometern fl\u00e4chenm\u00e4\u00dfig die gr\u00f6\u00dfte aller sieben pastoralen Einheiten im katholischen Stadtdekanat D\u00fcsseldorf. Sie erstreckt sich \u00fcber drei von zehn Stadtbezirken, in denen rund 18.500\u2005Gl\u00e4ubige leben. Vertreten sind die Stadtteile Angermund, Wittlaer, Kalkum, Kaiserswerth, Golzheim, Lohausen, Stockum, Unterrath und Lichtenbroich. Die Pfarrei gliedert sich in zehn Ortsgemeinden: die Pfarrkirche St. Suitbertus, Heilige Familie, St. Agnes, St. Albertus Magnus, St. Bruno, St. Lambertus, St. Mari\u00e4 Himmelfahrt, St. Maria K\u00f6nigin, St. Maria unter dem Kreuze und St. Remigius.<\/p>\n","protected":false},"excerpt":{"rendered":"Am 1. Januar fusionierten zehn katholische Gemeinden im D\u00fcsseldorfer Norden zu einer Pfarrei. Damit will die Kirche Kr\u00e4fte&hellip;\n","protected":false},"author":2,"featured_media":1096145,"comment_status":"","ping_status":"","sticky":false,"template":"","format":"standard","meta":{"footnotes":"","_share_on_mastodon":"0"},"categories":[1831],"tags":[3274,3364,29,3405,22140,25560,81909,232424,17418,81911,9331,30,15762,71168,22028,1209,232423,44992,114713],"class_list":["post-1096144","post","type-post","status-publish","format-standard","has-post-thumbnail","category-duesseldorf","tag-kirche","tag-de","tag-deutschland","tag-duesseldorf","tag-feier","tag-fusion","tag-fusioniert","tag-fusionsfest","tag-gefeiert","tag-gemeindemitglieder","tag-gemeinden","tag-germany","tag-kaiserswerth","tag-kirchengemeinden","tag-norden","tag-nordrhein-westfalen","tag-ortsgemeinden","tag-pfarrei","tag-pfarreirat"],"share_on_mastodon":{"url":"https:\/\/pubeurope.com\/@de\/116754222169868895","error":""},"_links":{"self":[{"href":"https:\/\/www.europesays.com\/de\/wp-json\/wp\/v2\/posts\/1096144","targetHints":{"allow":["GET"]}}],"collection":[{"href":"https:\/\/www.europesays.com\/de\/wp-json\/wp\/v2\/posts"}],"about":[{"href":"https:\/\/www.europesays.com\/de\/wp-json\/wp\/v2\/types\/post"}],"author":[{"embeddable":true,"href":"https:\/\/www.europesays.com\/de\/wp-json\/wp\/v2\/users\/2"}],"replies":[{"embeddable":true,"href":"https:\/\/www.europesays.com\/de\/wp-json\/wp\/v2\/comments?post=1096144"}],"version-history":[{"count":0,"href":"https:\/\/www.europesays.com\/de\/wp-json\/wp\/v2\/posts\/1096144\/revisions"}],"wp:featuredmedia":[{"embeddable":true,"href":"https:\/\/www.europesays.com\/de\/wp-json\/wp\/v2\/media\/1096145"}],"wp:attachment":[{"href":"https:\/\/www.europesays.com\/de\/wp-json\/wp\/v2\/media?parent=1096144"}],"wp:term":[{"taxonomy":"category","embeddable":true,"href":"https:\/\/www.europesays.com\/de\/wp-json\/wp\/v2\/categories?post=1096144"},{"taxonomy":"post_tag","embeddable":true,"href":"https:\/\/www.europesays.com\/de\/wp-json\/wp\/v2\/tags?post=1096144"}],"curies":[{"name":"wp","href":"https:\/\/api.w.org\/{rel}","templated":true}]}}