{"id":109621,"date":"2025-05-14T09:53:11","date_gmt":"2025-05-14T09:53:11","guid":{"rendered":"https:\/\/www.europesays.com\/de\/109621\/"},"modified":"2025-05-14T09:53:11","modified_gmt":"2025-05-14T09:53:11","slug":"filmvorfuehrung-beim-kunstverein","status":"publish","type":"post","link":"https:\/\/www.europesays.com\/de\/109621\/","title":{"rendered":"Filmvorf\u00fchrung beim Kunstverein"},"content":{"rendered":"<p class=\"paragraph --regular --color\" data-v-a4a747d8=\"\" data-v-0c32301e=\"\">R\u00fcsselsheim. Der Kunstverein R\u00fcsselsheim l\u00e4dt zur Filmvorf\u00fchrung \u201eAnselm\u2014das Rauschen der Zeit\u201c ein. Wim Wenders portr\u00e4tiert darin den renommierten K\u00fcnstler Anselm Kiefer. Wenders reiste \u00fcber zwei Jahre, um Kiefers f\u00fcnf Jahrzehnte umfassende Karriere in Deutschland und Frankreich zu dokumentieren. Der Film wirft einen Blick auf bedeutende Lebens- und Schaffensorte Kiefers. Die Vorf\u00fchrung findet am Donnerstag, 22. Mai, um 19 Uhr im Haus Katharina von Bora, Marktstr. 7, statt. Eintritt frei, Spenden willkommen.<\/p>\n","protected":false},"excerpt":{"rendered":"R\u00fcsselsheim. Der Kunstverein R\u00fcsselsheim l\u00e4dt zur Filmvorf\u00fchrung \u201eAnselm\u2014das Rauschen der Zeit\u201c ein. Wim Wenders portr\u00e4tiert darin den renommierten&hellip;\n","protected":false},"author":2,"featured_media":91450,"comment_status":"","ping_status":"","sticky":false,"template":"","format":"standard","meta":{"footnotes":""},"categories":[1847],"tags":[16797,16796,16787,16795,16785,3364,29,16786,16784,16783,16791,427,548,663,3934,347,30,16794,16788,13,16790,2052,80,5882,2249,14,15,16789,16793,5661,12,265,16798,7195,16792,4544],"class_list":{"0":"post-109621","1":"post","2":"type-post","3":"status-publish","4":"format-standard","5":"has-post-thumbnail","7":"category-wiesbaden","8":"tag-beerfelden","9":"tag-bensheim","10":"tag-bergstrasse","11":"tag-bickenbach","12":"tag-darmstadt","13":"tag-de","14":"tag-deutschland","15":"tag-dieburg","16":"tag-echo-online","17":"tag-echo-zeitungen","18":"tag-erbach","19":"tag-esa","20":"tag-eu","21":"tag-europa","22":"tag-europe","23":"tag-fussball","24":"tag-germany","25":"tag-gross-bieberau","26":"tag-gross-gerau","27":"tag-headlines","28":"tag-heppenheim","29":"tag-hessen","30":"tag-kultur","31":"tag-lokalsport","32":"tag-meldungen","33":"tag-nachrichten","34":"tag-news","35":"tag-odenwald","36":"tag-pfungstadt","37":"tag-ruesselsheim","38":"tag-schlagzeilen","39":"tag-sport","40":"tag-sv-98","41":"tag-vereine","42":"tag-weiterstadt","43":"tag-wiesbaden"},"share_on_mastodon":{"url":"https:\/\/pubeurope.com\/@de\/114505580764257290","error":""},"_links":{"self":[{"href":"https:\/\/www.europesays.com\/de\/wp-json\/wp\/v2\/posts\/109621","targetHints":{"allow":["GET"]}}],"collection":[{"href":"https:\/\/www.europesays.com\/de\/wp-json\/wp\/v2\/posts"}],"about":[{"href":"https:\/\/www.europesays.com\/de\/wp-json\/wp\/v2\/types\/post"}],"author":[{"embeddable":true,"href":"https:\/\/www.europesays.com\/de\/wp-json\/wp\/v2\/users\/2"}],"replies":[{"embeddable":true,"href":"https:\/\/www.europesays.com\/de\/wp-json\/wp\/v2\/comments?post=109621"}],"version-history":[{"count":0,"href":"https:\/\/www.europesays.com\/de\/wp-json\/wp\/v2\/posts\/109621\/revisions"}],"wp:featuredmedia":[{"embeddable":true,"href":"https:\/\/www.europesays.com\/de\/wp-json\/wp\/v2\/media\/91450"}],"wp:attachment":[{"href":"https:\/\/www.europesays.com\/de\/wp-json\/wp\/v2\/media?parent=109621"}],"wp:term":[{"taxonomy":"category","embeddable":true,"href":"https:\/\/www.europesays.com\/de\/wp-json\/wp\/v2\/categories?post=109621"},{"taxonomy":"post_tag","embeddable":true,"href":"https:\/\/www.europesays.com\/de\/wp-json\/wp\/v2\/tags?post=109621"}],"curies":[{"name":"wp","href":"https:\/\/api.w.org\/{rel}","templated":true}]}}