{"id":1096354,"date":"2026-06-15T14:50:14","date_gmt":"2026-06-15T14:50:14","guid":{"rendered":"https:\/\/www.europesays.com\/de\/1096354\/"},"modified":"2026-06-15T14:50:14","modified_gmt":"2026-06-15T14:50:14","slug":"ehrenamt-im-kreis-viersen-land-uebernimmt-musikgebuehren-fuer-vereinsfeste","status":"publish","type":"post","link":"https:\/\/www.europesays.com\/de\/1096354\/","title":{"rendered":"Ehrenamt im Kreis Viersen: Land \u00fcbernimmt Musikgeb\u00fchren f\u00fcr Vereinsfeste"},"content":{"rendered":"<p class=\"richtext text-em-55 !leading-serif mx-6 desktop:mx-0\">Guido G\u00f6rtz (CDU), direkt gew\u00e4hlter Landtagsabgeordneter f\u00fcr <a href=\"https:\/\/rp-online.de\/thema\/willich\/\" rel=\"nofollow noopener\" target=\"_blank\">Willich<\/a>, Viersen und <a href=\"https:\/\/rp-online.de\/thema\/schwalmtal\/\" rel=\"nofollow noopener\" target=\"_blank\">Schwalmtal<\/a>, lobt die neue Regelung: \u201eDas ist ein starkes Signal f\u00fcr das Ehrenamt in unserem Land\u201c, teilt G\u00f6rtz mit. Viele Vereine leisteten einen unverzichtbaren Beitrag f\u00fcr den gesellschaftlichen Zusammenhalt. \u201eEs ist daher richtig, sie von b\u00fcrokratischen und finanziellen Belastungen zu entlasten\u201c, so der Landtagsabgeordnete.<\/p>\n<p class=\"richtext text-em-55 !leading-serif mx-6 desktop:mx-0\">Von der Regelung k\u00f6nnen G\u00f6rtz zufolge rund 33.500 gemeinn\u00fctzige, mildt\u00e4tige und kirchliche Organisationen profitieren, deren Arbeit \u00fcberwiegend ehrenamtlich getragen wird. Voraussetzung ist unter anderem, dass die Veranstaltungen kostenlos zug\u00e4nglich sind, vorab bei der Gema angemeldet werden und die festgelegten Rahmenbedingungen erf\u00fcllen.<\/p>\n<p class=\"richtext text-em-55 !leading-serif mx-6 desktop:mx-0\">Einige Dinge sind zu beachten: Von der Regelung profitieren nur Vereine und Organisationen, deren offizieller Sitz in NRW ist, pro Organisation k\u00f6nnen bis zu vier Veranstaltungstage pro Kalenderjahr \u00fcber den Vertrag abgerechnet werden. Die Veranstaltungsfl\u00e4che darf maximal 500 Quadratmeter gro\u00df sein, Veranstaltungen mit gr\u00f6\u00dferer Fl\u00e4che sind durch den Pauschalvertrag nicht abgedeckt. Unter <a href=\"https:\/\/www.gema.de\/de\/musiknutzer\/kampagnen\/ehrenamtliche-vereine-in-nrw\" target=\"_blank\" rel=\"nofollow noopener\">https:\/\/www.gema.de\/de\/musiknutzer\/kampagnen\/ehrenamtliche-vereine-in-nrw<\/a> k\u00f6nnen sich Vereine \u00fcber die Regelung informieren und ihre Veranstaltungen anmelden.<\/p>\n<p class=\"richtext text-em-55 !leading-serif mx-6 desktop:mx-0\">Noch sind durch den Pauschalvertrag nur bestimmte Veranstaltungsformate abgedeckt, Festumz\u00fcge beispielsweise nicht. G\u00f6rtz zufolge wollen Land und Gema aber pr\u00fcfen, ob k\u00fcnftig auch Karnevals- und Sch\u00fctzenfestumz\u00fcge in den Rahmenvertrag aufgenommen werden k\u00f6nnen. Dabei geht es um Umz\u00fcge mit technischer Beschallung. \u201eBei Martinsz\u00fcgen, bei denen Kapellen ohne technische Unterst\u00fctzung traditionelle Martinslieder spielen, fallen f\u00fcr die Veranstalter keine Geb\u00fchren an\u201c, erkl\u00e4rt G\u00f6rtz. Das gelte auch f\u00fcr Karnevals- und Sch\u00fctzenfestumz\u00fcge. Allein an den Regelungen f\u00fcr Umz\u00fcge mit technischer Unterst\u00fctzung bei der Musik arbeite man noch. \u201eDie Vereinbarung st\u00e4rkt das Ehrenamt und das kulturelle Leben vor Ort. Davon profitieren Vereine, Ehrenamtliche und die Menschen in unseren St\u00e4dten und Gemeinden gleicherma\u00dfen\u201c, so G\u00f6rtz.<\/p>\n","protected":false},"excerpt":{"rendered":"Guido G\u00f6rtz (CDU), direkt gew\u00e4hlter Landtagsabgeordneter f\u00fcr Willich, Viersen und Schwalmtal, lobt die neue Regelung: \u201eDas ist ein&hellip;\n","protected":false},"author":2,"featured_media":1096355,"comment_status":"","ping_status":"","sticky":false,"template":"","format":"standard","meta":{"footnotes":"","_share_on_mastodon":"0"},"categories":[1849],"tags":[232456,3364,29,5393,48814,548,663,3934,136577,30,35746,13,3414,34922,232458,4455,14,15,1209,176,9860,232455,232457,58291,12,3866,7195,286],"class_list":["post-1096354","post","type-post","status-publish","format-standard","has-post-thumbnail","category-moenchengladbach","tag-2fehrenamtliche","tag-de","tag-deutschland","tag-ehrenamt","tag-ehrenamtlich","tag-eu","tag-europa","tag-europe","tag-gema","tag-germany","tag-goertz","tag-headlines","tag-land","tag-landtagsabgeordnete","tag-landtagsabgeordneter","tag-moenchengladbach","tag-nachrichten","tag-news","tag-nordrhein-westfalen","tag-nrw","tag-organisation","tag-pauschalvertrag","tag-rahmenvertrag","tag-regelung","tag-schlagzeilen","tag-veranstaltungen","tag-vereine","tag-vertrag"],"share_on_mastodon":{"url":"https:\/\/pubeurope.com\/@de\/116754686112673771","error":""},"_links":{"self":[{"href":"https:\/\/www.europesays.com\/de\/wp-json\/wp\/v2\/posts\/1096354","targetHints":{"allow":["GET"]}}],"collection":[{"href":"https:\/\/www.europesays.com\/de\/wp-json\/wp\/v2\/posts"}],"about":[{"href":"https:\/\/www.europesays.com\/de\/wp-json\/wp\/v2\/types\/post"}],"author":[{"embeddable":true,"href":"https:\/\/www.europesays.com\/de\/wp-json\/wp\/v2\/users\/2"}],"replies":[{"embeddable":true,"href":"https:\/\/www.europesays.com\/de\/wp-json\/wp\/v2\/comments?post=1096354"}],"version-history":[{"count":0,"href":"https:\/\/www.europesays.com\/de\/wp-json\/wp\/v2\/posts\/1096354\/revisions"}],"wp:featuredmedia":[{"embeddable":true,"href":"https:\/\/www.europesays.com\/de\/wp-json\/wp\/v2\/media\/1096355"}],"wp:attachment":[{"href":"https:\/\/www.europesays.com\/de\/wp-json\/wp\/v2\/media?parent=1096354"}],"wp:term":[{"taxonomy":"category","embeddable":true,"href":"https:\/\/www.europesays.com\/de\/wp-json\/wp\/v2\/categories?post=1096354"},{"taxonomy":"post_tag","embeddable":true,"href":"https:\/\/www.europesays.com\/de\/wp-json\/wp\/v2\/tags?post=1096354"}],"curies":[{"name":"wp","href":"https:\/\/api.w.org\/{rel}","templated":true}]}}