{"id":1096359,"date":"2026-06-15T14:55:14","date_gmt":"2026-06-15T14:55:14","guid":{"rendered":"https:\/\/www.europesays.com\/de\/1096359\/"},"modified":"2026-06-15T14:55:14","modified_gmt":"2026-06-15T14:55:14","slug":"anklage-wegen-versuchten-totschlags-in-aichach-alles-nur-wegen-einer-verschwundenen-katze","status":"publish","type":"post","link":"https:\/\/www.europesays.com\/de\/1096359\/","title":{"rendered":"Anklage wegen versuchten Totschlags in Aichach: Alles nur wegen einer verschwundenen Katze?"},"content":{"rendered":"<p class=\"mb-6 text-xs-varying md:text-m lg:text-l font-serif group-[.font-sans]:font-sans \">\n    Es ist ein warmer Abend am 20. September 2025. Es ist bereits dunkel, als die Funkstreife der Polizei die ansonsten ruhige Wohnstra\u00dfe nahe der Aichacher Innenstadt erreicht. Der Beamte schaltet um 18.07 Uhr seine Bodycam an. Die kleine Kamera, die an seiner Uniform befestigt ist, zeichnet das weitere Geschehen per Video auf. Als der Beamte und seine Kollegin aussteigen, ist Geschrei zu h\u00f6ren. An die 20 Menschen stehen auf der Gartenstra\u00dfe herum, etliche schreien wild durcheinander. Eine Frau rennt mit erhobenen H\u00e4nden wie beschw\u00f6rend auf die Polizisten zu und ruft: \u201eEr hat ein Messer.\u201c\n  <\/p>\n<p class=\"mb-6 text-xs-varying md:text-m lg:text-l font-serif group-[.font-sans]:font-sans \">\n    Sie deutet auf einen st\u00e4mmigen Mann in Jeans und aufgekn\u00f6pftem Hemd. \u201eH\u00e4nde hoch, auf den Boden legen!\u201c, befiehlt der Polizist. Der Mann legt sich hin, seine H\u00e4nde werden gefesselt. Ein Messer wird bei ihm in diesen Sekunden nicht gefunden. \u201eIch hab keines\u201c, schreit der Mann. \u201eIch hab nix gemacht.\u201c Immer wieder beklagt er laustark, dass jemand seine Katze \u201ePablo\u201c geklaut habe. Mehrmals mischen sich Angeh\u00f6rige in das Gebr\u00fcll ein. Erst nach einer halben Stunde beruhigt sich die Situation etwas.\n  <\/p>\n<p>            Video einer Bodycam der Polizei zeigt Einsatz an der Gartenstra\u00dfe in Aichach<\/p>\n<p class=\"mb-6 text-xs-varying md:text-m lg:text-l font-serif group-[.font-sans]:font-sans \">\n    Das fast einst\u00fcndige Video der Bodycam l\u00e4uft an diesem Montag \u00fcber den Bildschirm im Sitzungssaal 101 des Augsburger Strafjustizzentrums. Der Mann, der vor knapp neun Monaten die Hauptrolle bei dem Polizeieinsatz spielte, muss sich das Video als Angeklagter ansehen. Was sich durch umfangreiche Ermittlungen der Kripo ergab, f\u00fchrte zu einer Anklage vor dem Augsburger Schwurgericht wegen versuchten Totschlags und weiterer Gewaltdelikte. Am Montagvormittag begann der auf sechs Tage terminierte Prozess, zu dem das Gericht unter Vorsitz von Michael Eberle an die 15 Zeugen und einen Gutachter geladen hat.\n  <\/p>\n<p class=\"mb-6 text-xs-varying md:text-m lg:text-l font-serif group-[.font-sans]:font-sans \">\n    Helmut K. (Name ge\u00e4ndert), 35, wird aus der Untersuchungshaft in der Justizvollzugsanstalt Gablingen in den Sitzungssaal gef\u00fchrt. Er winkt kurz einer kleinen Gruppe von Angeh\u00f6rigen im Zuschauerraum, wirft ihnen eine Kusshand zu. Die Ermittlungen der Kripo m\u00fcndeten in einer dreiteiligen Anklage, die Staatsanwalt Stefan Hauke vortr\u00e4gt. Er wirft dem 35-J\u00e4hrigen (Verteidiger: Helmut Linck und Dalibor Cvetkovic) neben einem Verbrechen des versuchten Totschlags auch K\u00f6rperverletzung, Beleidigung und versuchte sexuelle N\u00f6tigung vor.\n  <\/p>\n<p>            Staatsanwaltschaft wirft Mann auch K\u00f6rperverletzung und versuchte sexuelle N\u00f6tigung vor<\/p>\n<p class=\"mb-6 text-xs-varying md:text-m lg:text-l font-serif group-[.font-sans]:font-sans \">\n    Zweimal ist der Anklage zufolge eine Nachbarin der Schwester des Angeklagten Opfer. Am 15. August 2025 soll er die Frau auf den Unterarm geschlagen, sie als \u201eSchlampe und Hure\u201c beschimpft haben. Einen Monat sp\u00e4ter soll er versucht haben, die Frau zweimal auf den Mund zu k\u00fcssen, und sie an den Haaren gezogen haben.\n  <\/p>\n<p class=\"mb-6 text-xs-varying md:text-m lg:text-l font-serif group-[.font-sans]:font-sans \">\n    <a href=\"https:\/\/www.augsburger-allgemeine.de\/aichach\/aichach-35-jaehriger-bedroht-26-jaehrigen-mit-messer-ermittlungen-wegen-versuchten-totschlags-111238401\" target=\"_self\" class=\"underline \" rel=\"nofollow noopener\">Wenig sp\u00e4ter soll es zu einem folgenschweren Streit mit einem Anwohner gekommen sein.<\/a> Weil Helmut K. vor dem Haus seiner Schwester herumschrie, soll ihn der Anwohner, der von einer Grillfeier nach Hause kam, gebeten haben, \u201eetwas leiser zu sein\u201c. Der Angeklagte soll daraufhin mit seiner Stirn gegen den Kopf des Nachbarn gedr\u00fcckt und ihn nach hinten geschoben haben.\n  <\/p>\n<p>            Angeklagter soll zu Opfer gesagt haben: \u201eMusst froh sein, dass ich dich nicht get\u00f6tet habe\u201c<\/p>\n<p class=\"mb-6 text-xs-varying md:text-m lg:text-l font-serif group-[.font-sans]:font-sans \">\n    Danach, so wirft ihm die Anklage vor, zog Helmut K. ein Klappmesser mit einer Klingenl\u00e4nge von 6,5 Zentimetern, das sp\u00e4ter doch noch gefunden wurde. Er holte schwungvoll aus und stach in Richtung des Halses des Anwohners, \u201eum diesen zu t\u00f6ten\u201c, wie es in der Anklage hei\u00dft. Das Opfer sei nach hinten ausgewichen. Zudem habe ein Zeuge den Angeklagten geistesgegenw\u00e4rtig an der Schulter festgehalten. Das Opfer konnte sich unverletzt in ein Haus retten. Der Angeklagte versuchte vergeblich, ihm zu folgen. Daraufhin soll er gesagt haben: \u201eDu musst froh sein, dass ich dich nicht get\u00f6tet habe.\u201c Auch weitere Zeugen soll der Angeklagte bedroht haben.\n  <\/p>\n<p class=\"mb-6 text-xs-varying md:text-m lg:text-l font-serif group-[.font-sans]:font-sans \">\n    Knapp neun Monate danach gibt er sich als im Gef\u00e4ngnis gel\u00e4uterter S\u00fcnder. Sein Verteidiger Helmut Linck verliest eine Erkl\u00e4rung, in der Helmut K. alle Vorw\u00fcrfe \u2013 bis auf den Kernvorwurf \u2013 einr\u00e4umt. Der Angeklagte habe sich damals nach der Trennung seiner Ehefrau, die ihn wegen eines anderen Mannes verlassen habe, emotional in einer Ausnahmesituation befunden. Er habe Alkohol und Drogen konsumiert. \u201eEr war nicht mehr seiner selbst\u201c, formuliert es der Anwalt.\n  <\/p>\n<p>            Angeklagter spielt Versuch, die Nachbarin zu k\u00fcssen, als \u201eScherz\u201c herunter<\/p>\n<p class=\"mb-6 text-xs-varying md:text-m lg:text-l font-serif group-[.font-sans]:font-sans \">\n    Den Vorwurf, mit Gewalt versucht zu haben, die Nachbarin zu k\u00fcssen, spielt der Angeklagte als \u201eScherz\u201c herunter. Niemals, so hei\u00dft es in der Erkl\u00e4rung, habe er mit dem Messer seinen Nachbarn verletzen oder gar t\u00f6ten wollen. An jenem Abend sei er emotional aufgew\u00fchlt gewesen, weil die Katze seiner Schwester verschwunden sei. Er habe sich aggressiv verhalten, der Nachbar habe ihn aber zuerst mit der Faust geschlagen. Deshalb habe er das Messer gezogen. \u201eEs war nur eine drohende Bewegung, kein gezielter Stich gegen den Hals.\u201c Er habe sein Gegen\u00fcber \u201enur\u201c in Angst versetzen wollen. Der Prozess wird am Montag, 6. Juli, fortgesetzt.\n  <\/p>\n","protected":false},"excerpt":{"rendered":"Es ist ein warmer Abend am 20. September 2025. Es ist bereits dunkel, als die Funkstreife der Polizei&hellip;\n","protected":false},"author":2,"featured_media":1096360,"comment_status":"","ping_status":"","sticky":false,"template":"","format":"standard","meta":{"footnotes":"","_share_on_mastodon":"0"},"categories":[1846],"tags":[145714,680,772,3364,29,548,663,3934,32659,30,13,232459,232460,3523,2485,682,983,14,15,121,1269,12],"class_list":["post-1096359","post","type-post","status-publish","format-standard","has-post-thumbnail","category-augsburg","tag-aichach","tag-augsburg","tag-bayern","tag-de","tag-deutschland","tag-eu","tag-europa","tag-europe","tag-gartenstrasse","tag-germany","tag-headlines","tag-helmut-k","tag-helmut-linck","tag-kamera","tag-katze","tag-koerperverletzung","tag-kripo","tag-nachrichten","tag-news","tag-polizei","tag-prozess","tag-schlagzeilen"],"share_on_mastodon":{"url":"https:\/\/pubeurope.com\/@de\/116754705756728326","error":""},"_links":{"self":[{"href":"https:\/\/www.europesays.com\/de\/wp-json\/wp\/v2\/posts\/1096359","targetHints":{"allow":["GET"]}}],"collection":[{"href":"https:\/\/www.europesays.com\/de\/wp-json\/wp\/v2\/posts"}],"about":[{"href":"https:\/\/www.europesays.com\/de\/wp-json\/wp\/v2\/types\/post"}],"author":[{"embeddable":true,"href":"https:\/\/www.europesays.com\/de\/wp-json\/wp\/v2\/users\/2"}],"replies":[{"embeddable":true,"href":"https:\/\/www.europesays.com\/de\/wp-json\/wp\/v2\/comments?post=1096359"}],"version-history":[{"count":0,"href":"https:\/\/www.europesays.com\/de\/wp-json\/wp\/v2\/posts\/1096359\/revisions"}],"wp:featuredmedia":[{"embeddable":true,"href":"https:\/\/www.europesays.com\/de\/wp-json\/wp\/v2\/media\/1096360"}],"wp:attachment":[{"href":"https:\/\/www.europesays.com\/de\/wp-json\/wp\/v2\/media?parent=1096359"}],"wp:term":[{"taxonomy":"category","embeddable":true,"href":"https:\/\/www.europesays.com\/de\/wp-json\/wp\/v2\/categories?post=1096359"},{"taxonomy":"post_tag","embeddable":true,"href":"https:\/\/www.europesays.com\/de\/wp-json\/wp\/v2\/tags?post=1096359"}],"curies":[{"name":"wp","href":"https:\/\/api.w.org\/{rel}","templated":true}]}}