{"id":1096376,"date":"2026-06-15T15:04:23","date_gmt":"2026-06-15T15:04:23","guid":{"rendered":"https:\/\/www.europesays.com\/de\/1096376\/"},"modified":"2026-06-15T15:04:23","modified_gmt":"2026-06-15T15:04:23","slug":"die-kanupolo-bundesliga-zu-gast-in-wuppertal","status":"publish","type":"post","link":"https:\/\/www.europesays.com\/de\/1096376\/","title":{"rendered":"Die Kanupolo-Bundesliga zu Gast in Wuppertal"},"content":{"rendered":"<p class=\"text_ohne_einzug richtext text-em-55 !leading-serif mx-6 desktop:mx-0\">Der Wuppertaler Kanu-Club (WKC) hat am zweiten Spieltag der 1. Kanupolo-Bundesliga ein deutliches Lebenszeichen gesendet. In Essen holte der WKC mit Unterst\u00fctzung der beiden ausl\u00e4ndischen Erg\u00e4nzungsspieler Fergal McConway (Irland) und Etore Romano (Italien) drei Siege und ein Unentschieden und sammelte damit wichtige Punkte im Kampf um den Klassenerhalt.<\/p>\n","protected":false},"excerpt":{"rendered":"Der Wuppertaler Kanu-Club (WKC) hat am zweiten Spieltag der 1. Kanupolo-Bundesliga ein deutliches Lebenszeichen gesendet. In Essen holte&hellip;\n","protected":false},"author":2,"featured_media":1096377,"comment_status":"","ping_status":"","sticky":false,"template":"","format":"standard","meta":{"footnotes":"","_share_on_mastodon":"0"},"categories":[1840],"tags":[39682,48561,299,3364,29,30,87615,15872,12177,1209,18354,9387,5725,113814,36508,8427,9789,64666,87613,4418],"class_list":["post-1096376","post","type-post","status-publish","format-standard","has-post-thumbnail","category-wuppertal","tag-kanu","tag-beyenburger","tag-bundesliga","tag-de","tag-deutschland","tag-germany","tag-kanupolo","tag-klassenerhalt","tag-nationalspieler","tag-nordrhein-westfalen","tag-richtet","tag-saison","tag-spiel","tag-spielklasse","tag-spielt","tag-spieltag","tag-spielzeit","tag-stausee","tag-wkc","tag-wuppertal"],"share_on_mastodon":{"url":"https:\/\/pubeurope.com\/@de\/116754741212651616","error":""},"_links":{"self":[{"href":"https:\/\/www.europesays.com\/de\/wp-json\/wp\/v2\/posts\/1096376","targetHints":{"allow":["GET"]}}],"collection":[{"href":"https:\/\/www.europesays.com\/de\/wp-json\/wp\/v2\/posts"}],"about":[{"href":"https:\/\/www.europesays.com\/de\/wp-json\/wp\/v2\/types\/post"}],"author":[{"embeddable":true,"href":"https:\/\/www.europesays.com\/de\/wp-json\/wp\/v2\/users\/2"}],"replies":[{"embeddable":true,"href":"https:\/\/www.europesays.com\/de\/wp-json\/wp\/v2\/comments?post=1096376"}],"version-history":[{"count":0,"href":"https:\/\/www.europesays.com\/de\/wp-json\/wp\/v2\/posts\/1096376\/revisions"}],"wp:featuredmedia":[{"embeddable":true,"href":"https:\/\/www.europesays.com\/de\/wp-json\/wp\/v2\/media\/1096377"}],"wp:attachment":[{"href":"https:\/\/www.europesays.com\/de\/wp-json\/wp\/v2\/media?parent=1096376"}],"wp:term":[{"taxonomy":"category","embeddable":true,"href":"https:\/\/www.europesays.com\/de\/wp-json\/wp\/v2\/categories?post=1096376"},{"taxonomy":"post_tag","embeddable":true,"href":"https:\/\/www.europesays.com\/de\/wp-json\/wp\/v2\/tags?post=1096376"}],"curies":[{"name":"wp","href":"https:\/\/api.w.org\/{rel}","templated":true}]}}