{"id":1096819,"date":"2026-06-15T20:20:19","date_gmt":"2026-06-15T20:20:19","guid":{"rendered":"https:\/\/www.europesays.com\/de\/1096819\/"},"modified":"2026-06-15T20:20:19","modified_gmt":"2026-06-15T20:20:19","slug":"kies-abbau-am-niederrhein-ihk-nennt-ovg-urteil-zum-regionalplan-einen-tiefschlag","status":"publish","type":"post","link":"https:\/\/www.europesays.com\/de\/1096819\/","title":{"rendered":"Kies-Abbau am Niederrhein: IHK nennt OVG-Urteil zum Regionalplan einen \u201eTiefschlag\u201c"},"content":{"rendered":"<p class=\"text_ohne_einzug richtext text-em-55 !leading-serif mx-6 desktop:mx-0\">  Die Niederrheinische IHK bef\u00fcrchtet in dem Urteil des Oberverwaltungsgerichts (OVG) M\u00fcnster zum Regionalplan <a href=\"https:\/\/rp-online.de\/thema\/ruhr\/\" rel=\"nofollow noopener\" target=\"_blank\">Ruhr<\/a> einen \u201eR\u00fcckschlag f\u00fcr die Wirtschaft an Rhein und Ruhr\u201c. In einer Mitteilung sprach Stefan Dietzfelbinger, Hauptgesch\u00e4ftsf\u00fchrer der Niederrheinischen IHK, von einem \u201eTiefschlag f\u00fcr unsere Region\u201c. Ansiedlungen und Arbeitspl\u00e4tze st\u00fcnden auf der Kippe. Die Unternehmen br\u00e4uchten Planungssicherheit und Verl\u00e4sslichkeit. \u201eDas k\u00f6nnen wir im <a href=\"https:\/\/rp-online.de\/thema\/ruhrgebiet\/\" rel=\"nofollow noopener\" target=\"_blank\">Ruhrgebiet<\/a> nun nicht bieten.\u201c<\/p>\n<p class=\"richtext text-em-55 !leading-serif mx-6 desktop:mx-0\">Das Oberverwaltungsgericht (OVG) M\u00fcnster hatte am Freitag den Regionalplan Ruhr komplett f\u00fcr unwirksam erkl\u00e4rt. Bei der Planung seien Fehler passiert, die dieses Urteil unausweichlich gemacht h\u00e4tten, sagte der Vorsitzende Richter Hans-Joachim H\u00fcwelmeier. Im Prozess ging es eigentlich nur um die Regelungen des Regionalplans zum Abbau von Sand und Kies am <a href=\"https:\/\/rp-online.de\/thema\/niederrhein\/\" rel=\"nofollow noopener\" target=\"_blank\">Niederrhein<\/a>. Der Kreis <a href=\"https:\/\/rp-online.de\/thema\/wesel\/\" rel=\"nofollow noopener\" target=\"_blank\">Wesel<\/a> und die Kommunen <a href=\"https:\/\/rp-online.de\/thema\/kamp-lintfort\/\" rel=\"nofollow noopener\" target=\"_blank\">Kamp-Lintfort<\/a>, <a href=\"https:\/\/rp-online.de\/thema\/rheinberg\/\" rel=\"nofollow noopener\" target=\"_blank\">Rheinberg<\/a>, <a href=\"https:\/\/rp-online.de\/thema\/neukirchen-vluyn\/\" rel=\"nofollow noopener\" target=\"_blank\">Neukirchen-Vluyn<\/a>, Alpen, <a href=\"https:\/\/rp-online.de\/thema\/huenxe\/\" rel=\"nofollow noopener\" target=\"_blank\">H\u00fcnxe<\/a> und Hamminkeln hatten dagegen geklagt. Doch am Ende der m\u00fcndlichen Verhandlung hielt der 22. Senat den gesamten Plan f\u00fcr unwirksam.<\/p>\n<p class=\"richtext text-em-55 !leading-serif mx-6 desktop:mx-0\">\u201eDas bedeutet: Neue Bauprojekte und Investitionen h\u00e4ngen in der Schwebe\u201c, warnte die Niederrheinische IHK. Nach dem OVG-Urteil m\u00fcsse der gesamte Plan neu bewertet werden. Das k\u00f6nne mehrere Jahre dauern. \u201eF\u00fcr die Wirtschaft in <a href=\"https:\/\/rp-online.de\/thema\/duisburg\/\" rel=\"nofollow noopener\" target=\"_blank\">Duisburg<\/a> und am Niederrhein ist ein g\u00fcltiger Regionalplan unerl\u00e4sslich\u201c, sagte Dietzfelbinger. \u201eJetzt muss schnell, aber belastbar, nachgelegt werden.\u201c Der Regionalplan legt zum Beispiel fest, wo Wohnungen, Windanlagen, Gewerbegebiete entstehen k\u00f6nnen und Rohstoffe abgebaut werden. Er wurde vom RVR aufgelegt.<\/p>\n<p class=\"richtext text-em-55 !leading-serif mx-6 desktop:mx-0\">Auch die Kiesindustrie warnte vor den Folgen des Urteils. \u201eEs beantwortet nicht die Frage, wie die Bauwirtschaft k\u00fcnftig mit Sand und Kies f\u00fcr Wohnungen, Stra\u00dfen, Br\u00fccken, Schulen und die Energiewende versorgt werden soll\u201c, sagte Sascha Kruchen, Gesch\u00e4ftsf\u00fchrer von Zukunft Niederrhein, einer Initiative von Sand- und Kiesunternehmen. Er prophezeite eine \u201eweitere Verknappung der heimischen Rohstoffversorgung\u201c. Der Bau von Stra\u00dfen, Br\u00fccken, Schulen und Wohnungen werde dadurch teurer. \u201eDer Preis einer unsicheren Rohstoffversorgung landet am Ende in den Haushalten unserer St\u00e4dte und Gemeinden \u2013 und damit letztlich bei den B\u00fcrgerinnen und B\u00fcrgern.\u201c<\/p>\n<p class=\"richtext text-em-55 !leading-serif mx-6 desktop:mx-0\">Alpen und Rheinberg hatten erleichtert auf das Urteil reagiert, aber auch angek\u00fcndigt, die Folgen erst einmal zu pr\u00fcfen. Der Kreis Wesel erkl\u00e4rte, dass die Kommunen den RVR \u201eauf das Risiko f\u00fcr den gesamten Regionalplan Ruhr hingewiesen\u201c und vorgeschlagen h\u00e4tten, den Kies-Abbau im Regionalplan auszuklammern. Das sei aber nicht passiert. F\u00fcr die Kommunen bleibe entscheidend, \u201edass die besonderen Belastungen des Niederrheins durch den Kies- und Sandabbau angemessen ber\u00fccksichtigt werden\u201c, erkl\u00e4rte der Kreis Wesel.<\/p>\n","protected":false},"excerpt":{"rendered":"Die Niederrheinische IHK bef\u00fcrchtet in dem Urteil des Oberverwaltungsgerichts (OVG) M\u00fcnster zum Regionalplan Ruhr einen \u201eR\u00fcckschlag f\u00fcr die&hellip;\n","protected":false},"author":2,"featured_media":1096820,"comment_status":"","ping_status":"","sticky":false,"template":"","format":"standard","meta":{"footnotes":"","_share_on_mastodon":"0"},"categories":[1838],"tags":[3364,29,220802,3715,30,5665,8970,3716,71013,37351,1209,31298,5399,79277,5206,18524,5522,3856,1243,55],"class_list":["post-1096819","post","type-post","status-publish","format-standard","has-post-thumbnail","category-duisburg","tag-de","tag-deutschland","tag-dietzfelbinger","tag-duisburg","tag-germany","tag-ihk","tag-muenster","tag-niederrhein","tag-niederrheinische","tag-niederrheinischen","tag-nordrhein-westfalen","tag-ovg","tag-region","tag-regionalplan","tag-rhein","tag-rheinberg","tag-ruhr","tag-ruhrgebiet","tag-urteil","tag-wirtschaft"],"share_on_mastodon":{"url":"https:\/\/pubeurope.com\/@de\/116755983845722762","error":""},"_links":{"self":[{"href":"https:\/\/www.europesays.com\/de\/wp-json\/wp\/v2\/posts\/1096819","targetHints":{"allow":["GET"]}}],"collection":[{"href":"https:\/\/www.europesays.com\/de\/wp-json\/wp\/v2\/posts"}],"about":[{"href":"https:\/\/www.europesays.com\/de\/wp-json\/wp\/v2\/types\/post"}],"author":[{"embeddable":true,"href":"https:\/\/www.europesays.com\/de\/wp-json\/wp\/v2\/users\/2"}],"replies":[{"embeddable":true,"href":"https:\/\/www.europesays.com\/de\/wp-json\/wp\/v2\/comments?post=1096819"}],"version-history":[{"count":0,"href":"https:\/\/www.europesays.com\/de\/wp-json\/wp\/v2\/posts\/1096819\/revisions"}],"wp:featuredmedia":[{"embeddable":true,"href":"https:\/\/www.europesays.com\/de\/wp-json\/wp\/v2\/media\/1096820"}],"wp:attachment":[{"href":"https:\/\/www.europesays.com\/de\/wp-json\/wp\/v2\/media?parent=1096819"}],"wp:term":[{"taxonomy":"category","embeddable":true,"href":"https:\/\/www.europesays.com\/de\/wp-json\/wp\/v2\/categories?post=1096819"},{"taxonomy":"post_tag","embeddable":true,"href":"https:\/\/www.europesays.com\/de\/wp-json\/wp\/v2\/tags?post=1096819"}],"curies":[{"name":"wp","href":"https:\/\/api.w.org\/{rel}","templated":true}]}}