{"id":1096853,"date":"2026-06-15T20:39:16","date_gmt":"2026-06-15T20:39:16","guid":{"rendered":"https:\/\/www.europesays.com\/de\/1096853\/"},"modified":"2026-06-15T20:39:16","modified_gmt":"2026-06-15T20:39:16","slug":"streit-um-teure-mercedes-reparatur-wie-ein-weinstaedter-die-justiz-in-atem-haelt-nachrichten-aus-dem-rems-murr-kreis","status":"publish","type":"post","link":"https:\/\/www.europesays.com\/de\/1096853\/","title":{"rendered":"Streit um teure Mercedes-Reparatur: Wie ein Weinst\u00e4dter die Justiz in Atem h\u00e4lt &#8211; Nachrichten aus dem Rems-Murr-Kreis"},"content":{"rendered":"<p><strong>Rems-Murr-Kreis.<\/strong> Ein absurder Endlos-Rechtsstreit tobt am Stuttgarter Landgericht. Ein Mann aus Weinstadt  hatte gegen ein Autohaus geklagt, weil ihm die Rechnung f\u00fcr eine Reparatur viel zu hoch erschien. Der Streit besch\u00e4ftigt die Justiz seit zwei Jahren \u2013 und es ist kein Ende in Sicht. Durch alle Instanzen werde er gehen, k\u00fcndigte der Weinst\u00e4dter gegen\u00fcber dieser Zeitung an. Neulich gelang es ihm, einen ganzen Karton voller Auto-Ersatzteile durch die Sicherheitsschleuse am<\/p>\n","protected":false},"excerpt":{"rendered":"Rems-Murr-Kreis. Ein absurder Endlos-Rechtsstreit tobt am Stuttgarter Landgericht. Ein Mann aus Weinstadt hatte gegen ein Autohaus geklagt, weil&hellip;\n","protected":false},"author":2,"featured_media":1096854,"comment_status":"","ping_status":"","sticky":false,"template":"","format":"standard","meta":{"footnotes":"","_share_on_mastodon":"0"},"categories":[1830],"tags":[220033,4890,1634,3364,29,2690,30,4933,2911,15293,5087,1441,232511,230833,232512,11179],"class_list":["post-1096853","post","type-post","status-publish","format-standard","has-post-thumbnail","category-stuttgart","tag-a-klasse","tag-autohaus","tag-baden-wuerttemberg","tag-de","tag-deutschland","tag-gericht","tag-germany","tag-landgericht","tag-mercedes","tag-rechtsstreit","tag-reparatur","tag-stuttgart","tag-torsionsschwingungsdaempfer","tag-un_unterhalte-mich","tag-weinstaedter","tag-werkstatt"],"share_on_mastodon":{"url":"https:\/\/pubeurope.com\/@de\/116756058539643125","error":""},"_links":{"self":[{"href":"https:\/\/www.europesays.com\/de\/wp-json\/wp\/v2\/posts\/1096853","targetHints":{"allow":["GET"]}}],"collection":[{"href":"https:\/\/www.europesays.com\/de\/wp-json\/wp\/v2\/posts"}],"about":[{"href":"https:\/\/www.europesays.com\/de\/wp-json\/wp\/v2\/types\/post"}],"author":[{"embeddable":true,"href":"https:\/\/www.europesays.com\/de\/wp-json\/wp\/v2\/users\/2"}],"replies":[{"embeddable":true,"href":"https:\/\/www.europesays.com\/de\/wp-json\/wp\/v2\/comments?post=1096853"}],"version-history":[{"count":0,"href":"https:\/\/www.europesays.com\/de\/wp-json\/wp\/v2\/posts\/1096853\/revisions"}],"wp:featuredmedia":[{"embeddable":true,"href":"https:\/\/www.europesays.com\/de\/wp-json\/wp\/v2\/media\/1096854"}],"wp:attachment":[{"href":"https:\/\/www.europesays.com\/de\/wp-json\/wp\/v2\/media?parent=1096853"}],"wp:term":[{"taxonomy":"category","embeddable":true,"href":"https:\/\/www.europesays.com\/de\/wp-json\/wp\/v2\/categories?post=1096853"},{"taxonomy":"post_tag","embeddable":true,"href":"https:\/\/www.europesays.com\/de\/wp-json\/wp\/v2\/tags?post=1096853"}],"curies":[{"name":"wp","href":"https:\/\/api.w.org\/{rel}","templated":true}]}}