{"id":1096976,"date":"2026-06-15T21:48:25","date_gmt":"2026-06-15T21:48:25","guid":{"rendered":"https:\/\/www.europesays.com\/de\/1096976\/"},"modified":"2026-06-15T21:48:25","modified_gmt":"2026-06-15T21:48:25","slug":"klage-gegen-baugenehmigung-fuer-das-erdbeer-cafe-in-ihme-roloven","status":"publish","type":"post","link":"https:\/\/www.europesays.com\/de\/1096976\/","title":{"rendered":"Klage gegen Baugenehmigung f\u00fcr das Erdbeer-Caf\u00e9 in Ihme-Roloven"},"content":{"rendered":"<p><strong>M\u00fcndliche Verhandlung vor Ort<\/strong><\/p>\n<p>Die 4. Kammer des Verwaltungsgerichts Hannover verhandelt am Donnerstag, 18. Juni 2026, \u00fcber die Klage von Nachbarn gegen die Baugenehmigung der Stadt <a href=\"https:\/\/www.hannover-entdecken.de\/ronnenberg\/\" data-internallinksmanager029f6b8e52c=\"3745\" title=\"Ronnenberg\" rel=\"nofollow noopener\" target=\"_blank\">Ronnenberg<\/a> f\u00fcr den Betrieb des Erdbeer-Caf\u00e9s am See in Ihme-Roloven.<\/p>\n<p>Die Kl\u00e4ger bewohnen ein Grundst\u00fcck, das nord- bzw. nordwestlich des Grundst\u00fccks liegt, auf dem die Beigeladenen am Ufer einer ehemaligen Tonkuhle ein Caf\u00e9 betreiben. Die Beigeladenen bewirtschaften einen landwirtschaftlichen Bauernhof und bauen auch Erdbeeren an, die sie (unter anderem) durch das Caf\u00e9 vermarkten wollen. Die Baugenehmigung sieht bei 260 Sitzpl\u00e4tzen f\u00fcr Besucher einen Betrieb in der Zeit vom 01. Mai bis 31. Juli von 10.00 Uhr bis 18.00 Uhr vor. Auf einer Ackerfl\u00e4che s\u00fcdlich des Grundst\u00fccks der Kl\u00e4ger sind mit einem Mindestabstand von 75 Metern 65 Einstellpl\u00e4tze f\u00fcr PKW genehmigt.<\/p>\n<p>Die Kl\u00e4ger sind der Auffassung, die Baugenehmigung verletze Nachbarrechte, insbesondere weil der Betrieb mit unzumutbaren Immissionen durch den Betrieb und den Verkehr verbunden sei. Die Nutzung der Stellpl\u00e4tze berge die Gefahr einer Verunreinigung des Grundwassers und damit der Wasserversorgung auf ihrem Grundst\u00fcck, die \u00fcber einen Saugbrunnen erfolge.<\/p>\n<p>Die m\u00fcndliche Verhandlung beginnt am Donnerstag, 18. Juni 2026 um 16.30 Uhr vor Ort.<\/p>\n<p>Treffpunkt: Ronnenberg (Ihme-Roloven), An der Tonkuhle 3<\/p>\n<p>Aktenzeichen: 4 A 9032\/25<\/p>\n<p class=\"isc_image_list_title\">Bildquellen:<\/p>\n<ul class=\"isc_image_list\">\n<li>25 Jahre Region Hannover: Region Hannover<\/li>\n<li>Stoppt das KEK26 rettet Hannovers Kleing\u00e4rten: OpenPetition &#8211; Kleing\u00e4rtnerverein Feierabend e.V.<\/li>\n<li>Stadt Hannover: Stadt Hannover<\/li>\n<li>Justiz Hannover: KI generiert von hannover-entdecken.de<\/li>\n<\/ul>\n","protected":false},"excerpt":{"rendered":"M\u00fcndliche Verhandlung vor Ort Die 4. Kammer des Verwaltungsgerichts Hannover verhandelt am Donnerstag, 18. Juni 2026, \u00fcber die&hellip;\n","protected":false},"author":2,"featured_media":1096977,"comment_status":"","ping_status":"","sticky":false,"template":"","format":"standard","meta":{"footnotes":"","_share_on_mastodon":"0"},"categories":[1836],"tags":[3364,29,30,46,1411,32135],"class_list":["post-1096976","post","type-post","status-publish","format-standard","has-post-thumbnail","category-hannover","tag-de","tag-deutschland","tag-germany","tag-hannover","tag-niedersachsen","tag-ronnenberg"],"share_on_mastodon":{"url":"https:\/\/pubeurope.com\/@de\/116756329909186643","error":""},"_links":{"self":[{"href":"https:\/\/www.europesays.com\/de\/wp-json\/wp\/v2\/posts\/1096976","targetHints":{"allow":["GET"]}}],"collection":[{"href":"https:\/\/www.europesays.com\/de\/wp-json\/wp\/v2\/posts"}],"about":[{"href":"https:\/\/www.europesays.com\/de\/wp-json\/wp\/v2\/types\/post"}],"author":[{"embeddable":true,"href":"https:\/\/www.europesays.com\/de\/wp-json\/wp\/v2\/users\/2"}],"replies":[{"embeddable":true,"href":"https:\/\/www.europesays.com\/de\/wp-json\/wp\/v2\/comments?post=1096976"}],"version-history":[{"count":0,"href":"https:\/\/www.europesays.com\/de\/wp-json\/wp\/v2\/posts\/1096976\/revisions"}],"wp:featuredmedia":[{"embeddable":true,"href":"https:\/\/www.europesays.com\/de\/wp-json\/wp\/v2\/media\/1096977"}],"wp:attachment":[{"href":"https:\/\/www.europesays.com\/de\/wp-json\/wp\/v2\/media?parent=1096976"}],"wp:term":[{"taxonomy":"category","embeddable":true,"href":"https:\/\/www.europesays.com\/de\/wp-json\/wp\/v2\/categories?post=1096976"},{"taxonomy":"post_tag","embeddable":true,"href":"https:\/\/www.europesays.com\/de\/wp-json\/wp\/v2\/tags?post=1096976"}],"curies":[{"name":"wp","href":"https:\/\/api.w.org\/{rel}","templated":true}]}}