{"id":1096986,"date":"2026-06-15T21:54:19","date_gmt":"2026-06-15T21:54:19","guid":{"rendered":"https:\/\/www.europesays.com\/de\/1096986\/"},"modified":"2026-06-15T21:54:19","modified_gmt":"2026-06-15T21:54:19","slug":"prozess-gegen-teenie-terrorist-polizei-sollte-erjon-s-18-zum-maertyrer-machen-regional","status":"publish","type":"post","link":"https:\/\/www.europesays.com\/de\/1096986\/","title":{"rendered":"Prozess gegen Teenie-Terrorist : Polizei sollte Erjon S. (18) zum \u201eM\u00e4rtyrer\u201c machen | Regional"},"content":{"rendered":"<p>Erjon S. soll als minderj\u00e4hriger Islamist mehrere Menschen in Essen mit einem Messer attackiert haben, dann mit gez\u00fcckter Klinge auf Polizisten zugerannt sein, um als \u201eM\u00e4rtyrer\u201c zu sterben. Jetzt steht der 18-J\u00e4hrige in D\u00fcsseldorf vor Gericht. Von den Schussverletzungen ist nichts mehr zu sehen, doch seine fr\u00fchere Lehrerin leidet bis heute an den Folgen des Angriffs.<br \/>\nWie schildern Anklage, Opfer und Ermittler den Tattag, welche Rolle spielte seine Radikalisierung? Lesen Sie alle Hintergr\u00fcnde und Einsch\u00e4tzungen jetzt mit BILDplus.<\/p>\n","protected":false},"excerpt":{"rendered":"Erjon S. soll als minderj\u00e4hriger Islamist mehrere Menschen in Essen mit einem Messer attackiert haben, dann mit gez\u00fcckter&hellip;\n","protected":false},"author":2,"featured_media":1096987,"comment_status":"","ping_status":"","sticky":false,"template":"","format":"standard","meta":{"footnotes":"","_share_on_mastodon":"0"},"categories":[1834],"tags":[2140,1999,10174,38509,3364,29,3688,17931,30,21709,33260,5517,27814,1981,1209,5777,121,1269,9116,15376,1978,138370,10037,2627],"class_list":["post-1096986","post","type-post","status-publish","format-standard","has-post-thumbnail","category-essen","tag-angriff","tag-anklage","tag-attentat","tag-berufsschule","tag-de","tag-deutschland","tag-essen","tag-generalbundesanwalt","tag-germany","tag-is","tag-islamisten","tag-lebensgefahr","tag-lehrerin","tag-messer","tag-nordrhein-westfalen","tag-oberlandesgericht-duesseldorf","tag-polizei","tag-prozess","tag-schiessen","tag-schneider-frank","tag-schueler","tag-team-first","tag-terroranschlag","tag-verletzungen"],"share_on_mastodon":{"url":"https:\/\/pubeurope.com\/@de\/116756353276278203","error":""},"_links":{"self":[{"href":"https:\/\/www.europesays.com\/de\/wp-json\/wp\/v2\/posts\/1096986","targetHints":{"allow":["GET"]}}],"collection":[{"href":"https:\/\/www.europesays.com\/de\/wp-json\/wp\/v2\/posts"}],"about":[{"href":"https:\/\/www.europesays.com\/de\/wp-json\/wp\/v2\/types\/post"}],"author":[{"embeddable":true,"href":"https:\/\/www.europesays.com\/de\/wp-json\/wp\/v2\/users\/2"}],"replies":[{"embeddable":true,"href":"https:\/\/www.europesays.com\/de\/wp-json\/wp\/v2\/comments?post=1096986"}],"version-history":[{"count":0,"href":"https:\/\/www.europesays.com\/de\/wp-json\/wp\/v2\/posts\/1096986\/revisions"}],"wp:featuredmedia":[{"embeddable":true,"href":"https:\/\/www.europesays.com\/de\/wp-json\/wp\/v2\/media\/1096987"}],"wp:attachment":[{"href":"https:\/\/www.europesays.com\/de\/wp-json\/wp\/v2\/media?parent=1096986"}],"wp:term":[{"taxonomy":"category","embeddable":true,"href":"https:\/\/www.europesays.com\/de\/wp-json\/wp\/v2\/categories?post=1096986"},{"taxonomy":"post_tag","embeddable":true,"href":"https:\/\/www.europesays.com\/de\/wp-json\/wp\/v2\/tags?post=1096986"}],"curies":[{"name":"wp","href":"https:\/\/api.w.org\/{rel}","templated":true}]}}