{"id":1097248,"date":"2026-06-16T00:21:22","date_gmt":"2026-06-16T00:21:22","guid":{"rendered":"https:\/\/www.europesays.com\/de\/1097248\/"},"modified":"2026-06-16T00:21:22","modified_gmt":"2026-06-16T00:21:22","slug":"ukraine-news-selenskyj-begruesst-eu-beitrittsverhandlungen-mit-der-ukraine-und-moldau","status":"publish","type":"post","link":"https:\/\/www.europesays.com\/de\/1097248\/","title":{"rendered":"Ukraine-News: Selenskyj begr\u00fc\u00dft EU-Beitrittsverhandlungen mit der Ukraine und Moldau"},"content":{"rendered":"<p>        <img decoding=\"async\" src=\"https:\/\/www.europesays.com\/de\/wp-content\/uploads\/2026\/06\/wolodymyr-selenskyj-254.webp\" alt=\"Archiv: Wolodymyr Selenskyj, Pr\u00e4sident der Ukraine, spricht bei einer Pressekonferenz im Bundeskanzleramt bei den deutsch-ukrainischen Regierungskonsultationen.\" title=\"Archiv: Wolodymyr Selenskyj, Pr\u00e4sident der Ukraine, spricht bei einer Pressekonferenz im Bundeskanzleramt bei den deutsch-ukrainischen Regierungskonsultationen. | picture alliance\/dpa | Michael Kappeler\" class=\"responsive\"\/><\/p>\n<p class=\"topline\">Ukraine-News<\/p>\n<p class=\"author\">von MDR AKTUELL<\/p>\n<p>\n                Stand: 16.06.2026 02:08 Uhr<\/p>\n<p>\n        02:08 Uhr\n    <\/p>\n<p>    Gro\u00dfbritannien versch\u00e4rft Sanktionen gegen Russland<\/p>\n<p class=\"\">Gro\u00dfbritannien will neue Sanktionen gegen die russische Schattenflotte sowie Finanz- und Beschaffungsnetzwerke verh\u00e4ngen, die nach Londoner Angaben zur Umgehung westlicher Sanktionen und zur Versorgung der russischen R\u00fcstungsindustrie genutzt werden. Die Einzelheiten will Premierminister Keir Starmer beim G7-Gipfel vorstellen.<\/p>\n<p class=\"\">Von den Ma\u00dfnahmen betroffen sind auch Schiffe, die sanktioniertes russisches Fl\u00fcssigerdgas transportieren. Zudem stellt die britische Regierung umgerechnet rund 250 Millionen Euro bereit, damit das Unternehmen Urenco angereichertes Uran an den ukrainischen Atomkraftwerksbetreiber Energoatom liefern kann. (Quelle: Reuters)<\/p>\n<p>\n            <strong>Video:<\/strong><br \/>\n            G7-Treffen startet im franz\u00f6sischen \u00c9vian (1 Min)\n        <\/p>\n<p>\n        01:37 Uhr\n    <\/p>\n<p>    Selenskyj begr\u00fc\u00dft Beginn der EU-Beitrittsgespr\u00e4che<\/p>\n<p class=\"\">Der ukrainische Pr\u00e4sident Wolodymyr Selenskyj hat den Start der ersten inhaltlichen EU-Beitrittsverhandlungen mit der Ukraine und Moldau als wichtiges Signal gewertet. Die Er\u00f6ffnung des ersten Verhandlungsabschnitts zeige, dass Europas Fortschritt nicht aufzuhalten sei und die Reformanstrengungen beider L\u00e4nder anerkannt w\u00fcrden, sagte Selenskyj bei einem Zwischenstopp in der moldauischen Hauptstadt Chisinau.<\/p>\n<p class=\"\">Zugleich bezeichnete er die Beschleunigung des EU-Beitrittsprozesses als politische Antwort Europas auf den russischen Angriffskrieg. Beide L\u00e4nder h\u00e4tten jahrelang auf diesen Schritt hingearbeitet und w\u00fcrden ihren Weg in die Europ\u00e4ische Union gemeinsam fortsetzen, sagte Selenskyj. (Quelle: dpa)<\/p>\n<p>\n        01:09 Uhr\n    <\/p>\n<p>    Ukraine reformiert Wehrdienst und wirbt mit h\u00f6heren Geh\u00e4ltern<\/p>\n<p class=\"\">Die Ukraine hat eine umfassende Reform ihres Wehrdienstsystems angek\u00fcndigt. Nach Angaben von Verteidigungsminister Mychailo Fedorow sollen neue Vertr\u00e4ge mit Laufzeiten zwischen sechs und 24 Monaten mehr Planungssicherheit, bessere finanzielle Leistungen und klarere Dienstbedingungen bieten.<\/p>\n<p class=\"\">Frontsoldaten sollen demnach monatlich umgerechnet bis zu rund 5.800 Euro erhalten, bei besonders gef\u00e4hrlichen Eins\u00e4tzen auch deutlich mehr. Nach Ablauf des Dienstes sei zudem eine garantierte Zur\u00fcckstellung vom erneuten Wehrdienst vorgesehen. (Quelle: AFP)<\/p>\n<p>\n        00:34 Uhr\n    <\/p>\n<p>    Selenskyj schl\u00e4gt Treffen mit Putin in den USA vor<\/p>\n<p class=\"\">Der ukrainische Pr\u00e4sident Wolodymyr Selenskyj hat nach eigenen Angaben mit US-Pr\u00e4sident Donald Trump \u00fcber ein m\u00f6gliches Treffen mit dem russischen Pr\u00e4sidenten Wladimir Putin in den USA gesprochen. Ein solches Format k\u00f6nnte es Putin schwerer machen, Gespr\u00e4che abzulehnen, sagte Selenskyj in einer Videobotschaft.<\/p>\n<p class=\"\">Der ukrainische Staatschef wirbt seit l\u00e4ngerem f\u00fcr direkte Verhandlungen mit Putin \u00fcber ein Ende des Krieges. Der Kreml lehnt ein Treffen bislang ab und h\u00e4lt Gespr\u00e4che allenfalls in Moskau f\u00fcr m\u00f6glich. Nach Angaben Selenskyjs hat Russland zuletzt auch einen Vorschlag f\u00fcr ein Treffen am Rande des G7-Gipfels zur\u00fcckgewiesen. (Quelle: AFP)<\/p>\n<p>\n        00:05 Uhr\n    <\/p>\n<p>    Die Ereignisse gestern \u2013 15. Juni 2026<\/p>\n<p class=\"\">Russland hat die Ukraine nach Angaben des ukrainischen Milit\u00e4rs in der Nacht zu Montag mit 70 Raketen und 611 Drohnen angegriffen. Demnach wurden 50 Raketen und 582 Drohnen abgefangen.<\/p>\n<p class=\"\">Bei den Angriffen kamen nach ukrainischen Beh\u00f6rdenangaben mindestens neun Menschen ums Leben. In Kiew wurden vier Menschen get\u00f6tet und mehr als 20 weitere verletzt. Mehrere Wohnh\u00e4user wurden besch\u00e4digt oder gerieten in Brand. Zeitweise waren rund 140.000 Menschen ohne Strom.<\/p>\n<p>\n            <strong>Video:<\/strong><br \/>\n            Massive russische Luftangriffe treffen Ukraine (1 Min)\n        <\/p>\n<p class=\"\">Auf dem Gel\u00e4nde des zum Unesco-Weltkulturerbe geh\u00f6renden Kiewer H\u00f6hlenklosters wurde die Mari\u00e4-Entschlafens-Kathedrale bei einem Treffer schwer besch\u00e4digt und geriet in Brand. Russland wies die Verantwortung daf\u00fcr zur\u00fcck und machte eine ukrainische Luftabwehrrakete verantwortlich.<\/p>\n<p class=\"\">In Charkiw wurden nach ukrainischen Angaben f\u00fcnf Rettungskr\u00e4fte get\u00f6tet, als sie bei einem Einsatz von einem weiteren russischen Angriff getroffen wurden. Mehrere Menschen wurden verletzt.<\/p>\n<p class=\"\">Auch Russland meldete Opfer. Bei einem ukrainischen Drohnenangriff auf die Stadt Tula s\u00fcdlich von Moskau wurden nach russischen Beh\u00f6rdenangaben drei Menschen get\u00f6tet und drei weitere verletzt.<\/p>\n<p class=\"\">Auf politischer Ebene begann die Europ\u00e4ische Union offiziell die Beitrittsverhandlungen mit der Ukraine. Zum Auftakt in Luxemburg standen Justiz, Grundwerte und Sicherheitsfragen im Mittelpunkt.<\/p>\n<p class=\"\">Zudem beschloss die EU neue Sanktionen gegen Russland. Auf die Sanktionsliste wurden 34 Personen und 47 Einrichtungen gesetzt, darunter Akteure der R\u00fcstungsindustrie sowie der sogenannten Schattenflotte.<\/p>\n<p>\n        00:00 Uhr\n    <\/p>\n<p>    Ukraine-News von Dienstag, 16. Juni 2026<\/p>\n<p class=\"\">Guten Tag! In unseren Ukraine-News halten wir Sie weiterhin \u00fcber die Entwicklungen im Krieg gegen die Ukraine auf dem aktuellen Stand. Alle wichtigen Nachrichten dazu erscheinen hier im Lauf des Tages.<\/p>\n<p class=\"\">Die Berichterstattung \u00fcber den Russland-Ukraine-Krieg ist komplex. Angaben zu Kriegsverlauf, Beschuss und Opfern durch offizielle Stellen der russischen und der ukrainischen Konfliktparteien k\u00f6nnen in der aktuellen Lage nicht unmittelbar von unabh\u00e4ngiger Stelle \u00fcberpr\u00fcft werden. Es gibt eine Vielzahl von Medienvertretern vor Ort, darunter auch unabh\u00e4ngige Journalisten aus verschiedenen L\u00e4ndern. Bei der Bewertung von Informationen sind verschiedene Quellen und eine kritische Haltung unerl\u00e4sslich, um ein m\u00f6glichst umfassendes Bild zu erhalten. Alles das ber\u00fccksichtigt der MDR in seinen Berichten \u00fcber den Russland-Ukraine-<a name=\"Krieg\">Krieg<\/a>.<\/p>\n<p>        <img decoding=\"async\" src=\"https:\/\/www.europesays.com\/de\/wp-content\/uploads\/2026\/06\/ukraine-276.webp\" alt=\"Rettungskr\u00e4fte beseitigen Tr\u00fcmmer und suchen nach Menschen in einem Wohnblock, der von einer Rakete getroffen wurde.\" title=\"Rettungskr\u00e4fte beseitigen Tr\u00fcmmer und suchen nach Menschen in einem Wohnblock, der von einer Rakete getroffen wurde. | picture alliance\/dpa\/Ukrinform | -\" class=\"responsive\" loading=\"lazy\"\/><\/p>\n<p>Nachrichten und Hintergr\u00fcnde<\/p>\n<p>Am 24. Februar 2022 hat Russland die Ukraine \u00fcberfallen. Doch die ukrainische Armee kann sich halten und konnte Gebiete zur\u00fcckerobern, der Westen unterst\u00fctzt sie. Aktuelle Nachrichten und Hintergr\u00fcnde.<\/p>\n<p>        <a href=\"https:\/\/www.mdr.de\/nachrichten\/podcast\/general\" aria-label=\"Zum Podcast: Was tun, Herr General? \u2013 Der Podcast zum Ukraine-Krieg\" rel=\"nofollow noopener\" target=\"_blank\"><\/p>\n<p>        <img decoding=\"async\" src=\"https:\/\/www.europesays.com\/de\/wp-content\/uploads\/2026\/06\/podcast-cover-was-tun-herr-general-100.webp\" alt=\"Der fr\u00fchere NATO-General und Generalleutnant a.D. Erhard B\u00fchler\" title=\"Der fr\u00fchere NATO-General und Generalleutnant a.D. Erhard B\u00fchler | MDR \/ Erhard B\u00fchler \" class=\"responsive\" loading=\"lazy\"\/><\/p>\n<p>        <\/a><\/p>\n<p>Krieg in Europa. Welche Strategie verfolgt die russische Armee, wie stehen die Chancen der ukrainischen Verteidiger? Einsch\u00e4tzungen der milit\u00e4rischen Lage und der Kriegsfolgen vom fr\u00fcheren NATO-General Erhard B\u00fchler.<\/p>\n<p>        <a href=\"https:\/\/www.mdr.de\/nachrichten\/podcast\/ukrainekrieg\" aria-label=\"Zum Podcast: Putins Krieg - Interviews und Hintergr\u00fcnde\" rel=\"nofollow noopener\" target=\"_blank\"><\/p>\n<p>        <img decoding=\"async\" src=\"https:\/\/www.europesays.com\/de\/wp-content\/uploads\/2026\/06\/podcast-putins-krieg-100.webp\" alt=\"Podcast Putins Krieg\" title=\"Podcast Putins Krieg | dpa\/MDR\" class=\"responsive\" loading=\"lazy\"\/><\/p>\n<p>        <\/a><\/p>\n<p>Russland f\u00fchrt Krieg gegen die Ukraine &#8211; Zerst\u00f6rung, Leid und Flucht. In diesem Podcast b\u00fcndeln wir Interviews und Berichte rund um den Krieg, seine Folgen f\u00fcr die Welt, Europa und in Deutschland.<\/p>\n","protected":false},"excerpt":{"rendered":"Ukraine-News von MDR AKTUELL Stand: 16.06.2026 02:08 Uhr 02:08 Uhr Gro\u00dfbritannien versch\u00e4rft Sanktionen gegen Russland Gro\u00dfbritannien will neue&hellip;\n","protected":false},"author":2,"featured_media":1097249,"comment_status":"","ping_status":"","sticky":false,"template":"","format":"standard","meta":{"footnotes":"","_share_on_mastodon":"0"},"categories":[3933],"tags":[331,332,15832,548,663,5562,158,3934,3935,19104,2063,551,13,4046,14,15,111,307,1155,12,116,317,856,9414],"class_list":["post-1097248","post","type-post","status-publish","format-standard","has-post-thumbnail","category-eu","tag-aktuelle-nachrichten","tag-aktuelle-news","tag-beitritt","tag-eu","tag-europa","tag-europaeische","tag-europaeische-union","tag-europe","tag-european-union","tag-g7","tag-gipfel","tag-grossbritannien","tag-headlines","tag-krieg","tag-nachrichten","tag-news","tag-putin","tag-russland","tag-sanktionen","tag-schlagzeilen","tag-selenskyj","tag-ukraine","tag-union","tag-wehrdienst"],"share_on_mastodon":{"url":"https:\/\/pubeurope.com\/@de\/116756931733478127","error":""},"_links":{"self":[{"href":"https:\/\/www.europesays.com\/de\/wp-json\/wp\/v2\/posts\/1097248","targetHints":{"allow":["GET"]}}],"collection":[{"href":"https:\/\/www.europesays.com\/de\/wp-json\/wp\/v2\/posts"}],"about":[{"href":"https:\/\/www.europesays.com\/de\/wp-json\/wp\/v2\/types\/post"}],"author":[{"embeddable":true,"href":"https:\/\/www.europesays.com\/de\/wp-json\/wp\/v2\/users\/2"}],"replies":[{"embeddable":true,"href":"https:\/\/www.europesays.com\/de\/wp-json\/wp\/v2\/comments?post=1097248"}],"version-history":[{"count":0,"href":"https:\/\/www.europesays.com\/de\/wp-json\/wp\/v2\/posts\/1097248\/revisions"}],"wp:featuredmedia":[{"embeddable":true,"href":"https:\/\/www.europesays.com\/de\/wp-json\/wp\/v2\/media\/1097249"}],"wp:attachment":[{"href":"https:\/\/www.europesays.com\/de\/wp-json\/wp\/v2\/media?parent=1097248"}],"wp:term":[{"taxonomy":"category","embeddable":true,"href":"https:\/\/www.europesays.com\/de\/wp-json\/wp\/v2\/categories?post=1097248"},{"taxonomy":"post_tag","embeddable":true,"href":"https:\/\/www.europesays.com\/de\/wp-json\/wp\/v2\/tags?post=1097248"}],"curies":[{"name":"wp","href":"https:\/\/api.w.org\/{rel}","templated":true}]}}