{"id":1097380,"date":"2026-06-16T01:34:44","date_gmt":"2026-06-16T01:34:44","guid":{"rendered":"https:\/\/www.europesays.com\/de\/1097380\/"},"modified":"2026-06-16T01:34:44","modified_gmt":"2026-06-16T01:34:44","slug":"weitere-futtermauern-in-wuppertal-saniert","status":"publish","type":"post","link":"https:\/\/www.europesays.com\/de\/1097380\/","title":{"rendered":"Weitere Futtermauern in Wuppertal saniert"},"content":{"rendered":"<p class=\"text_ohne_einzug richtext text-em-55 !leading-serif mx-6 desktop:mx-0\">An der Nordbahntrasse im Einschnitt Bramdelle tut sich wieder etwas: Nachdem der Rat im letzten August beschlossen hatte, in einem vierten Bauabschnitt des umfassenden Sanierungskonzepts weitere Futtermauern auf der stillgelegten Eisenbahnstrecke zu sanieren, sind die Bauarbeiten nun im vollen Gange. \u201eDie Standsicherheit der noch nicht sanierten Futtermauern ist dauerhaft nicht mehr gew\u00e4hrleistet\u201c, hie\u00df es in der damaligen Vorlage. Aufgrund von Steinschlaggefahr m\u00fcssen nach Sanierung der zw\u00f6lf am st\u00e4rksten gesch\u00e4digten St\u00fctzmauern nun vier weitere Mauern saniert werden.<\/p>\n","protected":false},"excerpt":{"rendered":"An der Nordbahntrasse im Einschnitt Bramdelle tut sich wieder etwas: Nachdem der Rat im letzten August beschlossen hatte,&hellip;\n","protected":false},"author":2,"featured_media":1097381,"comment_status":"","ping_status":"","sticky":false,"template":"","format":"standard","meta":{"footnotes":"","_share_on_mastodon":"0"},"categories":[1840],"tags":[61935,1739,26805,232585,98568,3364,29,45101,232583,30,75172,36184,1209,17020,4108,232586,26695,98572,232584,51395,4418,49400],"class_list":["post-1097380","post","type-post","status-publish","format-standard","has-post-thumbnail","category-wuppertal","tag-abschnitt","tag-bahn","tag-bauabschnitt","tag-bauabschnittsweise","tag-bramdelle","tag-de","tag-deutschland","tag-einschnitt","tag-futtermauer","tag-germany","tag-mauern","tag-nordbahntrasse","tag-nordrhein-westfalen","tag-saniert","tag-sanierung","tag-sanierungsabschnitte","tag-sanierungsarbeiten","tag-sanierungskonzepts","tag-stuetzmauern","tag-trasse","tag-wuppertal","tag-zwoelf"],"share_on_mastodon":{"url":"https:\/\/pubeurope.com\/@de\/116757218891394153","error":""},"_links":{"self":[{"href":"https:\/\/www.europesays.com\/de\/wp-json\/wp\/v2\/posts\/1097380","targetHints":{"allow":["GET"]}}],"collection":[{"href":"https:\/\/www.europesays.com\/de\/wp-json\/wp\/v2\/posts"}],"about":[{"href":"https:\/\/www.europesays.com\/de\/wp-json\/wp\/v2\/types\/post"}],"author":[{"embeddable":true,"href":"https:\/\/www.europesays.com\/de\/wp-json\/wp\/v2\/users\/2"}],"replies":[{"embeddable":true,"href":"https:\/\/www.europesays.com\/de\/wp-json\/wp\/v2\/comments?post=1097380"}],"version-history":[{"count":0,"href":"https:\/\/www.europesays.com\/de\/wp-json\/wp\/v2\/posts\/1097380\/revisions"}],"wp:featuredmedia":[{"embeddable":true,"href":"https:\/\/www.europesays.com\/de\/wp-json\/wp\/v2\/media\/1097381"}],"wp:attachment":[{"href":"https:\/\/www.europesays.com\/de\/wp-json\/wp\/v2\/media?parent=1097380"}],"wp:term":[{"taxonomy":"category","embeddable":true,"href":"https:\/\/www.europesays.com\/de\/wp-json\/wp\/v2\/categories?post=1097380"},{"taxonomy":"post_tag","embeddable":true,"href":"https:\/\/www.europesays.com\/de\/wp-json\/wp\/v2\/tags?post=1097380"}],"curies":[{"name":"wp","href":"https:\/\/api.w.org\/{rel}","templated":true}]}}