{"id":1097422,"date":"2026-06-16T01:56:25","date_gmt":"2026-06-16T01:56:25","guid":{"rendered":"https:\/\/www.europesays.com\/de\/1097422\/"},"modified":"2026-06-16T01:56:25","modified_gmt":"2026-06-16T01:56:25","slug":"musikalisches-sozialprojekt-dresdner-stadtteil-prohlis-bekommt-eine-eigene-oper-kultur","status":"publish","type":"post","link":"https:\/\/www.europesays.com\/de\/1097422\/","title":{"rendered":"Musikalisches Sozialprojekt &#8211; Dresdner Stadtteil Prohlis bekommt eine eigene Oper &#8211; Kultur"},"content":{"rendered":"<p data-manual=\"paragraph\" data-schema-org-speakable=\"true\" class=\"css-1eosz7k\">Dresden (dpa\/sn) &#8211; Das Projekt \u201eMusaik \u2013 Grenzenlos musizieren\u201c schreibt in Dresden weiter Musikgeschichte. Demn\u00e4chst bekommt das von Plattenbauten gepr\u00e4gte Stadtviertel Prohlis im S\u00fcdosten der Stadt sogar eine Oper &#8211; genaugenommen eine \u201eStadtteiloper\u201c So ist das St\u00fcck mit dem Titel \u201ePlattenspieler:innen\u201c ausgewiesen.\u00a0<\/p>\n<p data-manual=\"paragraph\" data-schema-org-speakable=\"true\" class=\"css-1eosz7k\">350 Laien, \u00fcberwiegend Kinder, aber auch Erwachsene arbeiten mit Profis zusammen, um ein gemeinsam entwickeltes Musiktheaterst\u00fcck auf die B\u00fchne zu bringen. An diesem Freitag und Samstag sind vier Auff\u00fchrungen geplant.\u00a0<\/p>\n<p data-manual=\"paragraph\" data-schema-org-speakable=\"true\" class=\"css-1eosz7k\">Das Sujet hat eine kosmische Dimension. Der Halley&#8217;sche Komet verliert ein St\u00fcck von sich selbst \u2013 Halley, einen singenden Stein. Dieser Stein landet in Dresden-Prohlis und erlebt im Zeitraffer, wie aus einer urzeitlichen Siedlung eine lebendige Stadt wird. Eine Nachrichtensendung berichtet im Jahr 2061, wie Halley durch die Epochen reist und wem er dabei begegnet.\u00a0<\/p>\n<p><img decoding=\"async\" src=\"https:\/\/www.europesays.com\/de\/wp-content\/uploads\/2026\/06\/23b0b810-5d3b-4770-98e8-fb8198ff580a.jpg\"   alt=\"Das musikalische Sozialprojekt 'Musaik' in Dresden bringt jetzt eine Stadtteiloper f\u00fcr Dresden-Prohlis heraus.\" loading=\"lazy\" class=\"css-8atqhb\"\/>Das musikalische Sozialprojekt &#8218;Musaik&#8216; in Dresden bringt jetzt eine Stadtteiloper f\u00fcr Dresden-Prohlis heraus. Sebastian Kahnert\/dpa<\/p>\n<p data-manual=\"paragraph\" data-schema-org-speakable=\"true\" class=\"css-1eosz7k\">\u201eDie Oper verbindet <a href=\"https:\/\/www.sueddeutsche.de\/thema\/Musik\" rel=\"nofollow noopener\" target=\"_blank\">Musik<\/a> aus verschiedenen Jahrhunderten &#8211; von H\u00e4ndels &#8218;Wassermusik&#8216; bis zu &#8218;Also sprach Zarathustra&#8216; von Richard Strauss, Live-Animation, Schauspiel, Tanz und Chor\u201c, sagt \u201eMusaik\u201c-Sprecherin Heike Bronn. Dabei machen neben dem 130-k\u00f6pfigen \u201eMusaik\u201c-Orchester auch 150 Kinder aus einer Prohliser Grundschule und einer Oberschule mit, au\u00dferdem Mitglieder der Staatskapelle Dresden sowie Ensembles der evangelischen Kirchgemeinde Prohlis und Ch\u00f6re. Auch das Publikum ist angehalten, mitzuwirken.<\/p>\n<p>\u201eMusaik\u201c kehrt mit der Oper an eigene Wurzeln zur\u00fcck\u00a0<\/p>\n<p data-manual=\"paragraph\" data-schema-org-speakable=\"true\" class=\"css-1eosz7k\">Die Oper will sich mit Fragen wie \u201eWas ist Heimat?\u201c oder \u201eWie gehen Menschen mit dem Fremden um? Was bleibt, wenn alles sich ver\u00e4ndert?\u201c Damit kehrt \u201eMusaik\u201c zugleich an die eigenen Wurzeln zur\u00fcck. Das Projekt entstand 2017 nach dem Vorbild von \u201eEl Sistema\u201c in Venezuela. Kindern aus \u00e4rmeren Familien bekommen dabei kostenlos Musikunterricht und Instrumente. Luise B\u00f6rner und Deborah Oehler, zwei Musikerinnen aus Dresden, hatten \u201eEl Sistema\u201c in \u00e4hnlicher Form in Peru erlebt.<\/p>\n<p>Ausbildung in Streich- und Blasinstrumenten<\/p>\n<p data-manual=\"paragraph\" data-schema-org-speakable=\"true\" class=\"css-1eosz7k\">Fortan unterrichteten sie Kinder und Jugendliche kostenlos in Prohlis, zun\u00e4chst in einem fr\u00fcheren Eisladen in einem Einkaufszentrum. Viele Kinder stammen hier aus Fl\u00fcchtlingsfamilien. Um m\u00f6glichst viele von ihnen zu erreichen, entwickelten sie ein eigenes Unterrichtssystem. Aktuell unterrichten 15 Lehrkr\u00e4fte aus f\u00fcnf Nationen den Nachwuchs in Streich- und Blasinstrumenten.<\/p>\n<p><img decoding=\"async\" src=\"https:\/\/www.europesays.com\/de\/wp-content\/uploads\/2026\/06\/21360984-34d8-4958-b264-1cca9db8938b.jpg\"   alt=\"Das musikalische Sozialprojekt 'Musaik' in Dresden bringt jetzt eine Stadtteiloper f\u00fcr Dresden-Prohlis heraus.\" loading=\"lazy\" class=\"css-8atqhb\"\/>Das musikalische Sozialprojekt &#8218;Musaik&#8216; in Dresden bringt jetzt eine Stadtteiloper f\u00fcr Dresden-Prohlis heraus. Robert Michael\/dpa\u201eMusaik\u201c als Instrument f\u00fcr den gesellschaftlichen Wandel<\/p>\n<p data-manual=\"paragraph\" data-schema-org-speakable=\"true\" class=\"css-1eosz7k\">\u201e&#8217;Musaik&#8216; setzt die musikalische Ausbildung im Orchester als Instrument f\u00fcr den gesellschaftlichen Wandel ein\u201c, betont Tim Vollmann, der das B\u00fcro des Vereins betreut. Viele der Kinder und Jugendlichen aus etwa 15 L\u00e4ndern w\u00fcrden aus sozial und finanziell benachteiligten Milieus stammen. \u201eDas Orchester tr\u00e4gt dazu bei, Vorurteile gegen\u00fcber Unbekannten und Fremden abzubauen und erzeugt ein Klima des respektvollen Miteinanders und der Achtsamkeit.\u201c<\/p>\n<p>Staatskapelle Dresden unterst\u00fctzt das Projekt<\/p>\n<p data-manual=\"paragraph\" data-schema-org-speakable=\"true\" class=\"css-1eosz7k\">Schon seit l\u00e4ngerem wird das musikalische Sozialprojekt von der S\u00e4chsischen Staatskapelle Dresden unterst\u00fctzt. Die beiden \u201eMusaik\u201c-Gr\u00fcnderinnen Luise B\u00f6rner und Deborah Oehler sind inzwischen mit dem Verdienstkreuz am Bande der Bundesrepublik Deutschland geehrt worden. \u201eMusaik\u201c ist aus Prohlis nicht mehr wegzudenken &#8211; und der Stadtteil mit etwa 17.000 Einwohnern gilt noch immer als sozialer Brennpunkt. Menschen aus vielen Nationen leben hier.<\/p>\n<p>Spenden sind f\u00fcr das Projekt willkommen<\/p>\n<p data-manual=\"paragraph\" data-schema-org-speakable=\"true\" class=\"css-1eosz7k\">\u00a0Auch beim aktuellen Projekt setzt \u201eMusaik\u201c auf das Engagement der Bewohner. \u201eMachen Sie die Stadtteiloper bunt!\u201c, lautet der Aufruf. F\u00fcr die Auff\u00fchrung werden Kost\u00fcme f\u00fcr etwa 100 Schulkinder, T-Shirts, Leggins und Sch\u00fcrzen gebraucht. Ein Kost\u00fcm ist mit 20 Euro veranschlagt. Die Kinder brauchen das Geld f\u00fcr Material. Mit Farbe und Pinsel wollen sie aus Bananenkisten ein Schloss bauen, aus Holz und Glitzerpapier soll ein \u201eZukunftsstudio\u201c entstehen, aus Goldfolie und einer Nebelmaschine eine \u201eZeitreisemaschine\u201c.<\/p>\n<p data-manual=\"paragraph\" data-schema-org-speakable=\"true\" class=\"css-1eosz7k\">Prohlis hatte sich schon einmal als B\u00fchne f\u00fcr ein spektakul\u00e4res Projekt erwiesen. 2020 kletterten Musiker der Dresdner Sinfoniker auf D\u00e4cher mehrerer Hochh\u00e4user und machten das ganze Viertel zu einem Konzerthaus unter freiem Himmel. Bei \u201eHimmel \u00fcber Prohlis\u201c f\u00fcllten vier Alphorn-Quartette und diverse Bl\u00e4ser-Formationen in luftiger H\u00f6he sowie Schlagzeuger auf chinesischen D\u00e0 G\u01d4-Trommeln das Wohnquartier mit Klang.<\/p>\n<p data-manual=\"paragraph\" data-schema-org-speakable=\"true\" class=\"css-1eosz7k\">\u00a9 dpa-infocom, dpa:260615-930-227152\/1<\/p>\n","protected":false},"excerpt":{"rendered":"Dresden (dpa\/sn) &#8211; Das Projekt \u201eMusaik \u2013 Grenzenlos musizieren\u201c schreibt in Dresden weiter Musikgeschichte. Demn\u00e4chst bekommt das von&hellip;\n","protected":false},"author":2,"featured_media":1097423,"comment_status":"","ping_status":"","sticky":false,"template":"","format":"standard","meta":{"footnotes":"","_share_on_mastodon":"0"},"categories":[1835],"tags":[3364,29,2386,30,80,810,85413,859,1458,149,232589],"class_list":["post-1097422","post","type-post","status-publish","format-standard","has-post-thumbnail","category-dresden","tag-de","tag-deutschland","tag-dresden","tag-germany","tag-kultur","tag-musik","tag-prohlis","tag-sachsen","tag-soziales","tag-sueddeutsche-zeitung","tag-verein-musaik-grenzenlos-musizieren"],"share_on_mastodon":{"url":"https:\/\/pubeurope.com\/@de\/116757306079914227","error":""},"_links":{"self":[{"href":"https:\/\/www.europesays.com\/de\/wp-json\/wp\/v2\/posts\/1097422","targetHints":{"allow":["GET"]}}],"collection":[{"href":"https:\/\/www.europesays.com\/de\/wp-json\/wp\/v2\/posts"}],"about":[{"href":"https:\/\/www.europesays.com\/de\/wp-json\/wp\/v2\/types\/post"}],"author":[{"embeddable":true,"href":"https:\/\/www.europesays.com\/de\/wp-json\/wp\/v2\/users\/2"}],"replies":[{"embeddable":true,"href":"https:\/\/www.europesays.com\/de\/wp-json\/wp\/v2\/comments?post=1097422"}],"version-history":[{"count":0,"href":"https:\/\/www.europesays.com\/de\/wp-json\/wp\/v2\/posts\/1097422\/revisions"}],"wp:featuredmedia":[{"embeddable":true,"href":"https:\/\/www.europesays.com\/de\/wp-json\/wp\/v2\/media\/1097423"}],"wp:attachment":[{"href":"https:\/\/www.europesays.com\/de\/wp-json\/wp\/v2\/media?parent=1097422"}],"wp:term":[{"taxonomy":"category","embeddable":true,"href":"https:\/\/www.europesays.com\/de\/wp-json\/wp\/v2\/categories?post=1097422"},{"taxonomy":"post_tag","embeddable":true,"href":"https:\/\/www.europesays.com\/de\/wp-json\/wp\/v2\/tags?post=1097422"}],"curies":[{"name":"wp","href":"https:\/\/api.w.org\/{rel}","templated":true}]}}