{"id":1097446,"date":"2026-06-16T02:08:25","date_gmt":"2026-06-16T02:08:25","guid":{"rendered":"https:\/\/www.europesays.com\/de\/1097446\/"},"modified":"2026-06-16T02:08:25","modified_gmt":"2026-06-16T02:08:25","slug":"radverkehr-in-stuttgart-fahrradstrasse-in-stuttgart-ost-pilotprojekt-bremst-umsetzung","status":"publish","type":"post","link":"https:\/\/www.europesays.com\/de\/1097446\/","title":{"rendered":"Radverkehr in Stuttgart: Fahrradstra\u00dfe in Stuttgart-Ost: Pilotprojekt bremst Umsetzung"},"content":{"rendered":"<p>\t\t\t\t\t\t\t\t\t\t\t\t\t\t\t\t\t\t\t\t\t\t\t\t\t\t\t\t      \t\t            \t\t             \t\t\t\t   \t\t\t\t\t   <img decoding=\"async\" id=\"article-image\" fetchpriority=\"high\" alt=\"Radverkehr in Stuttgart: Fahrradstra\u00dfe in Stuttgart-Ost: Pilotprojekt bremst Umsetzung\" title=\"Radverkehr in Stuttgart: Fahrradstra\u00dfe in Stuttgart-Ost: Pilotprojekt bremst Umsetzung\" src=\"https:\/\/www.europesays.com\/de\/wp-content\/uploads\/2026\/06\/media.media.8598dab1-add6-42f7-b7a0-06a60b7686e3.16x9_700.jpg\" data-linkto=\"https:\/\/www.stuttgarter-nachrichten.de\/javascript:void(0);\"\/>\t\t\t\t\t\t\t\t\t\t\t\t\t\t\t\t\t\t\t\t\t\t\t\tEin Teil der Landhausstra\u00dfe soll zur Fahrradstra\u00dfe werden. Auf ihr verl\u00e4uft die Hauptradroute 2.\u00a0Foto: Sebastian Steegm\u00fcller\t\t\t<\/p>\n<p>Ein etwa ein Kilometer Abschnitt in der Landhausstra\u00dfe soll zur ersten Fahrradstra\u00dfe im Stuttgarter Osten werden. Die Stadt kann die Umsetzung nicht terminieren.<\/p>\n<p> Acht<a href=\"https:\/\/www.stuttgarter-nachrichten.de\/inhalt.mehr-sicherheit-fuer-radfahrer-baustart-fuer-erste-fahrradstrasse-im-stuttgarter-westen.e0243a3a-678b-47b4-a27f-6e7fd7403ff3.html\" target=\"_blank\" rel=\"nofollow noopener\"> Fahrradstra\u00dfen gibt es bislang in der Landeshauptstadt<\/a>, durch den Stuttgarter Osten f\u00fchrt bislang jedoch keine. Das soll sich \u00e4ndern: Knapp ein Kilometer der Landhausstra\u00dfe soll umgewandelt werden. Nur wann, ist die Frage. \u201eEin konkreter Zeitraum f\u00fcr die Umsetzung l\u00e4sst sich derzeit nicht benennen\u201c, sagt Stadtsprecherin Frederike Myhsok. Von einer Realisierung im laufenden Doppelhaushalt 2026\/27 \u2013 so die urspr\u00fcngliche Planung \u2013 sei voraussichtlich nicht mehr auszugehen.<\/p>\n<p>Bereits im September 2024 hat das Amt f\u00fcr Stadtplanung und Wohnen die Pl\u00e4ne im Bezirksbeirat Ost vorgestellt, im Bezirksbeirat Mitte sogar drei Monate zuvor. Das f\u00fcr die Innenstadt zust\u00e4ndige beratende Gremium wurde einbezogen, weil die Fahrradstra\u00dfe an der Stadtbezirksgrenze beginnen soll, genauer gesagt an der Werastra\u00dfe. Die Strecke verl\u00e4uft in der Landhausstra\u00dfe bis zur Schwarenbergstra\u00dfe, entlang der Hauptradroute 2, welche die Innenstadt \u00fcber die Stadtbezirke Ost und Wangen mit Hedelfingen verbindet.<\/p>\n<p>Doch woran hakt die Umsetzung? \u201eNach der Vorstellung der Planung in den Bezirksbeir\u00e4ten Mitte und Ost musste l\u00e4ngere Zeit auf eine zustimmende R\u00fcckmeldung der Gremien gewartet werden\u201c, sagt Myhsok. \u201eDie Planung kann nun vom Amt f\u00fcr Stadtplanung und Wohnen an das f\u00fcr die Umsetzung zust\u00e4ndige Tiefbauamt \u00fcbergeben werden. Das Projekt wird somit weiterverfolgt.\u201c<\/p>\n<p>Es klingt zun\u00e4chst paradox, aber Verz\u00f6gerungen sind nach Angaben des Amts f\u00fcr Stadtplanung und Wohnen auch entstanden, weil die Ma\u00dfnahme in <a href=\"https:\/\/www.stuttgarter-nachrichten.de\/thema\/Stuttgart\" title=\"Stuttgart\" class=\"art_thema\" rel=\"nofollow noopener\" target=\"_blank\">Stuttgart<\/a>-Ost genutzt wird, <a href=\"https:\/\/www.stuttgarter-nachrichten.de\/inhalt.umbau-unterm-fernsehturm-stuttgart-geldmangel-vorerst-keine-autofreie-zone-auf-der-waldau.b0c37320-118c-46fd-a0c0-6e77e898186e.html\" target=\"_blank\" rel=\"nofollow noopener\">um k\u00fcnftige Radprojekte<\/a> schneller umzusetzen. Die Umgestaltung der Landhausstra\u00dfe dient als Pilotprojekt, um die Zusammenarbeit der beteiligten \u00c4mter zu verbessern. Ein Ansatz: Durch eine aufwendigere Vorplanung sollen k\u00fcnftig sp\u00e4tere Planungs\u00e4nderungen und zeitintensive Nachsteuerungen vermieden werden.<\/p>\n","protected":false},"excerpt":{"rendered":"Ein Teil der Landhausstra\u00dfe soll zur Fahrradstra\u00dfe werden. Auf ihr verl\u00e4uft die Hauptradroute 2.\u00a0Foto: Sebastian Steegm\u00fcller Ein etwa&hellip;\n","protected":false},"author":2,"featured_media":1097447,"comment_status":"","ping_status":"","sticky":false,"template":"","format":"standard","meta":{"footnotes":"","_share_on_mastodon":"0"},"categories":[1830],"tags":[1634,3364,29,14253,232604,30,232603,13518,1441,15389],"class_list":["post-1097446","post","type-post","status-publish","format-standard","has-post-thumbnail","category-stuttgart","tag-baden-wuerttemberg","tag-de","tag-deutschland","tag-fahrradstrasse","tag-frederike-myhsok","tag-germany","tag-landhausstrasse","tag-radverkehr","tag-stuttgart","tag-stuttgart-ost"],"share_on_mastodon":{"url":"","error":""},"_links":{"self":[{"href":"https:\/\/www.europesays.com\/de\/wp-json\/wp\/v2\/posts\/1097446","targetHints":{"allow":["GET"]}}],"collection":[{"href":"https:\/\/www.europesays.com\/de\/wp-json\/wp\/v2\/posts"}],"about":[{"href":"https:\/\/www.europesays.com\/de\/wp-json\/wp\/v2\/types\/post"}],"author":[{"embeddable":true,"href":"https:\/\/www.europesays.com\/de\/wp-json\/wp\/v2\/users\/2"}],"replies":[{"embeddable":true,"href":"https:\/\/www.europesays.com\/de\/wp-json\/wp\/v2\/comments?post=1097446"}],"version-history":[{"count":0,"href":"https:\/\/www.europesays.com\/de\/wp-json\/wp\/v2\/posts\/1097446\/revisions"}],"wp:featuredmedia":[{"embeddable":true,"href":"https:\/\/www.europesays.com\/de\/wp-json\/wp\/v2\/media\/1097447"}],"wp:attachment":[{"href":"https:\/\/www.europesays.com\/de\/wp-json\/wp\/v2\/media?parent=1097446"}],"wp:term":[{"taxonomy":"category","embeddable":true,"href":"https:\/\/www.europesays.com\/de\/wp-json\/wp\/v2\/categories?post=1097446"},{"taxonomy":"post_tag","embeddable":true,"href":"https:\/\/www.europesays.com\/de\/wp-json\/wp\/v2\/tags?post=1097446"}],"curies":[{"name":"wp","href":"https:\/\/api.w.org\/{rel}","templated":true}]}}