{"id":1097519,"date":"2026-06-16T02:51:40","date_gmt":"2026-06-16T02:51:40","guid":{"rendered":"https:\/\/www.europesays.com\/de\/1097519\/"},"modified":"2026-06-16T02:51:40","modified_gmt":"2026-06-16T02:51:40","slug":"muenster-unabhaengiger-kandidat-sven-diehl-will-buergermeister-werden","status":"publish","type":"post","link":"https:\/\/www.europesays.com\/de\/1097519\/","title":{"rendered":"M\u00fcnster: Unabh\u00e4ngiger Kandidat Sven Diehl will B\u00fcrgermeister werden"},"content":{"rendered":"<p class=\"paragraph --regular --color\" data-v-ad2bcb75=\"\" data-v-5c4b7507=\"\">Dass er damit ebenso wie mit anderen inhaltlichen Schwerpunkten seiner Kandidatur \u2013 wie der Schaffung bezahlbaren Wohnraums, solide Finanzen und eine eher restriktive Ausgabenpolitik \u2013 beim W\u00e4hler zu punkten vermag, da ist Sven Diehl guter Dinge: \u201eMich zeichnet aus, dass ich sehr viel beobachte, reflektiere und das tun m\u00f6chte, was den Menschen dient\u201c, sagt er. Pers\u00f6nliche Eitelkeit sei ihm fremd. \u201eVielleicht ist auch ein B\u00fcrgermeister mit Schwerbehinderung mal was Neues und von Vorteil\u201c, meint er. \u201eDadurch hat man einen ganz anderen Blick f\u00fcr Barrierefreiheit und Menschen mit Behinderung.\u201c<\/p>\n","protected":false},"excerpt":{"rendered":"Dass er damit ebenso wie mit anderen inhaltlichen Schwerpunkten seiner Kandidatur \u2013 wie der Schaffung bezahlbaren Wohnraums, solide&hellip;\n","protected":false},"author":2,"featured_media":1097520,"comment_status":"","ping_status":"","sticky":false,"template":"","format":"standard","meta":{"footnotes":"","_share_on_mastodon":"0"},"categories":[1843],"tags":[16797,16796,16787,16795,16785,3364,29,16786,16784,16783,16791,427,347,30,16794,16788,16790,80,5882,2249,8970,14,1209,16789,16793,5661,265,16798,7195,16792],"class_list":["post-1097519","post","type-post","status-publish","format-standard","has-post-thumbnail","category-muenster","tag-beerfelden","tag-bensheim","tag-bergstrasse","tag-bickenbach","tag-darmstadt","tag-de","tag-deutschland","tag-dieburg","tag-echo-online","tag-echo-zeitungen","tag-erbach","tag-esa","tag-fussball","tag-germany","tag-gross-bieberau","tag-gross-gerau","tag-heppenheim","tag-kultur","tag-lokalsport","tag-meldungen","tag-muenster","tag-nachrichten","tag-nordrhein-westfalen","tag-odenwald","tag-pfungstadt","tag-ruesselsheim","tag-sport","tag-sv-98","tag-vereine","tag-weiterstadt"],"share_on_mastodon":{"url":"https:\/\/pubeurope.com\/@de\/116757521230771809","error":""},"_links":{"self":[{"href":"https:\/\/www.europesays.com\/de\/wp-json\/wp\/v2\/posts\/1097519","targetHints":{"allow":["GET"]}}],"collection":[{"href":"https:\/\/www.europesays.com\/de\/wp-json\/wp\/v2\/posts"}],"about":[{"href":"https:\/\/www.europesays.com\/de\/wp-json\/wp\/v2\/types\/post"}],"author":[{"embeddable":true,"href":"https:\/\/www.europesays.com\/de\/wp-json\/wp\/v2\/users\/2"}],"replies":[{"embeddable":true,"href":"https:\/\/www.europesays.com\/de\/wp-json\/wp\/v2\/comments?post=1097519"}],"version-history":[{"count":0,"href":"https:\/\/www.europesays.com\/de\/wp-json\/wp\/v2\/posts\/1097519\/revisions"}],"wp:featuredmedia":[{"embeddable":true,"href":"https:\/\/www.europesays.com\/de\/wp-json\/wp\/v2\/media\/1097520"}],"wp:attachment":[{"href":"https:\/\/www.europesays.com\/de\/wp-json\/wp\/v2\/media?parent=1097519"}],"wp:term":[{"taxonomy":"category","embeddable":true,"href":"https:\/\/www.europesays.com\/de\/wp-json\/wp\/v2\/categories?post=1097519"},{"taxonomy":"post_tag","embeddable":true,"href":"https:\/\/www.europesays.com\/de\/wp-json\/wp\/v2\/tags?post=1097519"}],"curies":[{"name":"wp","href":"https:\/\/api.w.org\/{rel}","templated":true}]}}