{"id":109762,"date":"2025-05-14T11:09:18","date_gmt":"2025-05-14T11:09:18","guid":{"rendered":"https:\/\/www.europesays.com\/de\/109762\/"},"modified":"2025-05-14T11:09:18","modified_gmt":"2025-05-14T11:09:18","slug":"unfall-mit-verletzten-auf-strasse-neben-sonnenlandpark","status":"publish","type":"post","link":"https:\/\/www.europesays.com\/de\/109762\/","title":{"rendered":"Unfall mit Verletzten auf Stra\u00dfe neben Sonnenlandpark"},"content":{"rendered":"<p class=\"bold\">\n\t\t\t\t\t\t\t\t\t\tNach dem Unfall landete ein Fahrzeug 100 Meter weiter im Stra\u00dfengraben. Was bisher bekannt ist.\t\t\t\t<\/p>\n<p>\t\t\t\t Am Dienstagabend gegen 19.25 Uhr hat sich auf der S200 zwischen Oberlichtenau und Ottendorf in H\u00f6he des Sonnenlandparks ein Unfall ereignet. Nach Informationen der Polizei wollte ein 58-j\u00e4hriger Skoda-Fahrer von der Stra\u00dfe zum Sonnenlandpark auf die Sachsenstra\u00dfe (S200) nach links einbiegen und hat dabei einen Pkw Kia \u00fcbersehen. Es kam zum&#8230;<\/p>\n<p>\t\t<img decoding=\"async\" class=\"fp-plus-logo\" src=\"https:\/\/www.europesays.com\/de\/wp-content\/uploads\/2025\/04\/fpplus.svg.svg+xml\" alt=\"Freie Presse plus Logo\"\/><\/p>\n<p>Registrieren und testen.<\/p>\n<p>Jetzt mit Ihrer Registrierung 1 Monat gratis testen und alle Beitr\u00e4ge lesen.<\/p>\n<p>Schon Abonnent? Melden Sie sich mit ihren Zugangsdaten an.<\/p>\n","protected":false},"excerpt":{"rendered":"Nach dem Unfall landete ein Fahrzeug 100 Meter weiter im Stra\u00dfengraben. Was bisher bekannt ist. Am Dienstagabend gegen&hellip;\n","protected":false},"author":2,"featured_media":109763,"comment_status":"","ping_status":"","sticky":false,"template":"","format":"standard","meta":{"footnotes":""},"categories":[1851],"tags":[2770,3364,29,548,663,3934,30,13,14,15,859,12,2624],"class_list":{"0":"post-109762","1":"post","2":"type-post","3":"status-publish","4":"format-standard","5":"has-post-thumbnail","7":"category-chemnitz","8":"tag-chemnitz","9":"tag-de","10":"tag-deutschland","11":"tag-eu","12":"tag-europa","13":"tag-europe","14":"tag-germany","15":"tag-headlines","16":"tag-nachrichten","17":"tag-news","18":"tag-sachsen","19":"tag-schlagzeilen","20":"tag-unfaelle"},"share_on_mastodon":{"url":"https:\/\/pubeurope.com\/@de\/114505879616964438","error":""},"_links":{"self":[{"href":"https:\/\/www.europesays.com\/de\/wp-json\/wp\/v2\/posts\/109762","targetHints":{"allow":["GET"]}}],"collection":[{"href":"https:\/\/www.europesays.com\/de\/wp-json\/wp\/v2\/posts"}],"about":[{"href":"https:\/\/www.europesays.com\/de\/wp-json\/wp\/v2\/types\/post"}],"author":[{"embeddable":true,"href":"https:\/\/www.europesays.com\/de\/wp-json\/wp\/v2\/users\/2"}],"replies":[{"embeddable":true,"href":"https:\/\/www.europesays.com\/de\/wp-json\/wp\/v2\/comments?post=109762"}],"version-history":[{"count":0,"href":"https:\/\/www.europesays.com\/de\/wp-json\/wp\/v2\/posts\/109762\/revisions"}],"wp:featuredmedia":[{"embeddable":true,"href":"https:\/\/www.europesays.com\/de\/wp-json\/wp\/v2\/media\/109763"}],"wp:attachment":[{"href":"https:\/\/www.europesays.com\/de\/wp-json\/wp\/v2\/media?parent=109762"}],"wp:term":[{"taxonomy":"category","embeddable":true,"href":"https:\/\/www.europesays.com\/de\/wp-json\/wp\/v2\/categories?post=109762"},{"taxonomy":"post_tag","embeddable":true,"href":"https:\/\/www.europesays.com\/de\/wp-json\/wp\/v2\/tags?post=109762"}],"curies":[{"name":"wp","href":"https:\/\/api.w.org\/{rel}","templated":true}]}}