{"id":1097658,"date":"2026-06-16T04:12:16","date_gmt":"2026-06-16T04:12:16","guid":{"rendered":"https:\/\/www.europesays.com\/de\/1097658\/"},"modified":"2026-06-16T04:12:16","modified_gmt":"2026-06-16T04:12:16","slug":"zwei-jahre-auf-bewaehrung-sexueller-missbrauch-in-vreden","status":"publish","type":"post","link":"https:\/\/www.europesays.com\/de\/1097658\/","title":{"rendered":"Zwei Jahre auf Bew\u00e4hrung: Sexueller Missbrauch in Vreden"},"content":{"rendered":"<p>\t\tMissbrauch an Stieftochter in Vreden<br \/>\n\t\t\t\t\tUrteil ist rechtskr\u00e4ftig<\/p>\n<p>\t\t\t\t<a class=\"article-author__name\" href=\"https:\/\/www.muensterlandzeitung.de\/author\/karin-printing\/\" rel=\"author nofollow noopener\" target=\"_blank\">Karin Printing<\/a><br \/>\n\t\tRedakteurin<\/p>\n<p>    <a href=\"https:\/\/www.muensterlandzeitung.de\/wp-content\/uploads\/2026\/06\/15\/09\/630_0900_6364812_-1648x824.jpg\" rel=\"nofollow noopener\" target=\"_blank\"><\/p>\n<p>            <img decoding=\"async\" fetchpriority=\"high\" src=\"https:\/\/www.europesays.com\/de\/wp-content\/uploads\/2026\/06\/630_0900_6364809_-640x428.jpg\" width=\"640\" height=\"428\"  alt=\"Angeklagter und Verteidiger sitzen in einem Saal des Landgerichts M\u00fcnster.\"\/><\/p>\n<p>    <\/a><br \/>\n    Der Angeklagte aus Rheine mit seinem Verteidiger im Landgericht M\u00fcnster. Der 53-J\u00e4hrige wurde wegen Missbrauchstaten in Vreden zu zwei Jahren auf Bew\u00e4hrung verurteilt. \u00a9 Karin Printing<\/p>\n<p class=\"article__teaser-text\">Das Landgericht M\u00fcnster verurteilt einen 53-J\u00e4hrigen wegen sechs Missbrauchstaten in Vreden. Das Urteil ist nach Rechtsmittelverzicht rechtskr\u00e4ftig.<\/p>\n<p>2 Min Lesezeit<\/p>\n<p>Urteil am LandgerichtVorw\u00fcrfe gegen AngeklagtenWiederholte NachfragenGest\u00e4ndnis z\u00e4hltVerfahren beendet<\/p>\n","protected":false},"excerpt":{"rendered":"Missbrauch an Stieftochter in Vreden Urteil ist rechtskr\u00e4ftig Karin Printing Redakteurin Der Angeklagte aus Rheine mit seinem Verteidiger&hellip;\n","protected":false},"author":2,"featured_media":1097659,"comment_status":"","ping_status":"","sticky":false,"template":"","format":"standard","meta":{"footnotes":"","_share_on_mastodon":"0"},"categories":[1843],"tags":[3364,29,30,8970,1209,3826,27709],"class_list":["post-1097658","post","type-post","status-publish","format-standard","has-post-thumbnail","category-muenster","tag-de","tag-deutschland","tag-germany","tag-muenster","tag-nordrhein-westfalen","tag-sicherheit-kriminalitaet","tag-strafprozess"],"share_on_mastodon":{"url":"https:\/\/pubeurope.com\/@de\/116757839825417913","error":""},"_links":{"self":[{"href":"https:\/\/www.europesays.com\/de\/wp-json\/wp\/v2\/posts\/1097658","targetHints":{"allow":["GET"]}}],"collection":[{"href":"https:\/\/www.europesays.com\/de\/wp-json\/wp\/v2\/posts"}],"about":[{"href":"https:\/\/www.europesays.com\/de\/wp-json\/wp\/v2\/types\/post"}],"author":[{"embeddable":true,"href":"https:\/\/www.europesays.com\/de\/wp-json\/wp\/v2\/users\/2"}],"replies":[{"embeddable":true,"href":"https:\/\/www.europesays.com\/de\/wp-json\/wp\/v2\/comments?post=1097658"}],"version-history":[{"count":0,"href":"https:\/\/www.europesays.com\/de\/wp-json\/wp\/v2\/posts\/1097658\/revisions"}],"wp:featuredmedia":[{"embeddable":true,"href":"https:\/\/www.europesays.com\/de\/wp-json\/wp\/v2\/media\/1097659"}],"wp:attachment":[{"href":"https:\/\/www.europesays.com\/de\/wp-json\/wp\/v2\/media?parent=1097658"}],"wp:term":[{"taxonomy":"category","embeddable":true,"href":"https:\/\/www.europesays.com\/de\/wp-json\/wp\/v2\/categories?post=1097658"},{"taxonomy":"post_tag","embeddable":true,"href":"https:\/\/www.europesays.com\/de\/wp-json\/wp\/v2\/tags?post=1097658"}],"curies":[{"name":"wp","href":"https:\/\/api.w.org\/{rel}","templated":true}]}}