{"id":1097701,"date":"2026-06-16T04:41:15","date_gmt":"2026-06-16T04:41:15","guid":{"rendered":"https:\/\/www.europesays.com\/de\/1097701\/"},"modified":"2026-06-16T04:41:15","modified_gmt":"2026-06-16T04:41:15","slug":"nuernberg-sanierung-der-ludwig-uhland-schule-beginnt-fuer-49-millionen","status":"publish","type":"post","link":"https:\/\/www.europesays.com\/de\/1097701\/","title":{"rendered":"N\u00fcrnberg: Sanierung der Ludwig-Uhland-Schule beginnt \u2013 f\u00fcr 49 Millionen"},"content":{"rendered":"<p>Arbeiten beginnen <\/p>\n<p>Historischer Schulbau wird f\u00fcr fast 49 Millionen Euro saniert<\/p>\n<p>15.06.2026 &#8211; 16:15 UhrLesedauer: 1 Min.<\/p>\n<p><a href=\"#focus-0\" class=\"transition-colors block text-current relative\" data-sctrack=\"FocusGalleryImage.Reference\"><img fetchpriority=\"high\" data-testid=\"Opener.Image\"   loading=\"eager\" src=\"https:\/\/www.europesays.com\/de\/wp-content\/uploads\/2026\/06\/die-ludwig-uhland-schule-archivbild-das-historische-gebaeude-wird-in-den-kommenden-jahren-generalsan.jpeg\" alt=\"Die Ludwig-Uhland-Schule (Archivbild): Das historische Geb\u00e4ude wird in den kommenden Jahren generalsaniert.\" title=\"Die Ludwig-Uhland-Schule (Archivbild): Das historische Geb\u00e4ude wird in den kommenden Jahren generalsaniert.\" width=\"4032\" height=\"2268\" class=\"bg-[url:var(--lqipURL)] bg-cover bg-center flex h-full w-full max-w-full\" style=\"--lqipURL:url('https:\/\/images.t-online.de\/2026\/06\/ovWBVbPx3BKl\/0x378:4032x2268\/fit-in\/150x0\/filters:blur(25)\/die-ludwig-uhland-schule-archivbild-das-historische-gebaeude-wird-in-den-kommenden-jahren-generalsaniert.jpg')\" decoding=\"async\"\/><img loading=\"lazy\" src=\"https:\/\/nuernberg.t-online.de\/s\/paper\/_next\/static\/media\/zoom-in.f7dae02f.svg\" alt=\"Vergr\u00f6\u00dfern des Bildes\" title=\"Vergr\u00f6\u00dfern des Bildes\" class=\"block h-[calc(var(--height)_\/_16_*_1rem)] w-[calc(var(--width)_\/_16_*_1rem)] max-w-none absolute right-8 bottom-8 rounded-4 bg-snow p-8\" style=\"--width:32;--height:32\" decoding=\"async\"\/><\/a><\/p>\n<p>Die Ludwig-Uhland-Schule (Archivbild): Das historische Geb\u00e4ude wird in den kommenden Jahren generalsaniert. (Quelle: WBG Kommunal GmbH\/Dirk Lauterbach )<\/p>\n<p><img loading=\"lazy\" src=\"https:\/\/nuernberg.t-online.de\/s\/paper\/_next\/static\/media\/audio-volume.6689034c.svg\" alt=\"\" title=\"\" class=\"block h-[calc(var(--height)_\/_16_*_1rem)] w-[calc(var(--width)_\/_16_*_1rem)] max-w-none group-hover:brightness-0 group-hover:invert\" style=\"--width:16;--height:16\" decoding=\"async\"\/>Vorlesen<\/p>\n<p>Aktuelle Zeit:0:00Gesamtdauer:0:00<\/p>\n<p>1x<\/p>\n<p class=\"text-center\">Jetzt neu bei t-online:<\/p>\n<p class=\"text-center\">Schriftgr\u00f6\u00dfe anpassen!<\/p>\n<p><img loading=\"lazy\" src=\"https:\/\/nuernberg.t-online.de\/s\/paper\/_next\/static\/media\/font-sizes.32942e33.svg\" alt=\"\" title=\"\" class=\"block h-[calc(var(--height)_\/_16_*_1rem)] w-[calc(var(--width)_\/_16_*_1rem)] max-w-none group-hover:hidden group-aria-expanded:hidden\" style=\"--width:16;--height:16\" decoding=\"async\"\/><img loading=\"lazy\" src=\"https:\/\/nuernberg.t-online.de\/s\/paper\/_next\/static\/media\/font-sizes-dark-mode.e382645c.svg\" alt=\"\" title=\"\" class=\"block h-[calc(var(--height)_\/_16_*_1rem)] w-[calc(var(--width)_\/_16_*_1rem)] max-w-none hidden group-hover:block group-aria-expanded:block\" style=\"--width:16;--height:16\" decoding=\"async\"\/><img loading=\"lazy\" src=\"https:\/\/nuernberg.t-online.de\/s\/paper\/_next\/static\/media\/sharing-menu-icon.1eb71368.svg\" alt=\"\" title=\"\" class=\"block h-[calc(var(--height)_\/_16_*_1rem)] w-[calc(var(--width)_\/_16_*_1rem)] max-w-none group-hover:brightness-0 group-hover:invert\" style=\"--width:16;--height:16\" decoding=\"async\"\/>Artikel teilen<\/p>\n<p class=\"font-bold text-18 leading-17 user-text-lg:text-22 user-text-xl:text-24\">In N\u00fcrnberg startet die umfassende Sanierung der Ludwig-Uhland-Schule. Die Arbeiten sollen moderne Lernbedingungen schaffen und den historischen Charakter erhalten.<\/p>\n<p class=\"text-18 leading-17 user-text-lg:text-22 user-text-xl:text-24\">An der denkmalgesch\u00fctzten Ludwig-Uhland-Schule in N\u00fcrnberg beginnt am Freitag die Generalsanierung des historischen Altbaus durch die st\u00e4dtische WBG Kommunal GmbH. Nach dem Umzug der Mittelschule in die sanierte Pilotyschule sowie der Grundschule in einen Neubau starten die Arbeiten am Geb\u00e4ude aus der Gr\u00fcnderzeit.<\/p>\n<p class=\"text-18 leading-17 user-text-lg:text-22 user-text-xl:text-24\">Der Altbau soll nach Angaben der Stadt k\u00fcnftig Platz f\u00fcr eine f\u00fcnfz\u00fcgige Mittelschule mit bis zu 625 Sch\u00fclern bieten. Geplant sind unter anderem sechs Halbtagsklassen, 19 gebundene Ganztagsklassen sowie bis zu elf Mittlere-Reife-Klassen.<\/p>\n<p>Modernisierung unter Denkmalschutzauflagen<\/p>\n<p class=\"text-18 leading-17 user-text-lg:text-22 user-text-xl:text-24\">Oberb\u00fcrgermeister Marcus K\u00f6nig (CSU) erkl\u00e4rte: &#8222;Mit der Generalsanierung der Ludwig-Uhland-Schule investieren wir gezielt in die Zukunft der Bildungslandschaft in N\u00fcrnberg. Es entsteht ein moderner und leistungsf\u00e4higer Schulstandort, der gleichzeitig den historischen Charakter dieses besonderen Geb\u00e4udes bewahrt.&#8220;<\/p>\n<p><a href=\"#focus-1\" class=\"transition-colors block text-current relative\" data-sctrack=\"FocusGalleryImage.Reference\"><img   loading=\"lazy\" src=\"https:\/\/www.europesays.com\/de\/wp-content\/uploads\/2026\/06\/offizieller-startschuss-fuer-die-generalsanierung-der-ludwig-uhland-schule-v-l-ralf-schekira-geschae.jpeg\" alt=\"Offizieller Startschuss f\u00fcr die Generalsanierung der Ludwig-Uhland-Schule: (v.l.): Ralf Schekira, Gesch\u00e4ftsf\u00fchrer der WBG Kommunal GmbH, Cornelia Trinkl, Referentin f\u00fcr Bildung, Oberb\u00fcrgermeister Marcus K\u00f6nig und B\u00fcrgermeister Nasser Ahmed.\" title=\"Offizieller Startschuss f\u00fcr die Generalsanierung der Ludwig-Uhland-Schule: (v.l.): Ralf Schekira, Gesch\u00e4ftsf\u00fchrer der WBG Kommunal GmbH, Cornelia Trinkl, Referentin f\u00fcr Bildung, Oberb\u00fcrgermeister Marcus K\u00f6nig und B\u00fcrgermeister Nasser Ahmed.\" width=\"1772\" height=\"997\" class=\"h-full w-full max-w-full rounded-8\" decoding=\"async\"\/><img loading=\"lazy\" src=\"https:\/\/nuernberg.t-online.de\/s\/paper\/_next\/static\/media\/zoom-in.f7dae02f.svg\" alt=\"Vergr\u00f6\u00dfern des Bildes\" title=\"Vergr\u00f6\u00dfern des Bildes\" class=\"block h-[calc(var(--height)_\/_16_*_1rem)] w-[calc(var(--width)_\/_16_*_1rem)] max-w-none absolute right-8 bottom-8 rounded-4 bg-snow p-8\" style=\"--width:32;--height:32\" decoding=\"async\"\/>Offizieller Startschuss f\u00fcr die Generalsanierung der Ludwig-Uhland-Schule: (v.l.): Ralf Schekira, Gesch\u00e4ftsf\u00fchrer der WBG Kommunal GmbH, Cornelia Trinkl, Referentin f\u00fcr Bildung, Oberb\u00fcrgermeister Marcus K\u00f6nig und B\u00fcrgermeister Nasser Ahmed. (Quelle: WBG N\u00fcrnberg\/Julian Wachtler)<\/a><\/p>\n<p class=\"text-18 leading-17 user-text-lg:text-22 user-text-xl:text-24\">Das 1908 errichtete Geb\u00e4ude wird umfassend modernisiert und denkmalgerecht saniert. Vorgesehen sind unter anderem die Erneuerung der technischen Geb\u00e4udeausr\u00fcstung, neue Fenster, eine neue Dacheindeckung sowie Ma\u00dfnahmen zur Energieeffizienz wie D\u00e4mmung, Sonnenschutz und eine L\u00fcftungsanlage mit W\u00e4rmer\u00fcckgewinnung. Die historische Fassadengestaltung bleibt erhalten und wird restauriert.<\/p>\n<p>Fertigstellung f\u00fcr den Herbst 2028 geplant<\/p>\n<p class=\"text-18 leading-17 user-text-lg:text-22 user-text-xl:text-24\">Wie B\u00fcrgermeister und Baureferent Nasser Ahmed (SPD) erkl\u00e4rte, sei die Ludwig-Uhland-Schule seit Generationen &#8222;ein wichtiger Ort des Lernens und des Miteinanders&#8220; im N\u00fcrnberger Norden. Mit der Sanierung bewahre man &#8222;ein identit\u00e4tsstiftendes Geb\u00e4ude&#8220; und schaffe zugleich &#8222;beste Bedingungen f\u00fcr kommende Sch\u00fclergenerationen&#8220;.<\/p>\n<p class=\"text-18 leading-17 user-text-lg:text-22 user-text-xl:text-24\">Auch die Au\u00dfenanlagen sollen neu gestaltet werden. Der bestehende Baumbestand bleibt weitgehend erhalten. Die Fertigstellung des sanierten Altbaus ist f\u00fcr Herbst 2028 vorgesehen. Die Gesamtkosten liegen den Planungen zufolge bei rund 48,9 Millionen Euro.<\/p>\n","protected":false},"excerpt":{"rendered":"Arbeiten beginnen Historischer Schulbau wird f\u00fcr fast 49 Millionen Euro saniert 15.06.2026 &#8211; 16:15 UhrLesedauer: 1 Min. Die&hellip;\n","protected":false},"author":2,"featured_media":1097702,"comment_status":"","ping_status":"","sticky":false,"template":"","format":"standard","meta":{"footnotes":"","_share_on_mastodon":"0"},"categories":[1837],"tags":[722,772,3364,29,30,7070,32638,3783,36974,966],"class_list":["post-1097701","post","type-post","status-publish","format-standard","has-post-thumbnail","category-nuernberg","tag-722","tag-bayern","tag-de","tag-deutschland","tag-germany","tag-marcus-koenig","tag-nasser-ahmed","tag-nuernberg","tag-schulbau","tag-schule"],"share_on_mastodon":{"url":"","error":""},"_links":{"self":[{"href":"https:\/\/www.europesays.com\/de\/wp-json\/wp\/v2\/posts\/1097701","targetHints":{"allow":["GET"]}}],"collection":[{"href":"https:\/\/www.europesays.com\/de\/wp-json\/wp\/v2\/posts"}],"about":[{"href":"https:\/\/www.europesays.com\/de\/wp-json\/wp\/v2\/types\/post"}],"author":[{"embeddable":true,"href":"https:\/\/www.europesays.com\/de\/wp-json\/wp\/v2\/users\/2"}],"replies":[{"embeddable":true,"href":"https:\/\/www.europesays.com\/de\/wp-json\/wp\/v2\/comments?post=1097701"}],"version-history":[{"count":0,"href":"https:\/\/www.europesays.com\/de\/wp-json\/wp\/v2\/posts\/1097701\/revisions"}],"wp:featuredmedia":[{"embeddable":true,"href":"https:\/\/www.europesays.com\/de\/wp-json\/wp\/v2\/media\/1097702"}],"wp:attachment":[{"href":"https:\/\/www.europesays.com\/de\/wp-json\/wp\/v2\/media?parent=1097701"}],"wp:term":[{"taxonomy":"category","embeddable":true,"href":"https:\/\/www.europesays.com\/de\/wp-json\/wp\/v2\/categories?post=1097701"},{"taxonomy":"post_tag","embeddable":true,"href":"https:\/\/www.europesays.com\/de\/wp-json\/wp\/v2\/tags?post=1097701"}],"curies":[{"name":"wp","href":"https:\/\/api.w.org\/{rel}","templated":true}]}}