{"id":1097951,"date":"2026-06-16T07:01:18","date_gmt":"2026-06-16T07:01:18","guid":{"rendered":"https:\/\/www.europesays.com\/de\/1097951\/"},"modified":"2026-06-16T07:01:18","modified_gmt":"2026-06-16T07:01:18","slug":"tipps-fuer-karlsruhe-biergaerten-zwischen-schrebergaerten-und-radwegen-3","status":"publish","type":"post","link":"https:\/\/www.europesays.com\/de\/1097951\/","title":{"rendered":"Tipps f\u00fcr Karlsruhe: Bierg\u00e4rten zwischen Schreberg\u00e4rten und Radwegen"},"content":{"rendered":"<p class=\"mb-6 text-xs-varying md:text-m lg:text-l font-serif group-[.font-sans]:font-sans \">\n    <a href=\"https:\/\/www.ka-news.de\/karlsruhe\/stadtgespraech\/wetter-in-karlsruhe-pfingsten-bringt-sonne-und-bis-zu-30-grad-22-5-26-114267938\" target=\"_self\" class=\"underline \" rel=\"nofollow noopener\">Der Sommer h\u00e4lt Einzug in Karlsruhe<\/a> und mit ihm w\u00e4chst die Lust auf Aktivit\u00e4ten im Freien. Mit dem Fahrrad oder der Bahn gelangt man schnell in die ruhigeren Randgebiete, um eine kleine Tour ins Gr\u00fcne zu unternehmen. Ob per Rad oder zu Fu\u00df: Rund um <a href=\"https:\/\/www.ka-news.de\/karlsruhe\" target=\"_self\" class=\"underline \" rel=\"nofollow noopener\">Karlsruhe<\/a> gibt es so einige Gartenlokale, die an hei\u00dfen Tagen k\u00fchlen Schatten spenden und zu einer kleinen Rast einladen.<strong class=\"font-bold\"> ka-news stellt sie euch vor.<\/strong>\n  <\/p>\n<p>            Biergarten-Tipps f\u00fcr die Radtour-Pause<\/p>\n<p class=\"mb-6 text-xs-varying md:text-m lg:text-l font-serif group-[.font-sans]:font-sans \">\n    Zwischen den Schreberg\u00e4rten in den \u00e4u\u00dferen Stadtteilen von <a href=\"https:\/\/www.ka-news.de\/promis\/karlsruhe-kulturlandschaft-technologieregion-und-residenz-des-rechts-die-faecherstadt-im-ueberblick-art-2783253\" target=\"_self\" class=\"underline \" rel=\"nofollow noopener\">Karlsruhe<\/a> gibt es f\u00fcr Wanderer und Radfahrer so manches Lokal zu entdecken, in das man unterwegs einkehren kann. ka-news hat dazu eine <strong class=\"font-bold\">Liste von Gastst\u00e4tten zusammengestellt<\/strong>, die zu einer kleinen Rast einladen.\n  <\/p>\n<p class=\"mb-6 text-xs-varying md:text-m lg:text-l font-serif group-[.font-sans]:font-sans \">\n    Welche Gartenlokale aus Karlsruhe geh\u00f6ren noch auf die Liste? Schreibt es uns in die Kommentare.\n  <\/p>\n<p>            Hexenk\u00fcche (Daxlanden)<\/p>\n<ul rel=\"\" class=\"[&amp;&gt;li]:relative list-none  [&amp;&gt;li]:pl-[1.2em] [&amp;&gt;li]:marker:text-[0] [&amp;&gt;li]:relative [&amp;&gt;li]:before:absolute [&amp;&gt;li]:before:w-3 [&amp;&gt;li]:before:h-3 [&amp;&gt;li]:before:bg-brand [&amp;&gt;li]:before:left-0 [&amp;&gt;li]:before:top-[8px] [&amp;&gt;li]:before:rounded-full  my-5\">\n<li class=\" mb-3 text-xs md:text-m lg:text-l\">Wo?\u00a0Inselstra\u00dfe 28, 76189 Karlsruhe<\/li>\n<li class=\" mb-3 text-xs md:text-m lg:text-l\">Was? Deutsche K\u00fcche<\/li>\n<li class=\" mb-3 text-xs md:text-m lg:text-l\">\u00d6ffnungszeiten?\u00a0Dienstag\u2013Samstag: 12\u201321 Uhr; Sonntag\u2013Montag: Ruhetag<\/li>\n<li class=\" mb-3 text-xs md:text-m lg:text-l\">Preis pro Person? 10\u201320 Euro<\/li>\n<\/ul>\n<p class=\"mb-6 text-xs-varying md:text-m lg:text-l font-serif group-[.font-sans]:font-sans \">\n    <a href=\"https:\/\/www.ka-news.de\/karlsruhe\/gastro-und-handel\/neuer-biergarten-hexenkueche-eroeffnet-in-daxlanden-29-5-26-114176190\" target=\"_self\" class=\"underline \" rel=\"nofollow noopener\">Die Hexenk\u00fcche wurde neu \u00fcbernommen und ist seit Ende April neu er\u00f6ffnet<\/a>.\n  <\/p>\n<p>    <img decoding=\"async\" src=\"https:\/\/images.mgpd.de\/img\/114176082\/crop\/c16_9-w100\/226815908\/1732044872\/img5307.jpg\" alt=\"Das Biergartenrestaurant \u201eHexenk\u00fcche\u201c in Daxlanden. (Archivbild)\" title=\"Das Biergartenrestaurant \u201eHexenk\u00fcche\u201c in Daxlanden. (Archivbild)\" loading=\"lazy\" class=\"h-full w-full object-cover\"\/><\/p>\n<p>      Icon vergr\u00f6\u00dfern<\/p>\n<p>    Das Biergartenrestaurant \u201eHexenk\u00fcche\u201c in Daxlanden. (Archivbild)<br \/>\n    Foto: Gerrit Lieb<\/p>\n<p>        Schlie\u00dfen <\/p>\n<p>      Icon Schlie\u00dfen<\/p>\n<p>        Icon vergr\u00f6\u00dfern<\/p>\n<p>        Icon verkleinern<\/p>\n<p>      Icon Pfeil bewegen<\/p>\n<p>    Das Biergartenrestaurant \u201eHexenk\u00fcche\u201c in Daxlanden. (Archivbild)<br \/>\n    Foto: Gerrit Lieb<\/p>\n<p>            Restaurant Schreberklause (Durlach-Aue)<\/p>\n<ul rel=\"\" class=\"[&amp;&gt;li]:relative list-none  [&amp;&gt;li]:pl-[1.2em] [&amp;&gt;li]:marker:text-[0] [&amp;&gt;li]:relative [&amp;&gt;li]:before:absolute [&amp;&gt;li]:before:w-3 [&amp;&gt;li]:before:h-3 [&amp;&gt;li]:before:bg-brand [&amp;&gt;li]:before:left-0 [&amp;&gt;li]:before:top-[8px] [&amp;&gt;li]:before:rounded-full  my-5\">\n<li class=\" mb-3 text-xs md:text-m lg:text-l\">Wo?\u00a0Im Breitbars-Br\u00fcchle 1, 76227 Karlsruhe<\/li>\n<li class=\" mb-3 text-xs md:text-m lg:text-l\">Was? Griechische K\u00fcche<\/li>\n<li class=\" mb-3 text-xs md:text-m lg:text-l\">\u00d6ffnungszeiten?\u00a0Dienstag: 17.30\u201322:30 Uhr; Mittwoch\u2013Samstag: 11.30\u201314.30 Uhr und 17.30\u201322.30 Uhr; Sonntag: 11.30\u201315 Uhr und 17\u201322 Uhr; Montag: Ruhetag<\/li>\n<li class=\" mb-3 text-xs md:text-m lg:text-l\">Preis pro Person? 20\u201330 Euro<\/li>\n<\/ul>\n<p>            Restaurante Tuga (Gr\u00f6tzingen)<\/p>\n<ul rel=\"\" class=\"[&amp;&gt;li]:relative list-none  [&amp;&gt;li]:pl-[1.2em] [&amp;&gt;li]:marker:text-[0] [&amp;&gt;li]:relative [&amp;&gt;li]:before:absolute [&amp;&gt;li]:before:w-3 [&amp;&gt;li]:before:h-3 [&amp;&gt;li]:before:bg-brand [&amp;&gt;li]:before:left-0 [&amp;&gt;li]:before:top-[8px] [&amp;&gt;li]:before:rounded-full  my-5\">\n<li class=\" mb-3 text-xs md:text-m lg:text-l\">Wo?\u00a0Am Grollenberg 9, 76229 Karlsruhe<\/li>\n<li class=\" mb-3 text-xs md:text-m lg:text-l\">Was? Spanische und portugiesische K\u00fcche<\/li>\n<li class=\" mb-3 text-xs md:text-m lg:text-l\">\u00d6ffnungszeiten?\u00a0Donnerstag\u2013Montag: 12\u201322 Uhr; Dienstag\u2013Mittwoch: Ruhetag<\/li>\n<li class=\" mb-3 text-xs md:text-m lg:text-l\">Preis pro Person? 20\u201330 Euro<\/li>\n<\/ul>\n<p>    <img decoding=\"async\" src=\"https:\/\/images.mgpd.de\/img\/109964807\/crop\/c16_9-w100\/320554331\/1546335125\/foto-ka-news-1649376.jpg\" alt=\"Karlsruher Schreberg\u00e4rten. (Archivbild)\" title=\"Karlsruher Schreberg\u00e4rten. (Archivbild)\" loading=\"lazy\" class=\"h-full w-full object-cover\"\/><\/p>\n<p>      Icon vergr\u00f6\u00dfern<\/p>\n<p>    Karlsruher Schreberg\u00e4rten. (Archivbild)<br \/>\n    Foto: Peter Eich<\/p>\n<p>        Schlie\u00dfen <\/p>\n<p>      Icon Schlie\u00dfen<\/p>\n<p>        Icon vergr\u00f6\u00dfern<\/p>\n<p>        Icon verkleinern<\/p>\n<p>      Icon Pfeil bewegen<\/p>\n<p>    Karlsruher Schreberg\u00e4rten. (Archivbild)<br \/>\n    Foto: Peter Eich<\/p>\n<p>            Zwitscherstube (R\u00fcppurr)<\/p>\n<ul rel=\"\" class=\"[&amp;&gt;li]:relative list-none  [&amp;&gt;li]:pl-[1.2em] [&amp;&gt;li]:marker:text-[0] [&amp;&gt;li]:relative [&amp;&gt;li]:before:absolute [&amp;&gt;li]:before:w-3 [&amp;&gt;li]:before:h-3 [&amp;&gt;li]:before:bg-brand [&amp;&gt;li]:before:left-0 [&amp;&gt;li]:before:top-[8px] [&amp;&gt;li]:before:rounded-full  my-5\">\n<li class=\" mb-3 text-xs md:text-m lg:text-l\">Wo?\u00a0Kuhlager Seele Weg 3, 76199 Karlsruhe<\/li>\n<li class=\" mb-3 text-xs md:text-m lg:text-l\">Was? Griechische K\u00fcche<\/li>\n<li class=\" mb-3 text-xs md:text-m lg:text-l\">\u00d6ffnungszeiten?\u00a0t\u00e4glich: 11.30\u201323.30 Uhr<\/li>\n<li class=\" mb-3 text-xs md:text-m lg:text-l\">Preis pro Person? 10\u201320 Euro<\/li>\n<\/ul>\n<p>            Zum Elsternest (R\u00fcppurr)<\/p>\n<ul rel=\"\" class=\"[&amp;&gt;li]:relative list-none  [&amp;&gt;li]:pl-[1.2em] [&amp;&gt;li]:marker:text-[0] [&amp;&gt;li]:relative [&amp;&gt;li]:before:absolute [&amp;&gt;li]:before:w-3 [&amp;&gt;li]:before:h-3 [&amp;&gt;li]:before:bg-brand [&amp;&gt;li]:before:left-0 [&amp;&gt;li]:before:top-[8px] [&amp;&gt;li]:before:rounded-full  my-5\">\n<li class=\" mb-3 text-xs md:text-m lg:text-l\">Wo?\u00a0Gottlob-Schreber-Weg 2, 76199 Karlsruhe<\/li>\n<li class=\" mb-3 text-xs md:text-m lg:text-l\">Was? Ungarische K\u00fcche<\/li>\n<li class=\" mb-3 text-xs md:text-m lg:text-l\">\u00d6ffnungszeiten?\u00a0Mittwoch\u2013Sonntag: 11.30\u201322 Uhr; Montag\u2013Dienstag: Ruhetag<\/li>\n<li class=\" mb-3 text-xs md:text-m lg:text-l\">Preis pro Person? 20\u201330 Euro<\/li>\n<\/ul>\n<p>    <img decoding=\"async\" src=\"https:\/\/images.mgpd.de\/img\/114364709\/crop\/c16_9-w100\/1491466055\/871659541\/img5475.jpg\" alt=\"Das Gartenlokal &quot;Zum Elsternest&quot; in R\u00fcppurr.\" title=\"Das Gartenlokal &quot;Zum Elsternest&quot; in R\u00fcppurr.\" loading=\"lazy\" class=\"h-full w-full object-cover\"\/><\/p>\n<p>      Icon vergr\u00f6\u00dfern<\/p>\n<p>    Das Gartenlokal &#8222;Zum Elsternest&#8220; in R\u00fcppurr.<br \/>\n    Foto: Gerrit Lieb<\/p>\n<p>        Schlie\u00dfen <\/p>\n<p>      Icon Schlie\u00dfen<\/p>\n<p>        Icon vergr\u00f6\u00dfern<\/p>\n<p>        Icon verkleinern<\/p>\n<p>      Icon Pfeil bewegen<\/p>\n<p>    Das Gartenlokal &#8222;Zum Elsternest&#8220; in R\u00fcppurr.<br \/>\n    Foto: Gerrit Lieb<\/p>\n<p>            K\u00fcche Oberm\u00fchle (Durlach)<\/p>\n<ul rel=\"\" class=\"[&amp;&gt;li]:relative list-none  [&amp;&gt;li]:pl-[1.2em] [&amp;&gt;li]:marker:text-[0] [&amp;&gt;li]:relative [&amp;&gt;li]:before:absolute [&amp;&gt;li]:before:w-3 [&amp;&gt;li]:before:h-3 [&amp;&gt;li]:before:bg-brand [&amp;&gt;li]:before:left-0 [&amp;&gt;li]:before:top-[8px] [&amp;&gt;li]:before:rounded-full  my-5\">\n<li class=\" mb-3 text-xs md:text-m lg:text-l\">Wo?\u00a0Alte Weingartener Stra\u00dfe 37, 76227 Karlsruhe<\/li>\n<li class=\" mb-3 text-xs md:text-m lg:text-l\">Was? Badische K\u00fcche<\/li>\n<li class=\" mb-3 text-xs md:text-m lg:text-l\">\u00d6ffnungszeiten?\u00a0Dienstag\u2013Samstag ab 16 Uhr; Sonntag und Feiertage ab 12 Uhr; Montag: Ruhetag<\/li>\n<li class=\" mb-3 text-xs md:text-m lg:text-l\">Preis pro Person? 20\u201330 Euro<\/li>\n<\/ul>\n<p>    <img decoding=\"async\" src=\"https:\/\/images.mgpd.de\/img\/114210105\/crop\/c16_9-w100\/1580641704\/1099746662\/foto-sudkurier-12440836.jpg\" alt=\"Das gute Wetter bietet sich f\u00fcr eine Tour auf dem Fahrrad an. (Archivbild)\" title=\"Das gute Wetter bietet sich f\u00fcr eine Tour auf dem Fahrrad an. (Archivbild)\" loading=\"lazy\" class=\"h-full w-full object-cover\"\/><\/p>\n<p>      Icon vergr\u00f6\u00dfern<\/p>\n<p>    Das gute Wetter bietet sich f\u00fcr eine Tour auf dem Fahrrad an. (Archivbild)<br \/>\n    Foto: Erich Kimmich \/ ADFC<\/p>\n<p>        Schlie\u00dfen <\/p>\n<p>      Icon Schlie\u00dfen<\/p>\n<p>        Icon vergr\u00f6\u00dfern<\/p>\n<p>        Icon verkleinern<\/p>\n<p>      Icon Pfeil bewegen<\/p>\n<p>    Das gute Wetter bietet sich f\u00fcr eine Tour auf dem Fahrrad an. (Archivbild)<br \/>\n    Foto: Erich Kimmich \/ ADFC<\/p>\n<p>            Restaurant Gartenzwerg (R\u00fcppurr)<\/p>\n<ul rel=\"\" class=\"[&amp;&gt;li]:relative list-none  [&amp;&gt;li]:pl-[1.2em] [&amp;&gt;li]:marker:text-[0] [&amp;&gt;li]:relative [&amp;&gt;li]:before:absolute [&amp;&gt;li]:before:w-3 [&amp;&gt;li]:before:h-3 [&amp;&gt;li]:before:bg-brand [&amp;&gt;li]:before:left-0 [&amp;&gt;li]:before:top-[8px] [&amp;&gt;li]:before:rounded-full  my-5\">\n<li class=\" mb-3 text-xs md:text-m lg:text-l\">Wo?\u00a0Gottlob-Schreber-Weg 3, 76199 Karlsruhe<\/li>\n<li class=\" mb-3 text-xs md:text-m lg:text-l\">Was? Griechische K\u00fcche<\/li>\n<li class=\" mb-3 text-xs md:text-m lg:text-l\">\u00d6ffnungszeiten?\u00a0t\u00e4glich: 11.30\u201322.30 Uhr<\/li>\n<li class=\" mb-3 text-xs md:text-m lg:text-l\">Preis pro Person? 20\u201330 Euro<\/li>\n<\/ul>\n<p>    <img decoding=\"async\" src=\"https:\/\/images.mgpd.de\/img\/114364790\/crop\/c16_9-w100\/1461499171\/401359849\/img5460.jpg\" alt=\"Das Restaurant &quot;Gartenzwerg&quot; in R\u00fcppurr. (Archivbild)\" title=\"Das Restaurant &quot;Gartenzwerg&quot; in R\u00fcppurr. (Archivbild)\" loading=\"lazy\" class=\"h-full w-full object-cover\"\/><\/p>\n<p>      Icon vergr\u00f6\u00dfern<\/p>\n<p>    Das Restaurant &#8222;Gartenzwerg&#8220; in R\u00fcppurr. (Archivbild)<br \/>\n    Foto: Gerrit Lieb<\/p>\n<p>        Schlie\u00dfen <\/p>\n<p>      Icon Schlie\u00dfen<\/p>\n<p>        Icon vergr\u00f6\u00dfern<\/p>\n<p>        Icon verkleinern<\/p>\n<p>      Icon Pfeil bewegen<\/p>\n<p>    Das Restaurant &#8222;Gartenzwerg&#8220; in R\u00fcppurr. (Archivbild)<br \/>\n    Foto: Gerrit Lieb<\/p>\n<p>            Fischerheim (Gr\u00f6tzingen)<\/p>\n<ul rel=\"\" class=\"[&amp;&gt;li]:relative list-none  [&amp;&gt;li]:pl-[1.2em] [&amp;&gt;li]:marker:text-[0] [&amp;&gt;li]:relative [&amp;&gt;li]:before:absolute [&amp;&gt;li]:before:w-3 [&amp;&gt;li]:before:h-3 [&amp;&gt;li]:before:bg-brand [&amp;&gt;li]:before:left-0 [&amp;&gt;li]:before:top-[8px] [&amp;&gt;li]:before:rounded-full  my-5\">\n<li class=\" mb-3 text-xs md:text-m lg:text-l\">Wo? Im Stalb\u00fchl 1, 76229 Karlsruhe<\/li>\n<li class=\" mb-3 text-xs md:text-m lg:text-l\">Was? T\u00fcrkische K\u00fcche<\/li>\n<li class=\" mb-3 text-xs md:text-m lg:text-l\">\u00d6ffnungszeiten?\u00a0t\u00e4glich: 10\u201323 Uhr<\/li>\n<li class=\" mb-3 text-xs md:text-m lg:text-l\">Preis pro Person? 20\u201330 Euro<\/li>\n<\/ul>\n<p>            ASV Wolfartsweier<\/p>\n<ul rel=\"\" class=\"[&amp;&gt;li]:relative list-none  [&amp;&gt;li]:pl-[1.2em] [&amp;&gt;li]:marker:text-[0] [&amp;&gt;li]:relative [&amp;&gt;li]:before:absolute [&amp;&gt;li]:before:w-3 [&amp;&gt;li]:before:h-3 [&amp;&gt;li]:before:bg-brand [&amp;&gt;li]:before:left-0 [&amp;&gt;li]:before:top-[8px] [&amp;&gt;li]:before:rounded-full  my-5\">\n<li class=\" mb-3 text-xs md:text-m lg:text-l\">Wo? Horbenloch 2, 76228 Karlsruhe<\/li>\n<li class=\" mb-3 text-xs md:text-m lg:text-l\">Was? Deutsche K\u00fcche<\/li>\n<li class=\" mb-3 text-xs md:text-m lg:text-l\">\u00d6ffnungszeiten?\u00a0Mittwoch\u2013Samstag ab 17\u201321 Uhr; Sonntag 12\u201314.30 Uhr und 17\u201320 Uhr; Montag\u2013Dienstag: Ruhetag<\/li>\n<li class=\" mb-3 text-xs md:text-m lg:text-l\">Preis pro Person? 20\u201330 Euro<\/li>\n<\/ul>\n<p>    <img decoding=\"async\" src=\"https:\/\/images.mgpd.de\/img\/109995914\/crop\/c16_9-w100\/1473328564\/1689147726\/luftbildwolfartsweier-am-03122020-in-karlsruhe-wolfartsweier-germany.jpg\" alt=\"Gartenanlagen in Wolfartsweier. (Archivbild)\" title=\"Gartenanlagen in Wolfartsweier. (Archivbild)\" loading=\"lazy\" class=\"h-full w-full object-cover\"\/><\/p>\n<p>      Icon vergr\u00f6\u00dfern<\/p>\n<p>    Gartenanlagen in Wolfartsweier. (Archivbild)<br \/>\n    Foto: Tim Carmele\/TMC-Fotografie<\/p>\n<p>        Schlie\u00dfen <\/p>\n<p>      Icon Schlie\u00dfen<\/p>\n<p>        Icon vergr\u00f6\u00dfern<\/p>\n<p>        Icon verkleinern<\/p>\n<p>      Icon Pfeil bewegen<\/p>\n<p>    Gartenanlagen in Wolfartsweier. (Archivbild)<br \/>\n    Foto: Tim Carmele\/TMC-Fotografie<\/p>\n<p>            G\u00e4rtner H\u00fctt (Nordstadt)<\/p>\n<ul rel=\"\" class=\"[&amp;&gt;li]:relative list-none  [&amp;&gt;li]:pl-[1.2em] [&amp;&gt;li]:marker:text-[0] [&amp;&gt;li]:relative [&amp;&gt;li]:before:absolute [&amp;&gt;li]:before:w-3 [&amp;&gt;li]:before:h-3 [&amp;&gt;li]:before:bg-brand [&amp;&gt;li]:before:left-0 [&amp;&gt;li]:before:top-[8px] [&amp;&gt;li]:before:rounded-full  my-5\">\n<li class=\" mb-3 text-xs md:text-m lg:text-l\">Wo? Knielinger Allee 20, 76133 Karlsruhe\ufeff<\/li>\n<li class=\" mb-3 text-xs md:text-m lg:text-l\">Was? Badische K\u00fcche<\/li>\n<li class=\" mb-3 text-xs md:text-m lg:text-l\">\u00d6ffnungszeiten?\u00a0Donnerstag\u2013Dienstag: 11\u201314 Uhr; Dienstag, Freitag und Sonntag: zus\u00e4tzlich von 17 Uhr bis Feierabend; Mottwoch und Sonntag: Ruhetag<\/li>\n<li class=\" mb-3 text-xs md:text-m lg:text-l\">Preis pro Person? 10\u201320 Euro<\/li>\n<\/ul>\n<p>            Meze Meze (Durlach Aue)<\/p>\n<ul rel=\"\" class=\"[&amp;&gt;li]:relative list-none  [&amp;&gt;li]:pl-[1.2em] [&amp;&gt;li]:marker:text-[0] [&amp;&gt;li]:relative [&amp;&gt;li]:before:absolute [&amp;&gt;li]:before:w-3 [&amp;&gt;li]:before:h-3 [&amp;&gt;li]:before:bg-brand [&amp;&gt;li]:before:left-0 [&amp;&gt;li]:before:top-[8px] [&amp;&gt;li]:before:rounded-full  my-5\">\n<li class=\" mb-3 text-xs md:text-m lg:text-l\">Wo?\u00a0Br\u00fchlstra\u00dfe 36a, 76227 Karlsruhe<\/li>\n<li class=\" mb-3 text-xs md:text-m lg:text-l\">Was? Griechische K\u00fcche<\/li>\n<li class=\" mb-3 text-xs md:text-m lg:text-l\">\u00d6ffnungszeiten?\u00a0t\u00e4glich: 11.30\u201314.30 Uhr und 17\u201324 Uhr<\/li>\n<li class=\" mb-3 text-xs md:text-m lg:text-l\">Preis pro Person? 20\u201330 Euro<\/li>\n<\/ul>\n<p>    <img decoding=\"async\" src=\"https:\/\/images.mgpd.de\/img\/109452667\/crop\/c16_9-w100\/588782787\/417771267\/bahnuebergang-brunnenstueckweg-rueppurr.jpg\" alt=\"Bahn\u00fcbergang Brunnenst\u00fcckweg R\u00fcppurr. (Archivbild)\" title=\"Bahn\u00fcbergang Brunnenst\u00fcckweg R\u00fcppurr. (Archivbild)\" loading=\"lazy\" class=\"h-full w-full object-cover\"\/><\/p>\n<p>      Icon vergr\u00f6\u00dfern<\/p>\n<p>    Bahn\u00fcbergang Brunnenst\u00fcckweg R\u00fcppurr. (Archivbild)<br \/>\n    Foto: Thomas Riedel<\/p>\n<p>        Schlie\u00dfen <\/p>\n<p>      Icon Schlie\u00dfen<\/p>\n<p>        Icon vergr\u00f6\u00dfern<\/p>\n<p>        Icon verkleinern<\/p>\n<p>      Icon Pfeil bewegen<\/p>\n<p>    Bahn\u00fcbergang Brunnenst\u00fcckweg R\u00fcppurr. (Archivbild)<br \/>\n    Foto: Thomas Riedel<\/p>\n<p>            Gastst\u00e4tte SG R\u00fcppurr<\/p>\n<ul rel=\"\" class=\"[&amp;&gt;li]:relative list-none  [&amp;&gt;li]:pl-[1.2em] [&amp;&gt;li]:marker:text-[0] [&amp;&gt;li]:relative [&amp;&gt;li]:before:absolute [&amp;&gt;li]:before:w-3 [&amp;&gt;li]:before:h-3 [&amp;&gt;li]:before:bg-brand [&amp;&gt;li]:before:left-0 [&amp;&gt;li]:before:top-[8px] [&amp;&gt;li]:before:rounded-full  my-5\">\n<li class=\" mb-3 text-xs md:text-m lg:text-l\">Wo?\u00a0Brunnenst\u00fcckweg 2, 76199 Karlsruhe<\/li>\n<li class=\" mb-3 text-xs md:text-m lg:text-l\">Was? Deutsche K\u00fcche<\/li>\n<li class=\" mb-3 text-xs md:text-m lg:text-l\">\u00d6ffnungszeiten?\u00a0Dienstag\u2013Freitag: 17\u201323 Uhr; Samstag: 12\u201323 Uhr; Sonntag: 12\u201321.30 Uhr<\/li>\n<li class=\" mb-3 text-xs md:text-m lg:text-l\">Preis pro Person? 15\u201320 Euro (nur Barzahlung)<\/li>\n<\/ul>\n<p>            Gastst\u00e4tte zum Hundeverein Neureut<\/p>\n<ul rel=\"\" class=\"[&amp;&gt;li]:relative list-none  [&amp;&gt;li]:pl-[1.2em] [&amp;&gt;li]:marker:text-[0] [&amp;&gt;li]:relative [&amp;&gt;li]:before:absolute [&amp;&gt;li]:before:w-3 [&amp;&gt;li]:before:h-3 [&amp;&gt;li]:before:bg-brand [&amp;&gt;li]:before:left-0 [&amp;&gt;li]:before:top-[8px] [&amp;&gt;li]:before:rounded-full  my-5\">\n<li class=\" mb-3 text-xs md:text-m lg:text-l\">Wo?\u00a0Bachenweg, 76149 Karlsruhe<\/li>\n<li class=\" mb-3 text-xs md:text-m lg:text-l\">Was? Deutsche K\u00fcche<\/li>\n<li class=\" mb-3 text-xs md:text-m lg:text-l\">\u00d6ffnungszeiten?\u00a0Montag, Mittwoch, Donnerstag, Samstag: 16.30\u201323 Uhr; Dienstag, Freitag, Sonntag: Ruhetag<\/li>\n<li class=\" mb-3 text-xs md:text-m lg:text-l\">Preis pro Person? 10\u201320 Euro<\/li>\n<\/ul>\n<p class=\"mb-6 text-xs-varying md:text-m lg:text-l font-serif group-[.font-sans]:font-sans \">\n    Der Preis pro Person wurde der Google Bewertung entnommen.<br \/>Stand: 22. Mai 2026.\n  <\/p>\n","protected":false},"excerpt":{"rendered":"Der Sommer h\u00e4lt Einzug in Karlsruhe und mit ihm w\u00e4chst die Lust auf Aktivit\u00e4ten im Freien. Mit dem&hellip;\n","protected":false},"author":2,"featured_media":1071071,"comment_status":"","ping_status":"","sticky":false,"template":"","format":"standard","meta":{"footnotes":"","_share_on_mastodon":"0"},"categories":[1844],"tags":[1634,3899,3364,29,20957,1234,6338,30,21163,8903,1598,139735,18949,6779],"class_list":["post-1097951","post","type-post","status-publish","format-standard","has-post-thumbnail","category-karlsruhe","tag-baden-wuerttemberg","tag-biergarten","tag-de","tag-deutschland","tag-durlach","tag-fahrrad","tag-genuss","tag-germany","tag-groetzingen","tag-karlsruhe","tag-restaurant","tag-rueppurr","tag-schrebergarten","tag-stadtviertel"],"share_on_mastodon":{"url":"https:\/\/pubeurope.com\/@de\/116758506412961971","error":""},"_links":{"self":[{"href":"https:\/\/www.europesays.com\/de\/wp-json\/wp\/v2\/posts\/1097951","targetHints":{"allow":["GET"]}}],"collection":[{"href":"https:\/\/www.europesays.com\/de\/wp-json\/wp\/v2\/posts"}],"about":[{"href":"https:\/\/www.europesays.com\/de\/wp-json\/wp\/v2\/types\/post"}],"author":[{"embeddable":true,"href":"https:\/\/www.europesays.com\/de\/wp-json\/wp\/v2\/users\/2"}],"replies":[{"embeddable":true,"href":"https:\/\/www.europesays.com\/de\/wp-json\/wp\/v2\/comments?post=1097951"}],"version-history":[{"count":0,"href":"https:\/\/www.europesays.com\/de\/wp-json\/wp\/v2\/posts\/1097951\/revisions"}],"wp:featuredmedia":[{"embeddable":true,"href":"https:\/\/www.europesays.com\/de\/wp-json\/wp\/v2\/media\/1071071"}],"wp:attachment":[{"href":"https:\/\/www.europesays.com\/de\/wp-json\/wp\/v2\/media?parent=1097951"}],"wp:term":[{"taxonomy":"category","embeddable":true,"href":"https:\/\/www.europesays.com\/de\/wp-json\/wp\/v2\/categories?post=1097951"},{"taxonomy":"post_tag","embeddable":true,"href":"https:\/\/www.europesays.com\/de\/wp-json\/wp\/v2\/tags?post=1097951"}],"curies":[{"name":"wp","href":"https:\/\/api.w.org\/{rel}","templated":true}]}}