{"id":1098063,"date":"2026-06-16T08:06:17","date_gmt":"2026-06-16T08:06:17","guid":{"rendered":"https:\/\/www.europesays.com\/de\/1098063\/"},"modified":"2026-06-16T08:06:17","modified_gmt":"2026-06-16T08:06:17","slug":"ard-tagesthemen-bekommen-neuen-moderator-schon-ab-juli-im-einsatz","status":"publish","type":"post","link":"https:\/\/www.europesays.com\/de\/1098063\/","title":{"rendered":"ARD-\u201eTagesthemen\u201c bekommen neuen Moderator \u2013 schon ab Juli im Einsatz"},"content":{"rendered":"<p>Ab 6. Juli bekommt das Moderatorenteam der ARD-\u201eTagesthemen\u201c Verst\u00e4rkung. Neben Jessy Wellmer und Ingo Zamperoni st\u00f6\u00dft nun ein Mann dazu, der den meisten Zuschauern wohl eher von Wahlabenden bekannt sein d\u00fcrfte.<\/p>\n<p class=\"is-first-paragraph\" data-external=\"Article.FirstParagraph\">Der Journalist J\u00f6rg Sch\u00f6nenborn moderiert am 6. Juli erstmals die ARD-\u201eTagesthemen\u201c. Das teilte der Norddeutsche Rundfunk (NDR) am Montag in Hamburg mit. Im M\u00e4rz hatte die ARD mitgeteilt, dass Sch\u00f6nenborn zu seinen bisherigen \u00fcbergreifenden Aufgaben im Senderverbund weitere \u00fcbernimmt, darunter die Moderation der \u201eTagesthemen\u201c. <\/p>\n<p>Er verst\u00e4rkt das bestehende Moderationsteam um Jessy Wellmer und Ingo Zamperoni. Auch Julia-Niharika Sen und Susanne Stichler geh\u00f6ren weiterhin zum Moderationsteam der \u201eTagesthemen\u201c. Beim NDR ist die Gemeinschaftseinrichtung ARD-Aktuell angesiedelt, die unter anderem die \u201eTagesthemen\u201c produziert.<\/p>\n<p>Seine Direktorent\u00e4tigkeit beim WDR beendete Sch\u00f6nenborn inzwischen: Seit Anfang Mai ist er nicht mehr Programmdirektor Information, Fiktion und Unterhaltung. Sein im Jahr 2023 verl\u00e4ngerter Vertrag mit dem WDR l\u00e4uft aber unver\u00e4ndert bis April 2029 weiter. Es sei \u201eein \u00fcbliches Vorgehen in der ARD\u201c, dass eine Landesrundfunkanstalt Leistungen im Senderverbund \u00fcbernehme. Das entspreche dem Selbstverst\u00e4ndnis der Gemeinschaft. Sch\u00f6nenborn erhielt 2024 eine Verg\u00fctung in H\u00f6he von 248.000 Euro plus Sachbez\u00fcge. <\/p>\n<p>In der ARD wird Sch\u00f6nenborn wie bisher Ergebnisse und Analysen bei allen Wahlen pr\u00e4sentieren. Er geh\u00f6rt weiterhin zum Moderationsteam des \u201eARD-Presseclubs\u201c im Ersten am Sonntagmittag.<\/p>\n<p>\u201eSteht f\u00fcr Glaubw\u00fcrdigkeit\u201c<\/p>\n<p>Marcus Bornheim, Erster Chefredakteur ARD-aktuell, sagte: \u201eJ\u00f6rg Sch\u00f6nenborn steht f\u00fcr Glaubw\u00fcrdigkeit und Verl\u00e4sslichkeit im deutschen Fernsehjournalismus. Das Vertrauen des Publikums hat er sich \u00fcber Jahrzehnte verdient \u2013 mit einem Blick auf die Dinge, der nie an der Oberfl\u00e4che bleibt. Wir freuen uns sehr, dass er unser Moderationsteam verst\u00e4rkt.\u201c<\/p>\n<p>J\u00f6rg Sch\u00f6nenborn selbst erkl\u00e4rte: \u201eDie Tagesthemen bieten jeden Tag die Chance, Orientierung zu geben in einer Welt, die nicht nur schwer zu verstehen, sondern oft auch schwer zu ertragen ist. Ich bin stolz, k\u00fcnftig als Teil eines gro\u00dfartigen Teams daran mitzuwirken. Denn verst\u00e4ndliche Nachrichten sind ein wichtiger Rohstoff unserer demokratischen Gesellschaft.\u201c<\/p>\n<p>epd\/nw<\/p>\n","protected":false},"excerpt":{"rendered":"Ab 6. Juli bekommt das Moderatorenteam der ARD-\u201eTagesthemen\u201c Verst\u00e4rkung. Neben Jessy Wellmer und Ingo Zamperoni st\u00f6\u00dft nun ein&hellip;\n","protected":false},"author":2,"featured_media":1098064,"comment_status":"","ping_status":"","sticky":false,"template":"","format":"standard","meta":{"footnotes":"","_share_on_mastodon":"0"},"categories":[155],"tags":[223,29,214,30,7013,232704,110,191818,45,215,225],"class_list":["post-1098063","post","type-post","status-publish","format-standard","has-post-thumbnail","category-unterhaltung","tag-ard","tag-deutschland","tag-entertainment","tag-germany","tag-joerg","tag-nachrichtensendungen-ks","tag-newsteam","tag-schoenenborn","tag-texttospeech","tag-unterhaltung","tag-wdr"],"share_on_mastodon":{"url":"https:\/\/pubeurope.com\/@de\/116758759843700917","error":""},"_links":{"self":[{"href":"https:\/\/www.europesays.com\/de\/wp-json\/wp\/v2\/posts\/1098063","targetHints":{"allow":["GET"]}}],"collection":[{"href":"https:\/\/www.europesays.com\/de\/wp-json\/wp\/v2\/posts"}],"about":[{"href":"https:\/\/www.europesays.com\/de\/wp-json\/wp\/v2\/types\/post"}],"author":[{"embeddable":true,"href":"https:\/\/www.europesays.com\/de\/wp-json\/wp\/v2\/users\/2"}],"replies":[{"embeddable":true,"href":"https:\/\/www.europesays.com\/de\/wp-json\/wp\/v2\/comments?post=1098063"}],"version-history":[{"count":0,"href":"https:\/\/www.europesays.com\/de\/wp-json\/wp\/v2\/posts\/1098063\/revisions"}],"wp:featuredmedia":[{"embeddable":true,"href":"https:\/\/www.europesays.com\/de\/wp-json\/wp\/v2\/media\/1098064"}],"wp:attachment":[{"href":"https:\/\/www.europesays.com\/de\/wp-json\/wp\/v2\/media?parent=1098063"}],"wp:term":[{"taxonomy":"category","embeddable":true,"href":"https:\/\/www.europesays.com\/de\/wp-json\/wp\/v2\/categories?post=1098063"},{"taxonomy":"post_tag","embeddable":true,"href":"https:\/\/www.europesays.com\/de\/wp-json\/wp\/v2\/tags?post=1098063"}],"curies":[{"name":"wp","href":"https:\/\/api.w.org\/{rel}","templated":true}]}}