{"id":1098129,"date":"2026-06-16T08:42:14","date_gmt":"2026-06-16T08:42:14","guid":{"rendered":"https:\/\/www.europesays.com\/de\/1098129\/"},"modified":"2026-06-16T08:42:14","modified_gmt":"2026-06-16T08:42:14","slug":"ratinger-firma-beim-unternehmenstag-des-kreises","status":"publish","type":"post","link":"https:\/\/www.europesays.com\/de\/1098129\/","title":{"rendered":"Ratinger Firma beim Unternehmenstag des Kreises"},"content":{"rendered":"<p class=\"text_ohne_einzug richtext text-em-55 !leading-serif mx-6 desktop:mx-0\">(RP) Premiere f\u00fcr Unternehmen aus der Region: Die <a href=\"https:\/\/rp-online.de\/thema\/hochschule-duesseldorf\/\" rel=\"nofollow noopener\" target=\"_blank\">Hochschule D\u00fcsseldorf<\/a> (HSD) l\u00e4dt zusammen mit der Wirtschaftsf\u00f6rderung des Kreises f\u00fcr Mittwoch, 24. Juni, zum ersten \u201eUnternehmenstag Kreis Mettmann\u201c ein. Im Rahmen dieser exklusiven Veranstaltung treffen Studierende der Lehrst\u00fchle Maschinenbau und Verfahrenstechnik sowie Elektro- und Informationstechnik in ihrer D\u00fcsseldorfer Hochschule auf sechs regionale Unternehmen aus <a href=\"https:\/\/rp-online.de\/thema\/erkrath\/\" rel=\"nofollow noopener\" target=\"_blank\">Erkrath<\/a>, Hilden, <a href=\"https:\/\/rp-online.de\/thema\/monheim\/\" rel=\"nofollow noopener\" target=\"_blank\">Monheim<\/a> am <a href=\"https:\/\/rp-online.de\/thema\/rhein\/\" rel=\"nofollow noopener\" target=\"_blank\">Rhein<\/a> und <a href=\"https:\/\/rp-online.de\/thema\/ratingen\/\" rel=\"nofollow noopener\" target=\"_blank\">Ratingen<\/a>. Ziel ist es, den Unternehmensdialog zu st\u00e4rken und Studierenden die M\u00f6glichkeit zu bieten, Praxisphasen und berufliche Perspektiven kennenzulernen. Gleichzeitig k\u00f6nnen die Unternehmen potenzielle Nachwuchskr\u00e4fte treffen und so dem Fachkr\u00e4ftemangel im naturwissenschaftlich-technischen Bereich entgegenwirken.<\/p>\n<p class=\"richtext text-em-55 !leading-serif mx-6 desktop:mx-0\">\u201eDer Unternehmenstag ist bewusst klein gehalten, um einen intensiven und pers\u00f6nlichen Austausch zu erm\u00f6glichen\u201c, erkl\u00e4rt Petra Tielboer von der Kreis-Wirtschaftsf\u00f6rderung. Die Studierenden haben die Chance, sich \u00fcber Praktikumspl\u00e4tze, Werkstudentent\u00e4tigkeiten, Bachelorthemen und den Berufseinstieg zu informieren und direkt mit den Unternehmensvertretungen ins Gespr\u00e4ch zu kommen.<\/p>\n<p class=\"richtext text-em-55 !leading-serif mx-6 desktop:mx-0\">Jann Dekena wei\u00df um die Vorteile dieser Kooperation. Er scheibt aktuell seine Bachelorarbeit \u201eEntwicklung einer pneumatisch betriebenen Schwenkeinheit mit konstanter Winkelgeschwindigkeit\u201c bei der T\u00fcnkers Maschinenbau GmbH: \u201eIm Rahmen meiner Bachelorarbeit bei T\u00fcnkers in Verbindung mit der Hochschule D\u00fcsseldorf erhalte ich die M\u00f6glichkeit, theoretisches Wissen direkt in einem innovativen Industrieumfeld anzuwenden, von der CAD-Modellierung \u00fcber konstruktive Berechnungen bis hin zur produktionsgerechten Auslegung. Bereits w\u00e4hrend meiner Zeit als Werkstudent sch\u00e4tze ich die offene Zusammenarbeit und das Vertrauen, eigenverantwortlich an praxisrelevanten Fragestellungen zu arbeiten. Die Verbindung aus akademischer Forschung und konkreten Herausforderungen aus der Unternehmenspraxis macht diese Erfahrung f\u00fcr mich besonders wertvoll.\u201c<\/p>\n<p class=\"richtext text-em-55 !leading-serif mx-6 desktop:mx-0\">Auch aus Sicht von T\u00fcnkers ist die Zusammenarbeit mit Studierenden ein wichtiger Baustein, um frische Perspektiven und neue Ideen ins Unternehmen zu bringen, hei\u00dft es von dem Unternehmen: \u201eDie Betreuung von Abschlussarbeiten st\u00e4rkt den Austausch mit Hochschulen und bietet jungen Talenten die Chance, fr\u00fch Verantwortung zu \u00fcbernehmen und wertvolle Praxiserfahrung zu sammeln.\u201c<\/p>\n<p class=\"richtext text-em-55 !leading-serif mx-6 desktop:mx-0\">Die Veranstaltung unterstreicht die enge Zusammenarbeit zwischen Hochschulen und regionaler Wirtschaft. Landr\u00e4tin Dr. Bettina Warnecke betont: \u201eDer Unternehmenstag Kreis <a href=\"https:\/\/rp-online.de\/thema\/mettmann\/\" rel=\"nofollow noopener\" target=\"_blank\">Mettmann<\/a> ist ein hervorragendes Beispiel daf\u00fcr, wie wir gemeinsam die Zukunft unserer Region D\u00fcsseldorf-Kreis Mettmann gestalten. Ich freue mich, dass die Hochschule D\u00fcsseldorf zusammen mit der Wirtschaftsf\u00f6rderung des Kreises mit dieser besonderen Art eines Unternehmensdialogs einen wichtigen Beitrag zur Fachkr\u00e4ftesicherung leistet.\u201c<\/p>\n","protected":false},"excerpt":{"rendered":"(RP) Premiere f\u00fcr Unternehmen aus der Region: Die Hochschule D\u00fcsseldorf (HSD) l\u00e4dt zusammen mit der Wirtschaftsf\u00f6rderung des Kreises&hellip;\n","protected":false},"author":2,"featured_media":1098130,"comment_status":"","ping_status":"","sticky":false,"template":"","format":"standard","meta":{"footnotes":"","_share_on_mastodon":"0"},"categories":[1842],"tags":[1741,3364,29,3405,30,2766,7739,27222,946,15946,1209,27177,10078,232768,55,4786],"class_list":["post-1098129","post","type-post","status-publish","format-standard","has-post-thumbnail","category-bonn","tag-bonn","tag-de","tag-deutschland","tag-duesseldorf","tag-germany","tag-hochschule","tag-kreis","tag-kreises","tag-maschinenbau","tag-mettmann","tag-nordrhein-westfalen","tag-rahmen","tag-ratingen","tag-unternehmenstag","tag-wirtschaft","tag-wirtschaftsfoerderung"],"share_on_mastodon":{"url":"https:\/\/pubeurope.com\/@de\/116758901405361442","error":""},"_links":{"self":[{"href":"https:\/\/www.europesays.com\/de\/wp-json\/wp\/v2\/posts\/1098129","targetHints":{"allow":["GET"]}}],"collection":[{"href":"https:\/\/www.europesays.com\/de\/wp-json\/wp\/v2\/posts"}],"about":[{"href":"https:\/\/www.europesays.com\/de\/wp-json\/wp\/v2\/types\/post"}],"author":[{"embeddable":true,"href":"https:\/\/www.europesays.com\/de\/wp-json\/wp\/v2\/users\/2"}],"replies":[{"embeddable":true,"href":"https:\/\/www.europesays.com\/de\/wp-json\/wp\/v2\/comments?post=1098129"}],"version-history":[{"count":0,"href":"https:\/\/www.europesays.com\/de\/wp-json\/wp\/v2\/posts\/1098129\/revisions"}],"wp:featuredmedia":[{"embeddable":true,"href":"https:\/\/www.europesays.com\/de\/wp-json\/wp\/v2\/media\/1098130"}],"wp:attachment":[{"href":"https:\/\/www.europesays.com\/de\/wp-json\/wp\/v2\/media?parent=1098129"}],"wp:term":[{"taxonomy":"category","embeddable":true,"href":"https:\/\/www.europesays.com\/de\/wp-json\/wp\/v2\/categories?post=1098129"},{"taxonomy":"post_tag","embeddable":true,"href":"https:\/\/www.europesays.com\/de\/wp-json\/wp\/v2\/tags?post=1098129"}],"curies":[{"name":"wp","href":"https:\/\/api.w.org\/{rel}","templated":true}]}}