{"id":1098177,"date":"2026-06-16T09:11:20","date_gmt":"2026-06-16T09:11:20","guid":{"rendered":"https:\/\/www.europesays.com\/de\/1098177\/"},"modified":"2026-06-16T09:11:20","modified_gmt":"2026-06-16T09:11:20","slug":"wetter-in-muenchen-hitzewelle-rollt-auf-bayern-zu-hitze-bis-zu-36-grad","status":"publish","type":"post","link":"https:\/\/www.europesays.com\/de\/1098177\/","title":{"rendered":"Wetter in M\u00fcnchen: Hitzewelle rollt auf Bayern zu\u00a0\u2013 Hitze bis zu 36\u00a0Grad"},"content":{"rendered":"<p>H\u00f6hepunkt am Wochenende <\/p>\n<p>Hitzewelle rollt auf M\u00fcnchen zu \u2013 H\u00f6chstwerte bis 35 Grad<\/p>\n<p>Aktualisiert am 16.06.2026 &#8211; 10:44 UhrLesedauer: 2 Min.<\/p>\n<p><a href=\"#focus-0\" class=\"transition-colors block text-current relative\" data-sctrack=\"FocusGalleryImage.Reference\"><img fetchpriority=\"high\" data-testid=\"Opener.Image\"   loading=\"eager\" src=\"https:\/\/www.europesays.com\/de\/wp-content\/uploads\/2026\/06\/1781601075_126_image.png\" alt=\"Die Heat-Map der Wetterexperten zeigt: Auf Bayern kommt das erste Extremwetter des Sommers zu. In M\u00fcnchen sollten sich die Menschen unbedingt vor der Sonne sch\u00fctzen.\" title=\"Die Heat-Map der Wetterexperten zeigt: Auf Bayern kommt das erste Extremwetter des Sommers zu. In M\u00fcnchen sollten sich die Menschen unbedingt vor der Sonne sch\u00fctzen.\" width=\"675\" height=\"380\" class=\"bg-[url:var(--lqipURL)] bg-cover bg-center flex h-full w-full max-w-full\" style=\"--lqipURL:url('https:\/\/images.t-online.de\/2026\/06\/-PokpD1ZCnOl\/0x73:675x380\/fit-in\/150x0\/filters:blur(25)\/image.png')\" decoding=\"async\"\/><img loading=\"lazy\" src=\"https:\/\/muenchen.t-online.de\/s\/paper\/_next\/static\/media\/zoom-in.f7dae02f.svg\" alt=\"Vergr\u00f6\u00dfern des Bildes\" title=\"Vergr\u00f6\u00dfern des Bildes\" class=\"block h-[calc(var(--height)_\/_16_*_1rem)] w-[calc(var(--width)_\/_16_*_1rem)] max-w-none absolute right-8 bottom-8 rounded-4 bg-snow p-8\" style=\"--width:32;--height:32\" decoding=\"async\"\/><\/a><\/p>\n<p>Die Heat-Map der Wetterexperten zeigt: Auf Bayern kommt das erste Extremwetter des Sommers zu. In M\u00fcnchen sollten sich die Menschen unbedingt vor der Sonne sch\u00fctzen. (Quelle: Screenshot kachelmannwetter.de)<\/p>\n<p><img loading=\"lazy\" src=\"https:\/\/muenchen.t-online.de\/s\/paper\/_next\/static\/media\/audio-volume.6689034c.svg\" alt=\"\" title=\"\" class=\"block h-[calc(var(--height)_\/_16_*_1rem)] w-[calc(var(--width)_\/_16_*_1rem)] max-w-none group-hover:brightness-0 group-hover:invert\" style=\"--width:16;--height:16\" decoding=\"async\"\/>Vorlesen<\/p>\n<p>Aktuelle Zeit:0:00Gesamtdauer:0:00<\/p>\n<p>1x<\/p>\n<p class=\"text-center\">Jetzt neu bei t-online:<\/p>\n<p class=\"text-center\">Schriftgr\u00f6\u00dfe anpassen!<\/p>\n<p><img loading=\"lazy\" src=\"https:\/\/muenchen.t-online.de\/s\/paper\/_next\/static\/media\/font-sizes.32942e33.svg\" alt=\"\" title=\"\" class=\"block h-[calc(var(--height)_\/_16_*_1rem)] w-[calc(var(--width)_\/_16_*_1rem)] max-w-none group-hover:hidden group-aria-expanded:hidden\" style=\"--width:16;--height:16\" decoding=\"async\"\/><img loading=\"lazy\" src=\"https:\/\/muenchen.t-online.de\/s\/paper\/_next\/static\/media\/font-sizes-dark-mode.e382645c.svg\" alt=\"\" title=\"\" class=\"block h-[calc(var(--height)_\/_16_*_1rem)] w-[calc(var(--width)_\/_16_*_1rem)] max-w-none hidden group-hover:block group-aria-expanded:block\" style=\"--width:16;--height:16\" decoding=\"async\"\/><img loading=\"lazy\" src=\"https:\/\/muenchen.t-online.de\/s\/paper\/_next\/static\/media\/sharing-menu-icon.1eb71368.svg\" alt=\"\" title=\"\" class=\"block h-[calc(var(--height)_\/_16_*_1rem)] w-[calc(var(--width)_\/_16_*_1rem)] max-w-none group-hover:brightness-0 group-hover:invert\" style=\"--width:16;--height:16\" decoding=\"async\"\/>Artikel teilen<\/p>\n<p class=\"font-bold text-18 leading-17 user-text-lg:text-22 user-text-xl:text-24\">Die erste Megahitze des Sommers steuert geradwegs auf M\u00fcnchen zu. Besonders am Wochenende steigen die Temperaturen weit \u00fcber die 30-Grad-Marke.<\/p>\n<p class=\"text-18 leading-17 user-text-lg:text-22 user-text-xl:text-24\">Es wird hei\u00df in Bayerns Landeshauptstadt. Und zwar so richtig. Nach einem vergleichsweise milden Start in die Woche nehmen die Temperaturen in und um M\u00fcnchen ab Mittwoch deutlich zu. F\u00fcr das Wochenende und den Beginn der n\u00e4chsten Woche deutet sich dann eine markante Hitzelage an: &#8222;Kachelmannwetter.de&#8220; prognostiziert Temperaturen bis 35 Grad.<\/p>\n<p class=\"text-18 leading-17 user-text-lg:text-22 user-text-xl:text-24\">Betroffen ist in M\u00fcnchen vorwiegend der Innenstadtring, in den Landkreisen liegen die Werte meist 1 bis 2 Grad darunter.<\/p>\n<p>Erste Hitze des Sommers: 14 Stunden Sonne, bis zu 36 Grad<\/p>\n<p class=\"text-18 leading-17 user-text-lg:text-22 user-text-xl:text-24\">W\u00e4hrend die Temperaturen in M\u00fcnchen am Mittwoch noch bei vergleichsweise milden 27 Grad liegen, steuern die H\u00f6chstwerte am Donnerstag in Richtung der 30-Grad-Marke. Ab Freitag liegt die Prognose dann bei etwa 32-33 Grad. Dazu werden am Wochenende jeden Tag bis zu 14 Sonnenstunden erwartet.<\/p>\n<p class=\"text-18 leading-17 user-text-lg:text-22 user-text-xl:text-24\">Auch die n\u00e4chste Woche bleibt extrem: F\u00fcr Montag und Dienstag sind sogar noch h\u00f6here Temperaturen vorhergesagt, der H\u00f6chstwert von 35 Grad soll am Dienstagmittag gegen 14 Uhr erreicht werden.<\/p>\n<p><a href=\"#focus-1\" class=\"transition-colors block text-current relative\" data-sctrack=\"FocusGalleryImage.Reference\"><img   loading=\"lazy\" src=\"https:\/\/www.europesays.com\/de\/wp-content\/uploads\/2026\/06\/an-der-isar-geniessen-zahllose-muenchner-im-sommer-die-kostenfreie-erfrischung.jpg\" alt=\"imago 92014009\" title=\"imago 92014009\" width=\"4000\" height=\"2250\" class=\"h-full w-full max-w-full rounded-8\" decoding=\"async\"\/><img loading=\"lazy\" src=\"https:\/\/muenchen.t-online.de\/s\/paper\/_next\/static\/media\/zoom-in.f7dae02f.svg\" alt=\"Vergr\u00f6\u00dfern des Bildes\" title=\"Vergr\u00f6\u00dfern des Bildes\" class=\"block h-[calc(var(--height)_\/_16_*_1rem)] w-[calc(var(--width)_\/_16_*_1rem)] max-w-none absolute right-8 bottom-8 rounded-4 bg-snow p-8\" style=\"--width:32;--height:32\" decoding=\"async\"\/>Menschen am Isarufer bei der Reichenbachbr\u00fccke (Archivbild): Am kommenden Wochenende d\u00fcrfte es auch an der Isar und den Badeseen voll werden. (Quelle: Imago)<\/a><\/p>\n<p class=\"text-18 leading-17 user-text-lg:text-22 user-text-xl:text-24\">Mit den steigenden Temperaturen nimmt allerdings auch die Gewitterwahrscheinlichkeit zu. Ob und wo sich tats\u00e4chlich Gewitter bilden, l\u00e4sst sich noch nicht sicher sagen. Typisch f\u00fcr solche Lagen ist aber, dass sich nach gro\u00dfer Tageshitze Schauer oder Gewitter entwickeln k\u00f6nnen.<\/p>\n<p>So sch\u00fctzen Sie sich vor der Hitze<\/p>\n<p class=\"text-18 leading-17 user-text-lg:text-22 user-text-xl:text-24\">Gerade in einer Gro\u00dfstadt wie M\u00fcnchen kann sich Hitze besonders stark bemerkbar machen. Versiegelte Fl\u00e4chen, enge Stra\u00dfenr\u00e4ume und aufgeheizte Fassaden speichern W\u00e4rme und geben sie nur langsam wieder ab. Deshalb sollten vor allem \u00e4ltere Menschen, Kinder und gesundheitlich vorbelastete Menschen Ma\u00dfnahmen ergreifen, um sich vor den hohen Temperaturen zu sch\u00fctzen.<\/p>\n<p class=\"text-18 leading-17 user-text-lg:text-22 user-text-xl:text-24\">In M\u00fcnchen gibt es zahlreiche Orte, an denen Menschen der Hitze entkommen k\u00f6nnen. Dazu z\u00e4hlen schattige Parks, Brunnen, Kirchen, Bibliotheken oder andere \u00f6ffentlich zug\u00e4ngliche Innenr\u00e4ume. <a class=\"transition-colors cursor-pointer text-inherit no-underline text-salemsfur md:hover:text-magenta md:hover:border-magenta md:focus:text-magenta border-current border-b border-solid break-words\" data-tracking=\"{&quot;action&quot;:&quot;click&quot;,&quot;category&quot;:&quot;intextLink&quot;,&quot;label&quot;:&quot;\/region\/muenchen\/id_100795068\/hitzewelle-rollt-auf-muenchen-zu-an-diesen-orten-findet-man-schutz.html&quot;}\" href=\"https:\/\/muenchen.t-online.de\/region\/muenchen\/id_100795068\/hitzewelle-rollt-auf-muenchen-zu-an-diesen-orten-findet-man-schutz.html\" data-sctrack=\"BodyAnchor\" rel=\"nofollow noopener\" target=\"_blank\">t-online hat f\u00fcr Sie eine \u00dcbersicht mit k\u00fchlen Orten in M\u00fcnchen zusammengestellt.<\/a><\/p>\n<p><a href=\"#focus-2\" class=\"transition-colors block text-current relative\" data-sctrack=\"FocusGalleryImage.Reference\"><img   loading=\"lazy\" src=\"https:\/\/www.europesays.com\/de\/wp-content\/uploads\/2026\/06\/people-cooling-off-in-fountain-at-munich-karlsplatz-stachus-during-heatwave-people-refresh-themselve.jpeg\" alt=\"imago images 0823503293\" title=\"imago images 0823503293\" width=\"4000\" height=\"2250\" class=\"h-full w-full max-w-full rounded-8\" decoding=\"async\"\/><img loading=\"lazy\" src=\"https:\/\/muenchen.t-online.de\/s\/paper\/_next\/static\/media\/zoom-in.f7dae02f.svg\" alt=\"Vergr\u00f6\u00dfern des Bildes\" title=\"Vergr\u00f6\u00dfern des Bildes\" class=\"block h-[calc(var(--height)_\/_16_*_1rem)] w-[calc(var(--width)_\/_16_*_1rem)] max-w-none absolute right-8 bottom-8 rounded-4 bg-snow p-8\" style=\"--width:32;--height:32\" decoding=\"async\"\/>M\u00fcnchens wohl bekannteste Sommerdusche (Archivbild): Die Wasserfont\u00e4nen am Stachus. Sie bieten Kindern und Erwachsenen eine willkommende Erfrischung an hei\u00dfen Tagen. (Quelle: IMAGO\/Michael Nguyen\/imago)<\/a><\/p>\n","protected":false},"excerpt":{"rendered":"H\u00f6hepunkt am Wochenende Hitzewelle rollt auf M\u00fcnchen zu \u2013 H\u00f6chstwerte bis 35 Grad Aktualisiert am 16.06.2026 &#8211; 10:44&hellip;\n","protected":false},"author":2,"featured_media":1098178,"comment_status":"","ping_status":"","sticky":false,"template":"","format":"standard","meta":{"footnotes":"","_share_on_mastodon":"0"},"categories":[1827],"tags":[522,772,29,232779,30,33452,45286,61775,18113,38449,232778,1268,6848],"class_list":["post-1098177","post","type-post","status-publish","format-standard","has-post-thumbnail","category-muenchen","tag-522","tag-bayern","tag-deutschland","tag-geradweg","tag-germany","tag-hitzeschutz","tag-hitzesommer","tag-hitzewarnung","tag-hitzewelle","tag-hoechstwert","tag-megahitze","tag-muenchen","tag-temperatur"],"share_on_mastodon":{"url":"https:\/\/pubeurope.com\/@de\/116759016259985841","error":""},"_links":{"self":[{"href":"https:\/\/www.europesays.com\/de\/wp-json\/wp\/v2\/posts\/1098177","targetHints":{"allow":["GET"]}}],"collection":[{"href":"https:\/\/www.europesays.com\/de\/wp-json\/wp\/v2\/posts"}],"about":[{"href":"https:\/\/www.europesays.com\/de\/wp-json\/wp\/v2\/types\/post"}],"author":[{"embeddable":true,"href":"https:\/\/www.europesays.com\/de\/wp-json\/wp\/v2\/users\/2"}],"replies":[{"embeddable":true,"href":"https:\/\/www.europesays.com\/de\/wp-json\/wp\/v2\/comments?post=1098177"}],"version-history":[{"count":0,"href":"https:\/\/www.europesays.com\/de\/wp-json\/wp\/v2\/posts\/1098177\/revisions"}],"wp:featuredmedia":[{"embeddable":true,"href":"https:\/\/www.europesays.com\/de\/wp-json\/wp\/v2\/media\/1098178"}],"wp:attachment":[{"href":"https:\/\/www.europesays.com\/de\/wp-json\/wp\/v2\/media?parent=1098177"}],"wp:term":[{"taxonomy":"category","embeddable":true,"href":"https:\/\/www.europesays.com\/de\/wp-json\/wp\/v2\/categories?post=1098177"},{"taxonomy":"post_tag","embeddable":true,"href":"https:\/\/www.europesays.com\/de\/wp-json\/wp\/v2\/tags?post=1098177"}],"curies":[{"name":"wp","href":"https:\/\/api.w.org\/{rel}","templated":true}]}}