{"id":1098330,"date":"2026-06-16T10:37:26","date_gmt":"2026-06-16T10:37:26","guid":{"rendered":"https:\/\/www.europesays.com\/de\/1098330\/"},"modified":"2026-06-16T10:37:26","modified_gmt":"2026-06-16T10:37:26","slug":"galileistrasse-warum-in-plaenterwald-strassen-aufgerissen-werden","status":"publish","type":"post","link":"https:\/\/www.europesays.com\/de\/1098330\/","title":{"rendered":"Galileistra\u00dfe: Warum in Pl\u00e4nterwald Stra\u00dfen aufgerissen werden"},"content":{"rendered":"<p><strong>In der Galileistra\u00dfe in Pl\u00e4nterwald sind die neuen Wohnungen von STADT UND LAND<\/strong> <strong>fertig und weitgehend bezogen. Doch vor dem Neubau ist derzeit die Stra\u00dfe aufgerissen.<\/strong><\/p>\n<p><a href=\"https:\/\/www.europesays.com\/de\/wp-content\/uploads\/2026\/06\/Plaenterwald-Galileistrasse-\u00a9-Foto-ENTWICKLUNGSSTADT.jpg\"><img loading=\"lazy\" decoding=\"async\" aria-describedby=\"caption-attachment-99234\" class=\"lazyload size-full wp-image-99234\" src=\"data:image\/svg+xml,%3Csvg%20xmlns%3D%27http%3A%2F%2Fwww.w3.org%2F2000%2Fsvg%27%20width%3D%271280%27%20height%3D%27720%27%20viewBox%3D%270%200%201280%20720%27%3E%3Crect%20width%3D%271280%27%20height%3D%27720%27%20fill-opacity%3D%220%22%2F%3E%3C%2Fsvg%3E\" data-orig-src=\"https:\/\/www.europesays.com\/de\/wp-content\/uploads\/2026\/06\/Plaenterwald-Galileistrasse-\u00a9-Foto-ENTWICKLUNGSSTADT.jpg\" alt=\"Der Neubau in der Galileistra\u00dfe in Pl\u00e4nterwald zeigt helle Fassaden, mehrere Balkone und bezogene Wohnungen.\" width=\"1280\" height=\"720\"\/><\/a><\/p>\n<p id=\"caption-attachment-99234\" class=\"wp-caption-text\">Der Neubau in der Galileistra\u00dfe ist fertiggestellt und gr\u00f6\u00dftenteils bezogen. \/ \u00a9 Foto: ENTWICKLUNGSSTADT<\/p>\n<p>\u00a9 Titelbild: ENTWICKLUNGSSTADT<\/p>\n<p>\u00a0<\/p>\n<p>In der <a href=\"https:\/\/www.entwicklungsstadt.de\/quartier-von-stadt-und-land-am-plaenterwald-so-sehen-die-neuen-wohnungen-aus\/\" target=\"_blank\" rel=\"noopener nofollow\">Galileistra\u00dfe in Pl\u00e4nterwald zeigt sich der Neubau inzwischen nicht mehr als Baustelle<\/a>, sondern als bewohntes Quartier. Die 90 neuen Wohnungen sind fertiggestellt und gr\u00f6\u00dftenteils bezogen. Vor den H\u00e4usern pr\u00e4gen aktuell jedoch wieder Bauz\u00e4une, Gr\u00e4ben und Absperrungen das Bild. Die Stra\u00dfe wurde zum Teil ge\u00f6ffnet.<\/p>\n<ul>\n<li><strong>Bezirk<\/strong>: <a title=\"Treptow-K\u00f6penick\" href=\"https:\/\/www.entwicklungsstadt.de\/bezirke\/treptow-koepenick\/\" target=\"_blank\" rel=\"noopener nofollow\">Treptow-K\u00f6penick<\/a><\/li>\n<li><strong>Adresse<\/strong>: Galileistra\u00dfe 27\u201339, 12435 Berlin<\/li>\n<li><strong>Gesamtprojekt<\/strong>: 137 Wohnungen<\/li>\n<li><strong>Aktuelle Arbeiten<\/strong>: Aufgrabung der Stra\u00dfe wegen Neuverlegung von Stromkabeln<\/li>\n<\/ul>\n<p>Der <a href=\"https:\/\/www.entwicklungsstadt.de\/plaenterwald-stadt-und-land-beginnt-registrierungsphase-fuer-neubauprojekt\/\" target=\"_blank\" rel=\"noopener nofollow\">Neubau in der Galileistra\u00dfe ist inzwischen abgeschlossen<\/a>. Die Fassaden sind hell, die Balkone wohnlich gestaltet, viele Fenster zeigen Vorh\u00e4nge, Pflanzen oder M\u00f6bel. Vor den Eing\u00e4ngen stehen Fahrr\u00e4der und Roller, in den Erdgeschossen sind Rolll\u00e4den sichtbar. Auch die \u00fcberdachten und abschlie\u00dfbaren Fahrradh\u00e4uschen sind fertig. Sie stehen entlang der Wege und bieten gesch\u00fctzte Abstellfl\u00e4chen, die im dicht bebauten Quartier sichtbar eine praktische Rolle spielen.<\/p>\n<p><a href=\"https:\/\/www.europesays.com\/de\/wp-content\/uploads\/2026\/06\/Plaenterwald-Galileistrasse-\u00a9-Foto-ENTWICKLUNGSSTADT-1.jpg\"><img loading=\"lazy\" decoding=\"async\" aria-describedby=\"caption-attachment-99233\" class=\"lazyload size-full wp-image-99233\" src=\"data:image\/svg+xml,%3Csvg%20xmlns%3D%27http%3A%2F%2Fwww.w3.org%2F2000%2Fsvg%27%20width%3D%271280%27%20height%3D%27720%27%20viewBox%3D%270%200%201280%20720%27%3E%3Crect%20width%3D%271280%27%20height%3D%27720%27%20fill-opacity%3D%220%22%2F%3E%3C%2Fsvg%3E\" data-orig-src=\"https:\/\/www.europesays.com\/de\/wp-content\/uploads\/2026\/06\/Plaenterwald-Galileistrasse-\u00a9-Foto-ENTWICKLUNGSSTADT-1.jpg\" alt=\"In der Galileistra\u00dfe in Pl\u00e4nterwald stehen graue, \u00fcberdachte und abschlie\u00dfbare Fahrradh\u00e4uschen neben dem Neubau von Stadt und Land.\" width=\"1280\" height=\"720\"\/><\/a><\/p>\n<p id=\"caption-attachment-99233\" class=\"wp-caption-text\">Abschlie\u00dfbare Fahrradh\u00e4uschen erg\u00e4nzen den Neubau in der Galileistra\u00dfe in Pl\u00e4nterwald und bieten den Bewohnern gesch\u00fctzte Stellpl\u00e4tze. \/ \u00a9 Foto: ENTWICKLUNGSSTADT<\/p>\n<p>Galileistra\u00dfe in Pl\u00e4nterwald: Neubau ist fertig und bezogen<\/p>\n<p>Die STADT UND LAND hatte in der Galileistra\u00dfe 27\u201339 insgesamt 90 neue Mietwohnungen gebaut. Sie geh\u00f6ren zum gr\u00f6\u00dferen Projekt \u201eAm Pl\u00e4nterwald\u201c, das auf Grundst\u00fccken an der Neuen Krugallee, der Orionstra\u00dfe und der Galileistra\u00dfe insgesamt 137 Wohnungen umfasst.<\/p>\n<p>Der Wohnungsmix reicht von Ein- bis F\u00fcnfzimmerwohnungen. Die H\u00e4user entstanden in Massivbauweise nach dem Typenhausplus-Katalog des Unternehmens und mit KfW-55-Standard. Alle Wohnungen im neuen Abschnitt sind \u00fcber Aufz\u00fcge erreichbar, viele gelten als barrierearm oder barrierefrei. Zur Ausstattung z\u00e4hlen offene K\u00fcchen, Abstellr\u00e4ume, Fu\u00dfbodenheizung sowie Balkone, Terrassen oder Dachterrassen.<\/p>\n<p>Die neue Bebauung steht in einem Gebiet, in dem Nachverdichtung seit Jahren f\u00fcr Konflikte sorgt. Schon 2021 gr\u00fcndete sich eine B\u00fcrgerinitiative gegen die damaligen Pl\u00e4ne. Kritik gab es vor allem an Baumf\u00e4llungen, dichter Bebauung, fehlender Infrastruktur und zus\u00e4tzlichem Verkehr.<\/p>\n<p><a href=\"https:\/\/www.europesays.com\/de\/wp-content\/uploads\/2026\/06\/Plaenterwald-Galileistrasse-\u00a9-Foto-ENTWICKLUNGSSTADT-3.jpg\"><img loading=\"lazy\" decoding=\"async\" aria-describedby=\"caption-attachment-99232\" class=\"lazyload size-full wp-image-99232\" src=\"data:image\/svg+xml,%3Csvg%20xmlns%3D%27http%3A%2F%2Fwww.w3.org%2F2000%2Fsvg%27%20width%3D%271280%27%20height%3D%27720%27%20viewBox%3D%270%200%201280%20720%27%3E%3Crect%20width%3D%271280%27%20height%3D%27720%27%20fill-opacity%3D%220%22%2F%3E%3C%2Fsvg%3E\" data-orig-src=\"https:\/\/www.europesays.com\/de\/wp-content\/uploads\/2026\/06\/Plaenterwald-Galileistrasse-\u00a9-Foto-ENTWICKLUNGSSTADT-3.jpg\" alt=\"Am Neubau in der Galileistra\u00dfe in Pl\u00e4nterwald stehen Fahrradst\u00e4nder, junge Pflanzen und helle Wohnh\u00e4user entlang der Stra\u00dfe.\" width=\"1280\" height=\"720\"\/><\/a><\/p>\n<p id=\"caption-attachment-99232\" class=\"wp-caption-text\">Fahrradst\u00e4nder, Gr\u00fcnfl\u00e4chen und Hauseing\u00e4nge zeigen den \u00dcbergang vom Neubauprojekt zum bewohnten Quartier. \/ \u00a9 Foto: ENTWICKLUNGSSTADT<\/p>\n<p>Galileistra\u00dfe in Pl\u00e4nterwald f\u00fcr Stromkabel ge\u00f6ffnet<\/p>\n<p>Nach Angaben der Initiative entstand sp\u00e4ter ein Kompromiss: Der gro\u00dfe Orionhof blieb weitgehend frei, daf\u00fcr konnte STADT UND LAND an der Galileistra\u00dfe bauen. In einem aktuellen Flugblatt stellen Anwohner nun klar, dass sich ihre Kritik nicht gegen die neuen Nachbarn richte, sondern gegen Planung, Verfahren und Folgen der Verdichtung.<\/p>\n<p>Direkt vor den neuen H\u00e4usern ist die Galileistra\u00dfe derzeit aber erneut Baustelle. Absperrgitter sichern einen l\u00e4ngeren Graben entlang des Gehwegs. Baumaterial liegt am Rand, einzelne Bereiche sind nur eingeschr\u00e4nkt nutzbar. Hintergrund ist nach Informationen vor Ort die Neuverlegung von Stromkabeln. Damit verschiebt sich der Eindruck im Quartier: Die Wohnungen sind fertig, doch der \u00f6ffentliche Raum davor bleibt vorerst im Umbau.<\/p>\n<p>Galileistra\u00dfe (Pl\u00e4nterwald)<\/p>\n<p>\u00a0<\/p>\n<p>Quellen: STADT UND LAND, Bezirksamt Treptow-K\u00f6penick, B\u00fcrgerinitiative Pl\u00e4nterwald <\/p>\n","protected":false},"excerpt":{"rendered":"In der Galileistra\u00dfe in Pl\u00e4nterwald sind die neuen Wohnungen von STADT UND LAND fertig und weitgehend bezogen. Doch&hellip;\n","protected":false},"author":2,"featured_media":1098331,"comment_status":"","ping_status":"","sticky":false,"template":"","format":"standard","meta":{"footnotes":"","_share_on_mastodon":"0"},"categories":[1825],"tags":[31724,296,31518,29,30,9353,31733,208495,5917],"class_list":["post-1098330","post","type-post","status-publish","format-standard","has-post-thumbnail","category-berlin","tag-bauprojekte-treptow","tag-berlin","tag-berlin-treptow","tag-deutschland","tag-germany","tag-mietwohnungen","tag-neubau-treptow","tag-stadt-und-land","tag-treptow-koepenick"],"share_on_mastodon":{"url":"https:\/\/pubeurope.com\/@de\/116759353741072288","error":""},"_links":{"self":[{"href":"https:\/\/www.europesays.com\/de\/wp-json\/wp\/v2\/posts\/1098330","targetHints":{"allow":["GET"]}}],"collection":[{"href":"https:\/\/www.europesays.com\/de\/wp-json\/wp\/v2\/posts"}],"about":[{"href":"https:\/\/www.europesays.com\/de\/wp-json\/wp\/v2\/types\/post"}],"author":[{"embeddable":true,"href":"https:\/\/www.europesays.com\/de\/wp-json\/wp\/v2\/users\/2"}],"replies":[{"embeddable":true,"href":"https:\/\/www.europesays.com\/de\/wp-json\/wp\/v2\/comments?post=1098330"}],"version-history":[{"count":0,"href":"https:\/\/www.europesays.com\/de\/wp-json\/wp\/v2\/posts\/1098330\/revisions"}],"wp:featuredmedia":[{"embeddable":true,"href":"https:\/\/www.europesays.com\/de\/wp-json\/wp\/v2\/media\/1098331"}],"wp:attachment":[{"href":"https:\/\/www.europesays.com\/de\/wp-json\/wp\/v2\/media?parent=1098330"}],"wp:term":[{"taxonomy":"category","embeddable":true,"href":"https:\/\/www.europesays.com\/de\/wp-json\/wp\/v2\/categories?post=1098330"},{"taxonomy":"post_tag","embeddable":true,"href":"https:\/\/www.europesays.com\/de\/wp-json\/wp\/v2\/tags?post=1098330"}],"curies":[{"name":"wp","href":"https:\/\/api.w.org\/{rel}","templated":true}]}}