{"id":1098382,"date":"2026-06-16T11:06:24","date_gmt":"2026-06-16T11:06:24","guid":{"rendered":"https:\/\/www.europesays.com\/de\/1098382\/"},"modified":"2026-06-16T11:06:24","modified_gmt":"2026-06-16T11:06:24","slug":"ehepaar-tot-in-bruchsal-karlsruhe-gefunden-hinweise-auf-gewaltsamen-tod","status":"publish","type":"post","link":"https:\/\/www.europesays.com\/de\/1098382\/","title":{"rendered":"Ehepaar tot in Bruchsal, Karlsruhe gefunden: Hinweise auf gewaltsamen Tod"},"content":{"rendered":"<p class=\"mb-6 text-xs-varying md:text-m lg:text-l font-serif group-[.font-sans]:font-sans \">\n    In Bruchsal bei Karlsruhe in Baden-W\u00fcrttemberg wurden am Samstagmorgen zwei Tote in einer Wohnung gefunden. Laut Polizeiangaben handelt es sich um ein Ehepaar.\n  <\/p>\n<p>            Totes Ehepaar in Wohnung in Bruchsal entdeckt<\/p>\n<p class=\"mb-6 text-xs-varying md:text-m lg:text-l font-serif group-[.font-sans]:font-sans \">\n    Die 82-j\u00e4hrige Frau und der 66-j\u00e4hrige Mann wurden demnach von Familienangeh\u00f6rigen tot in ihrer Wohnung in Bruchsal-Heidelsheim entdeckt. Ein Zeuge alarmierte gegen 13:00 Uhr die Polizei, nachdem er das leblose Ehepaar in ihrer gemeinsamen Wohnung aufgefunden hatte.\n  <\/p>\n<p>            Was ist passiert?<\/p>\n<p class=\"mb-6 text-xs-varying md:text-m lg:text-l font-serif group-[.font-sans]:font-sans \">\n    Nach aktuellem Stand der polizeilichen Ermittlungen liegen Hinweise auf einen gewaltsamen Tod der beiden Verstorbenen vor. Eine Einwirkung Dritter wird derzeit jedoch ausgeschlossen. Es ist also bisher noch offen, was genau in der Wohnung passierte.\n  <\/p>\n<p class=\"mb-6 text-xs-varying md:text-m lg:text-l font-serif group-[.font-sans]:font-sans \">\n    Die Hintergr\u00fcnde des Vorfalls sowie der Ablauf des Tatgeschehens sind Gegenstand der Ermittlungen der Staatsanwaltschaft Karlsruhe und des Kriminalkommissariats Bruchsal. Auf Antrag der Staatsanwaltschaft hat das Amtsgericht Karlsruhe die Obduktion der Verstorbenen angeordnet, die jeweils im Laufe der Woche stattfinden soll.\n  <\/p>\n","protected":false},"excerpt":{"rendered":"In Bruchsal bei Karlsruhe in Baden-W\u00fcrttemberg wurden am Samstagmorgen zwei Tote in einer Wohnung gefunden. Laut Polizeiangaben handelt&hellip;\n","protected":false},"author":2,"featured_media":1098383,"comment_status":"","ping_status":"","sticky":false,"template":"","format":"standard","meta":{"footnotes":"","_share_on_mastodon":"0"},"categories":[1844],"tags":[1601,1634,82877,232855,3364,29,2867,30,8903,12251,121,1997,136634],"class_list":["post-1098382","post","type-post","status-publish","format-standard","has-post-thumbnail","category-karlsruhe","tag-amtsgericht","tag-baden-wuerttemberg","tag-bruchsal","tag-bruchsal-heidelsheim","tag-de","tag-deutschland","tag-ehepaar","tag-germany","tag-karlsruhe","tag-obduktion","tag-polizei","tag-staatsanwaltschaft","tag-staatsanwaltschaft-karlsruhe"],"share_on_mastodon":{"url":"https:\/\/pubeurope.com\/@de\/116759467544982517","error":""},"_links":{"self":[{"href":"https:\/\/www.europesays.com\/de\/wp-json\/wp\/v2\/posts\/1098382","targetHints":{"allow":["GET"]}}],"collection":[{"href":"https:\/\/www.europesays.com\/de\/wp-json\/wp\/v2\/posts"}],"about":[{"href":"https:\/\/www.europesays.com\/de\/wp-json\/wp\/v2\/types\/post"}],"author":[{"embeddable":true,"href":"https:\/\/www.europesays.com\/de\/wp-json\/wp\/v2\/users\/2"}],"replies":[{"embeddable":true,"href":"https:\/\/www.europesays.com\/de\/wp-json\/wp\/v2\/comments?post=1098382"}],"version-history":[{"count":0,"href":"https:\/\/www.europesays.com\/de\/wp-json\/wp\/v2\/posts\/1098382\/revisions"}],"wp:featuredmedia":[{"embeddable":true,"href":"https:\/\/www.europesays.com\/de\/wp-json\/wp\/v2\/media\/1098383"}],"wp:attachment":[{"href":"https:\/\/www.europesays.com\/de\/wp-json\/wp\/v2\/media?parent=1098382"}],"wp:term":[{"taxonomy":"category","embeddable":true,"href":"https:\/\/www.europesays.com\/de\/wp-json\/wp\/v2\/categories?post=1098382"},{"taxonomy":"post_tag","embeddable":true,"href":"https:\/\/www.europesays.com\/de\/wp-json\/wp\/v2\/tags?post=1098382"}],"curies":[{"name":"wp","href":"https:\/\/api.w.org\/{rel}","templated":true}]}}