{"id":1098404,"date":"2026-06-16T11:20:22","date_gmt":"2026-06-16T11:20:22","guid":{"rendered":"https:\/\/www.europesays.com\/de\/1098404\/"},"modified":"2026-06-16T11:20:22","modified_gmt":"2026-06-16T11:20:22","slug":"aufgepasst-so-sehen-sie-heute-die-auftaktspiele-von-frankreich-und-norwegen-wm-2026-sport","status":"publish","type":"post","link":"https:\/\/www.europesays.com\/de\/1098404\/","title":{"rendered":"Aufgepasst: So sehen Sie heute die Auftaktspiele von Frankreich und Norwegen | WM 2026 | Sport"},"content":{"rendered":"<p><a class=\"skip-content skip-content--link\" href=\"#in-content-skip-link-target-v-0-0\">TTS-Player \u00fcberspringen\u21b5<\/a><a id=\"in-content-skip-link-target-v-0-0\" class=\"skip-content--target-link-hidden skip-content skip-content--target-link\" href=\"#in-content-skip-link-target-v-0-0\">Artikel weiterlesen<\/a><\/p>\n<p data-21134c99=\"0-2813\"><b>Der <\/b><a href=\"https:\/\/www.bild.de\/sport\/fussball\/fifa-wm-2026-QNToDBgFYEJ5vy2KN6mE\" class=\"text-link\" rel=\"nofollow noopener\" target=\"_blank\"><b>WM<\/b><\/a><b>-Dienstag hat gleich mehrere Leckerbissen f\u00fcr Fu\u00dfballfans parat. Fu\u00dfball-Schwergewicht Frankreich steigt um 21 Uhr gegen Senegal ins Turnier ein. Anschlie\u00dfend legt Norwegen los, f\u00fcr viele Experten ein Geheimfavorit auf den Titel. Die Skandinavier treffen auf den Irak. Wer seinen Fu\u00dfball-Abend vor dem Fernseher plant, sollte allerdings bedenken: Beide Spiele laufen exklusiv beim Bezahlsender MagentaTV.<\/b><\/p>\n<p>Frankreich \u2013 Senegal (21 Uhr, Gruppe I)<\/p>\n<p data-21134c99=\"0-2813\">Nach Brasilien gegen Marokko steigt das zweite absolute Topspiel dieser WM. F\u00fcr viele gilt Frankreich als Titelfavorit Nummer\u00a01. Angef\u00fchrt von Ballon-d\u2019Or-Gewinner Ousmane Demb\u00e9l\u00e9 (29) und Superstar Kylian Mbapp\u00e9 (27) wollen die Franzosen ihren dritten WM-Titel nach 1998 und 2018 holen. Es w\u00e4re der perfekte Abschluss der erfolgreichen \u00c4ra von Nationaltrainer Didier Deschamps (57), der sein Amt nach dem Turnier niederlegt.<\/p>\n<p><img decoding=\"async\" width=\"992\" height=\"558\" alt=\"Seit 2012 ist Didier Deschamps (57) Trainer der franz\u00f6sischen Nationalmannschaft\" loading=\"lazy\" src=\"https:\/\/www.europesays.com\/de\/wp-content\/uploads\/2026\/06\/83ac58343979bf22550ddafb92244173,ffcb1321.jpeg\"   class=\"landscape\"\/><\/p>\n<p class=\"fig__caption__text\">Seit 2012 ist Didier Deschamps (57) Trainer der franz\u00f6sischen Nationalmannschaft<\/p>\n<p>Foto: Jeremias Gonzalez\/AP\/dpa<\/p>\n<p data-21134c99=\"0-2813\">Doch der Auftaktgegner hat das Potenzial, zum Stolperstein zu werden. Senegal gewann im vergangenen Jahr den Afrika-Cup. Der Titel wurde sp\u00e4ter allerdings Marokko zugesprochen, nachdem senegalesische Spieler nach einem umstrittenen Elfmeterpfiff in der Nachspielzeit vor\u00fcbergehend den Platz verlassen hatten. Zudem verf\u00fcgt Senegal \u00fcber zahlreiche internationale Stars. Mit Sadio Man\u00e9 (34), Nicolas Jackson (24) und Iliman Ndiaye (26) stehen mehrere Topspieler im Kader. <\/p>\n<p data-21134c99=\"0-2813\">Patzt Frankreich nicht, ist die \u00c9quipe Tricolore m\u00f6glicher Achtelfinale-Gegner von Deutschland \u2013 vorausgesetzt, beide Mannschaften gewinnen ihre Gruppen sowie ihr Sechzehntelfinale. Deutsche Fu\u00dfballfans und der DFB d\u00fcrften die Partie daher besonders aufmerksam verfolgen.<\/p>\n<p>Irak \u2013 Norwegen (0.00 Uhr, Gruppe I)<\/p>\n<p data-21134c99=\"0-2813\">Bei der zweiten Partie der Gruppe I richtet sich der Blick der Fu\u00dfballwelt auf einen Mann: Erling Haaland (25). Der St\u00fcrmer von Manchester City schoss Norwegen mit 16 Treffern in der Qualifikation nahezu im Alleingang zur WM. Alle Qualifikationsspiele konnten gewonnen werden, darunter auch zwei Siege gegen Italien, das die Weltmeisterschaft anschlie\u00dfend zum dritten Mal verpasste.<\/p>\n<p><img decoding=\"async\" width=\"992\" height=\"1178\" alt=\"Erling Haaland (25) will mit Norwegen f\u00fcr Furore bei der WM sorgen\" loading=\"lazy\" src=\"https:\/\/www.europesays.com\/de\/wp-content\/uploads\/2026\/06\/360b02542b4f6e1056fc3dab4ec7de6a,9e3ddcf8.jpeg\"   class=\"portrait\"\/><\/p>\n<p class=\"fig__caption__text\"> Erling Haaland (25) will mit Norwegen f\u00fcr Furore bei der WM sorgen <\/p>\n<p>Foto: Peter Cziborra\/REUTERS<\/p>\n<p data-21134c99=\"0-2813\">Doch Norwegen hat weit mehr zu bieten als nur Haaland. Besonders hervorzuheben sind der frischgebackene englische Meister und Arsenal-Kapit\u00e4n Martin \u00d8degaard (27) sowie Leipzigs Unterschiedsspieler Antonio Nusa (21). Die souver\u00e4ne Qualifikation und die kontinuierliche Entwicklung auf internationaler B\u00fchne machen Norwegen f\u00fcr viele Experten zu einem Geheimfavoriten. Mit Senegal und Frankreich ist Gruppe I jedoch eine echte Hammergruppe.<\/p>\n<p data-21134c99=\"0-2813\">Gegner Norwegens ist der Irak. Das Land aus dem Nahen Osten l\u00f6ste als letztes Team sein WM-Ticket. Die Qualifikation war historisch: Zum ersten Mal seit 40 Jahren steht der Irak wieder auf der gr\u00f6\u00dften Fu\u00dfballb\u00fchne der Welt. In Gruppe I werden den Irakern allerdings lediglich Au\u00dfenseiterchancen einger\u00e4umt.<\/p>\n","protected":false},"excerpt":{"rendered":"TTS-Player \u00fcberspringen\u21b5Artikel weiterlesen Der WM-Dienstag hat gleich mehrere Leckerbissen f\u00fcr Fu\u00dfballfans parat. Fu\u00dfball-Schwergewicht Frankreich steigt um 21 Uhr&hellip;\n","protected":false},"author":2,"featured_media":1098405,"comment_status":"","ping_status":"","sticky":false,"template":"","format":"standard","meta":{"footnotes":"","_share_on_mastodon":"0"},"categories":[3974],"tags":[148728,331,332,548,663,3934,3980,156,347,38029,13,19542,5639,14,55213,232647,104932,193540,15,12,11404],"class_list":["post-1098404","post","type-post","status-publish","format-standard","has-post-thumbnail","category-frankreich","tag-afrika-cup","tag-aktuelle-nachrichten","tag-aktuelle-news","tag-eu","tag-europa","tag-europe","tag-france","tag-frankreich","tag-fussball","tag-fussball-wm-2026","tag-headlines","tag-kylian-mbappe","tag-magenta-sport","tag-nachrichten","tag-nationalmannschaft-frankreich","tag-nationalmannschaft-irak","tag-nationalmannschaft-norwegen","tag-nationalmannschaft-senegal","tag-news","tag-schlagzeilen","tag-wm"],"share_on_mastodon":{"url":"","error":""},"_links":{"self":[{"href":"https:\/\/www.europesays.com\/de\/wp-json\/wp\/v2\/posts\/1098404","targetHints":{"allow":["GET"]}}],"collection":[{"href":"https:\/\/www.europesays.com\/de\/wp-json\/wp\/v2\/posts"}],"about":[{"href":"https:\/\/www.europesays.com\/de\/wp-json\/wp\/v2\/types\/post"}],"author":[{"embeddable":true,"href":"https:\/\/www.europesays.com\/de\/wp-json\/wp\/v2\/users\/2"}],"replies":[{"embeddable":true,"href":"https:\/\/www.europesays.com\/de\/wp-json\/wp\/v2\/comments?post=1098404"}],"version-history":[{"count":0,"href":"https:\/\/www.europesays.com\/de\/wp-json\/wp\/v2\/posts\/1098404\/revisions"}],"wp:featuredmedia":[{"embeddable":true,"href":"https:\/\/www.europesays.com\/de\/wp-json\/wp\/v2\/media\/1098405"}],"wp:attachment":[{"href":"https:\/\/www.europesays.com\/de\/wp-json\/wp\/v2\/media?parent=1098404"}],"wp:term":[{"taxonomy":"category","embeddable":true,"href":"https:\/\/www.europesays.com\/de\/wp-json\/wp\/v2\/categories?post=1098404"},{"taxonomy":"post_tag","embeddable":true,"href":"https:\/\/www.europesays.com\/de\/wp-json\/wp\/v2\/tags?post=1098404"}],"curies":[{"name":"wp","href":"https:\/\/api.w.org\/{rel}","templated":true}]}}