{"id":1098521,"date":"2026-06-16T12:24:16","date_gmt":"2026-06-16T12:24:16","guid":{"rendered":"https:\/\/www.europesays.com\/de\/1098521\/"},"modified":"2026-06-16T12:24:16","modified_gmt":"2026-06-16T12:24:16","slug":"immobilien-diese-zwangsversteigerungen-stehen-im-juni-und-juli-2026-im-landkreis-augsburg-an","status":"publish","type":"post","link":"https:\/\/www.europesays.com\/de\/1098521\/","title":{"rendered":"Immobilien: Diese Zwangsversteigerungen stehen im Juni und Juli 2026 im Landkreis Augsburg an"},"content":{"rendered":"<p class=\"mb-6 text-xs-varying md:text-m lg:text-l font-serif group-[.font-sans]:font-sans \">\n    Es sind ganz unterschiedliche Situationen, die dazu f\u00fchren k\u00f6nnen, dass eine Immobilie <a href=\"https:\/\/www.augsburger-allgemeine.de\/schwabmuenchen\/zwangsversteigerungen-im-kreis-augsburg-die-aktuellen-immobilien-im-februar-und-maerz-2026-113182769\" target=\"_self\" class=\"underline \" rel=\"nofollow noopener\">zwangsversteigert wird<\/a>. Der Klassiker: Besitzerinnen oder Besitzer k\u00f6nnen Schulden nicht begleichen. Aber auch, wenn Ex-Eheleute sich nach der Scheidung nicht einigen k\u00f6nnen, wer das Haus beh\u00e4lt oder wie es verkauft werden soll, kann eine Versteigerung die L\u00f6sung sein.\u00a0Oder wenn Erben unterschiedliche Ansichten dazu haben, was mit der hinterlassenen Immobilie passieren soll. Geld l\u00e4sst sich leichter aufteilen als ein Haus, eine Wohnung oder ein Baugrundst\u00fcck. Ganz unterschiedlich sind auch die Hintergr\u00fcnde zu den Immobilien aus dem Augsburger Umland, die im Juni und Juli unter dem Hammer landen \u2013 genauso unterschiedlich wie die Immobilien selbst. Die reichen vom Baugrundst\u00fcck bis zum Einfamilienhaus. Ein \u00dcberblick.\n  <\/p>\n<p>            Dreizimmerwohnung in Neus\u00e4\u00df: 90 Quadratmeter, 320.000 Euro Verkehrswert<\/p>\n<p class=\"mb-6 text-xs-varying md:text-m lg:text-l font-serif group-[.font-sans]:font-sans \">\n    Eine Dreizimmerwohnung in Neus\u00e4\u00df wird am Mittwoch, 3. Juni, <a href=\"https:\/\/www.augsburger-allgemeine.de\/schwabmuenchen\/zwangsversteigerungen-im-landkreis-augsburg-diese-immobilien-koennten-im-januar-neue-besitzer-finden-112787189\" target=\"_self\" class=\"underline \" rel=\"nofollow noopener\">im Justizgeb\u00e4ude Am Alten Einla\u00df in Augsburg versteigert<\/a>. Sie liegt im dritten Obergeschoss und misst 90 Quadratmeter.\n  <\/p>\n<p class=\"mb-6 text-xs-varying md:text-m lg:text-l font-serif group-[.font-sans]:font-sans \">\n    Zu der Wohnung aus dem Jahr 1982 geh\u00f6rt ein Tiefgaragenstellplatz. Den Wert von beidem zusammen sch\u00e4tzt ein Gutachter auf rund 320.000 Euro.\n  <\/p>\n<p>    <img decoding=\"async\" src=\"https:\/\/images.mgpd.de\/img\/114331086\/crop\/c16_9-w100\/2046004453\/1255531845\/cm4a6393jpg.jpg\" alt=\"In diesem Haus in Neus\u00e4\u00df wird eine Wohnung versteigert.\" title=\"In diesem Haus in Neus\u00e4\u00df wird eine Wohnung versteigert.\" loading=\"lazy\" class=\"h-full w-full object-cover\"\/><\/p>\n<p>      Icon vergr\u00f6\u00dfern<\/p>\n<p>    In diesem Haus in Neus\u00e4\u00df wird eine Wohnung versteigert.<br \/>\n    Foto: Sebastian Richly<\/p>\n<p>        Schlie\u00dfen <\/p>\n<p>      Icon Schlie\u00dfen<\/p>\n<p>        Icon vergr\u00f6\u00dfern<\/p>\n<p>        Icon verkleinern<\/p>\n<p>      Icon Pfeil bewegen<\/p>\n<p>    In diesem Haus in Neus\u00e4\u00df wird eine Wohnung versteigert.<br \/>\n    Foto: Sebastian Richly<\/p>\n<p>            Einfamilienhaus in Emersacker: 165 Quadratmeter, 470.000 Euro Verkehrswert<\/p>\n<p class=\"mb-6 text-xs-varying md:text-m lg:text-l font-serif group-[.font-sans]:font-sans \">\n    H\u00f6her gesch\u00e4tzt wird der Wert eines Einfamilienhauses in Emersacker, auf rund 470.000 Euro. Das Geb\u00e4ude mit Spitzboden und Doppelgarage hat eine Wohnfl\u00e4che von 165 Quadratmetern, dazu eine Nutzfl\u00e4che von 101 Quadratmetern im Keller.\n  <\/p>\n<p>    <img decoding=\"async\" src=\"https:\/\/images.mgpd.de\/img\/114331084\/crop\/c16_9-w100\/729296609\/533080104\/cm4a6378jpg.jpg\" alt=\"Dieses Haus in Emersacker wird versteigert.\" title=\"Dieses Haus in Emersacker wird versteigert.\" loading=\"lazy\" class=\"h-full w-full object-cover\"\/><\/p>\n<p>      Icon vergr\u00f6\u00dfern<\/p>\n<p>    Dieses Haus in Emersacker wird versteigert.<br \/>\n    Foto: Sebastian Richly<\/p>\n<p>        Schlie\u00dfen <\/p>\n<p>      Icon Schlie\u00dfen<\/p>\n<p>        Icon vergr\u00f6\u00dfern<\/p>\n<p>        Icon verkleinern<\/p>\n<p>      Icon Pfeil bewegen<\/p>\n<p>    Dieses Haus in Emersacker wird versteigert.<br \/>\n    Foto: Sebastian Richly<\/p>\n<p class=\"mb-6 text-xs-varying md:text-m lg:text-l font-serif group-[.font-sans]:font-sans \">\n    Gebaut wurde es im Jahr 1984. Das Grundst\u00fcck, auf dem das Haus steht, ist 780 Quadratmeter gro\u00df. <a href=\"https:\/\/www.augsburger-allgemeine.de\/schwabmuenchen\/augsburg-zwangsversteigerungen-im-landkreis-die-aktuellen-immobilien-110651241\" target=\"_self\" class=\"underline \" rel=\"nofollow noopener\">Versteigert wird die Immobilie<\/a> am Montag, 8. Juni.\n  <\/p>\n<p>            Eigentumswohnung in Schwabm\u00fcnchen: 43 Quadratmeter, 150.000 Euro Verkehrswert<\/p>\n<p class=\"mb-6 text-xs-varying md:text-m lg:text-l font-serif group-[.font-sans]:font-sans \">\n    Zwei Wochen sp\u00e4ter steht eine Eigentumswohnung zur Auktion, am 22. Juni. Sie liegt in Schwabm\u00fcnchen. Gesch\u00e4tzter Wert inklusive Stellplatz im Parkhaus: etwas mehr als 150.000 Euro.\n  <\/p>\n<p>    <img decoding=\"async\" src=\"https:\/\/images.mgpd.de\/img\/114323153\/crop\/c16_9-w100\/2124306267\/1922477838\/zv-smue.jpg\" alt=\"Den Wert einer Wohnung in diesem Haus in Schwabm\u00fcnchen sch\u00e4tzt ein Gutachter auf 150.000 Euro. Im Juni wird sie versteigert.\" title=\"Den Wert einer Wohnung in diesem Haus in Schwabm\u00fcnchen sch\u00e4tzt ein Gutachter auf 150.000 Euro. Im Juni wird sie versteigert.\" loading=\"lazy\" class=\"h-full w-full object-cover\"\/><\/p>\n<p>      Icon vergr\u00f6\u00dfern<\/p>\n<p>    Den Wert einer Wohnung in diesem Haus in Schwabm\u00fcnchen sch\u00e4tzt ein Gutachter auf 150.000 Euro. Im Juni wird sie versteigert.<br \/>\n    Foto: Marco Keitel<\/p>\n<p>        Schlie\u00dfen <\/p>\n<p>      Icon Schlie\u00dfen<\/p>\n<p>        Icon vergr\u00f6\u00dfern<\/p>\n<p>        Icon verkleinern<\/p>\n<p>      Icon Pfeil bewegen<\/p>\n<p>    Den Wert einer Wohnung in diesem Haus in Schwabm\u00fcnchen sch\u00e4tzt ein Gutachter auf 150.000 Euro. Im Juni wird sie versteigert.<br \/>\n    Foto: Marco Keitel<\/p>\n<p class=\"mb-6 text-xs-varying md:text-m lg:text-l font-serif group-[.font-sans]:font-sans \">\n    Auch eine Loggia und ein Kellerabteil geh\u00f6ren dazu. Gebaut wurde das Geb\u00e4ude, in dem sie sich befindet, im Jahr 1976. Die Wohnfl\u00e4che der Zweizimmerwohnung betr\u00e4gt 43 Quadratmeter.\n  <\/p>\n<p>            Doppelhaush\u00e4lfte in K\u00f6nigsbrunn: 176 Quadratmeter, 610.000 Euro Verkehrswert<\/p>\n<p class=\"mb-6 text-xs-varying md:text-m lg:text-l font-serif group-[.font-sans]:font-sans \">\n    Deutlich gr\u00f6\u00dfer ist die Immobilie aus K\u00f6nigsbrunn, die ebenfalls am 22. Juni versteigert wird. Die unterkellerte Doppelhaush\u00e4lfte mit Garage mit Holztor und KFZ-Stellplatz bietet 176 Quadratmeter Wohnfl\u00e4che auf einem 285 Quadratmeter gro\u00dfen Grundst\u00fcck.\n  <\/p>\n<p class=\"mb-6 text-xs-varying md:text-m lg:text-l font-serif group-[.font-sans]:font-sans \">\n    Gebaut wurde sie 1994. Alles zusammen ist laut Gutachter rund 610.000 Euro wert.\n  <\/p>\n<p>            Grundst\u00fccke in Aystetten: 2580 Quadratmeter, anderthalb Millionen Euro Verkehrswert<\/p>\n<p class=\"mb-6 text-xs-varying md:text-m lg:text-l font-serif group-[.font-sans]:font-sans \">\n    Dass Immobilien in <a href=\"https:\/\/www.augsburger-allgemeine.de\/augsburg-land\/ort\/aystetten\" target=\"_self\" class=\"underline \" rel=\"nofollow noopener\">Aystetten<\/a> beliebt sind, ist kein Geheimnis. Hier leben die Menschen <a href=\"https:\/\/www.augsburger-allgemeine.de\/augsburg-land\/verdienen-sie-genug-gehaelter-und-einkommen-im-landkreis-augsburg-im-vergleich-110650300\" target=\"_self\" class=\"underline \" rel=\"nofollow noopener\">mit den durchschnittlich h\u00f6chsten Geh\u00e4ltern im Augsburger Land<\/a>. Weder Wohnungen noch Einfamilienhaus noch Doppelhaush\u00e4lfte stehen auf den Grundst\u00fccken in der Gemeinde, die am Mittwoch, 8. Juli, versteigert werden. Dennoch sind sie laut Einsch\u00e4tzung der Gutachter der mit Abstand wertvollste Punkt dieser Liste.\n  <\/p>\n<p>    <img decoding=\"async\" src=\"https:\/\/images.mgpd.de\/img\/114323222\/crop\/c16_9-w100\/377911255\/2146917087\/image00014.jpg\" alt=\"Nicht wertvoll bebaut, aber viel wert: Mehrere Fl\u00e4chen in Aystetten werden zwangsversteigert.\" title=\"Nicht wertvoll bebaut, aber viel wert: Mehrere Fl\u00e4chen in Aystetten werden zwangsversteigert.\" loading=\"lazy\" class=\"h-full w-full object-cover\"\/><\/p>\n<p>      Icon vergr\u00f6\u00dfern<\/p>\n<p>    Nicht wertvoll bebaut, aber viel wert: Mehrere Fl\u00e4chen in Aystetten werden zwangsversteigert.<br \/>\n    Foto: Fabian Strehle<\/p>\n<p>        Schlie\u00dfen <\/p>\n<p>      Icon Schlie\u00dfen<\/p>\n<p>        Icon vergr\u00f6\u00dfern<\/p>\n<p>        Icon verkleinern<\/p>\n<p>      Icon Pfeil bewegen<\/p>\n<p>    Nicht wertvoll bebaut, aber viel wert: Mehrere Fl\u00e4chen in Aystetten werden zwangsversteigert.<br \/>\n    Foto: Fabian Strehle<\/p>\n<p class=\"mb-6 text-xs-varying md:text-m lg:text-l font-serif group-[.font-sans]:font-sans \">\n    Die Fl\u00e4chen bilden zusammen ein Bautr\u00e4ger-Grundst\u00fcck f\u00fcr zwei Doppelh\u00e4user und zwei Einfamilienh\u00e4user. Bisher befindet sich neben Schutt und Material nur ein Teil des Rohbaus einer Doppelhaush\u00e4lfte darauf.\n  <\/p>\n<p>    <img decoding=\"async\" src=\"https:\/\/images.mgpd.de\/img\/114323224\/crop\/c16_9-w100\/138043320\/1950756367\/image00005.jpg\" alt=\"Ein Rohbau steht, muss aber wohl abgerissen werden.\" title=\"Ein Rohbau steht, muss aber wohl abgerissen werden.\" loading=\"lazy\" class=\"h-full w-full object-cover\"\/><\/p>\n<p>      Icon vergr\u00f6\u00dfern<\/p>\n<p>    Ein Rohbau steht, muss aber wohl abgerissen werden.<br \/>\n    Foto: Fabian Strehle<\/p>\n<p>        Schlie\u00dfen <\/p>\n<p>      Icon Schlie\u00dfen<\/p>\n<p>        Icon vergr\u00f6\u00dfern<\/p>\n<p>        Icon verkleinern<\/p>\n<p>      Icon Pfeil bewegen<\/p>\n<p>    Ein Rohbau steht, muss aber wohl abgerissen werden.<br \/>\n    Foto: Fabian Strehle<\/p>\n<p class=\"mb-6 text-xs-varying md:text-m lg:text-l font-serif group-[.font-sans]:font-sans \">\n    Bei diesem fallen laut Expos\u00e9 eine \u201estarke Durchfeuchtung der Bauteile\u201c sowie \u201eSchimmel- und Moosbildung\u201c auf. Eine Nutzung des Rohbaus sei wohl nicht m\u00f6glich, er m\u00fcsse abgerissen werden, hei\u00dft es weiter. Der Gesamtwert der Grundst\u00fccke wird auf 1,49 Millionen Euro gesch\u00e4tzt. Sie sind zusammen 2580 Quadratmeter gro\u00df.\n  <\/p>\n<p>    Wie eine Zwangsversteigerung abl\u00e4uft und was es vorher zu kl\u00e4ren gilt<\/p>\n<ul rel=\"\" class=\"[&amp;&gt;li]:relative list-none  [&amp;&gt;li]:pl-[1.2em] [&amp;&gt;li]:marker:text-[0] [&amp;&gt;li]:relative [&amp;&gt;li]:before:absolute [&amp;&gt;li]:before:w-3 [&amp;&gt;li]:before:h-3 [&amp;&gt;li]:before:bg-brand [&amp;&gt;li]:before:left-0 [&amp;&gt;li]:before:top-[8px] [&amp;&gt;li]:before:rounded-full  my-5\">\n<li class=\" mb-3 text-xs md:text-m lg:text-l\">Sagt einem eine Immobilie zu, sollte man vor dem Versteigerungstermin seine Bank konsultieren, um die m\u00f6gliche Kredith\u00f6he zu kl\u00e4ren \u2013 und damit das eigene Limit bei der Versteigerung. Neben dem Puffer f\u00fcr eine eventuelle Sanierung gilt es, Grunderwerbssteuer, Grundbucheintrag und Geb\u00fchren zu ber\u00fccksichtigen<\/li>\n<li class=\" mb-3 text-xs md:text-m lg:text-l\">Zehn Prozent des Kaufpreises muss man in der Regel vor der Versteigerung als Bietsicherheit hinterlegen. So soll verhindert werden, dass Menschen ohne ernstes Kaufinteresse mitbieten, um den Preis nach oben zu treiben<\/li>\n<li class=\" mb-3 text-xs md:text-m lg:text-l\">Selbst wenn man am Ende der H\u00f6chstbietende ist, bedeutet das nicht zwingend den Zuschlag. Daf\u00fcr muss das Gebot bei mindestens der H\u00e4lfte des festgesetzten Verkehrswertes liegen. Gebote zwischen 50 und 70 Prozent des Verkehrswertes kann ein Gl\u00e4ubiger, etwa die Bank, ablehnen. Beide Grenzen gelten in der Regel nur beim ersten Termin und fallen weg, falls es f\u00fcr eine Immobilie mehrere Anl\u00e4ufe f\u00fcr eine Zwangsversteigerung gibt (<a href=\"https:\/\/www.justiz.bayern.de\/media\/images\/behoerden-und-gerichte\/zvg_allgemeine_hinweise.pdf\" rel=\"nofollow noopener\" target=\"_blank\" class=\"underline \">Quelle: Justizministerium<\/a>)<\/li>\n<\/ul>\n","protected":false},"excerpt":{"rendered":"Es sind ganz unterschiedliche Situationen, die dazu f\u00fchren k\u00f6nnen, dass eine Immobilie zwangsversteigert wird. Der Klassiker: Besitzerinnen oder&hellip;\n","protected":false},"author":2,"featured_media":1098522,"comment_status":"","ping_status":"","sticky":false,"template":"","format":"standard","meta":{"footnotes":"","_share_on_mastodon":"0"},"categories":[1846],"tags":[680,2977,145255,232864,772,3364,29,232865,548,663,3934,30,13,5411,81871,26070,14,144488,15,12,129217],"class_list":["post-1098521","post","type-post","status-publish","format-standard","has-post-thumbnail","category-augsburg","tag-augsburg","tag-auktion","tag-aystetten","tag-baugrundstueck","tag-bayern","tag-de","tag-deutschland","tag-emersacker","tag-eu","tag-europa","tag-europe","tag-germany","tag-headlines","tag-immobilie","tag-koenigsbrunn","tag-millionenwert","tag-nachrichten","tag-neusaess","tag-news","tag-schlagzeilen","tag-schwabmuenchen"],"share_on_mastodon":{"url":"https:\/\/pubeurope.com\/@de\/116759776011277453","error":""},"_links":{"self":[{"href":"https:\/\/www.europesays.com\/de\/wp-json\/wp\/v2\/posts\/1098521","targetHints":{"allow":["GET"]}}],"collection":[{"href":"https:\/\/www.europesays.com\/de\/wp-json\/wp\/v2\/posts"}],"about":[{"href":"https:\/\/www.europesays.com\/de\/wp-json\/wp\/v2\/types\/post"}],"author":[{"embeddable":true,"href":"https:\/\/www.europesays.com\/de\/wp-json\/wp\/v2\/users\/2"}],"replies":[{"embeddable":true,"href":"https:\/\/www.europesays.com\/de\/wp-json\/wp\/v2\/comments?post=1098521"}],"version-history":[{"count":0,"href":"https:\/\/www.europesays.com\/de\/wp-json\/wp\/v2\/posts\/1098521\/revisions"}],"wp:featuredmedia":[{"embeddable":true,"href":"https:\/\/www.europesays.com\/de\/wp-json\/wp\/v2\/media\/1098522"}],"wp:attachment":[{"href":"https:\/\/www.europesays.com\/de\/wp-json\/wp\/v2\/media?parent=1098521"}],"wp:term":[{"taxonomy":"category","embeddable":true,"href":"https:\/\/www.europesays.com\/de\/wp-json\/wp\/v2\/categories?post=1098521"},{"taxonomy":"post_tag","embeddable":true,"href":"https:\/\/www.europesays.com\/de\/wp-json\/wp\/v2\/tags?post=1098521"}],"curies":[{"name":"wp","href":"https:\/\/api.w.org\/{rel}","templated":true}]}}