{"id":1098577,"date":"2026-06-16T12:55:22","date_gmt":"2026-06-16T12:55:22","guid":{"rendered":"https:\/\/www.europesays.com\/de\/1098577\/"},"modified":"2026-06-16T12:55:22","modified_gmt":"2026-06-16T12:55:22","slug":"prepen-for-crisis-sechste-queer-pride-steht-bevor","status":"publish","type":"post","link":"https:\/\/www.europesays.com\/de\/1098577\/","title":{"rendered":"\u201ePrEPen for Crisis\u201c \u2013 Sechste Queer Pride steht bevor"},"content":{"rendered":"<p>Unter dem Motto \u201ePrEPen for Crisis\u201c setzt die Queer Pride am kommenden Sonnabend in Dresden ein Zeichen gegen gesellschaftliche Krisen, f\u00fcr Solidarit\u00e4t \u2013 und f\u00fcr queere Sichtbarkeit.<br \/>\n<img fetchpriority=\"high\" decoding=\"async\" class=\"size-full wp-image-238954\" src=\"https:\/\/www.europesays.com\/de\/wp-content\/uploads\/2026\/06\/2026-06-16-Foto1.jpg\" alt=\"Die Queer Pride setzt nun zum sechsten Mal ein Zeichen f\u00fcr Sichtbarkeit und Solidarit\u00e4t \u2013 Foto: Queer Pride\" width=\"2400\" height=\"1350\"  \/>Die Queer Pride setzt nun zum sechsten Mal ein Zeichen f\u00fcr Sichtbarkeit und Solidarit\u00e4t \u2013 Foto: Queer Pride\n<\/p>\n<p>Unter dem Motto \u201ePrEPen for Crisis \u2013 prophylaktisch antifaschistisch\u201c werden wieder tausende Dresdner*innen sowie Menschen aus dem Umland erwartet. Die ungew\u00f6hnliche Schreibweise des Mottos ist dabei kein Zufall.\n<\/p>\n<p>\u201ePrEP\u201c ist die Abk\u00fcrzung f\u00fcr ein Medikament zur HIV-Pr\u00e4vention. F\u00fcr die Organisator*innen steht der Begriff symbolisch daf\u00fcr, sich gemeinsam auf gesellschaftliche Krisen vorzubereiten und f\u00fcreinander da zu sein.\n<\/p>\n<p>\u201eDie Welt wird krisenhafter. In der queeren Geschichte gibt es Keimlinge von Hoffnung und einer davon ist der AIDS-Aktivismus\u201c, erz\u00e4hlt Jascha, eine zust\u00e4ndige Person f\u00fcr die \u00d6ffentlichkeitsarbeit.<\/p>\n<p>W\u00e4hrend der AIDS-Krise in den 80ern h\u00e4tten sich nicht nur Betroffene gegenseitig unterst\u00fctzt. Auch viele Menschen, die selbst nicht unmittelbar betroffen waren, h\u00e4tten Solidarit\u00e4t gezeigt, Strukturen aufgebaut und gemeinsam f\u00fcr den Zugang zu Medikamenten gek\u00e4mpft. Genau diese Form des Zusammenhalts m\u00f6chte die Initiative heute wieder in den Mittelpunkt stellen.\n<\/p>\n<p>\u201eQueers gibt es in allen m\u00f6glichen Lebenslagen und Facetten. Das, was uns das Leben schwer macht, macht es auch vielen anderen schwer. Wir wollen nicht nur f\u00fcr uns selbst k\u00e4mpfen, sondern f\u00fcr das gute Leben f\u00fcr alle\u201c, so Jascha.\n<\/p>\n<p>F\u00fcr das Team stehen dabei R\u00e4ume, Sichtbarkeit und Sicherheit f\u00fcr queere Menschen im Mittelpunkt. Gleichzeitig verstehen sie diese Ziele nicht als Partikularinteresse, sondern als Beitrag zu einer offenen Gesellschaft.\n<\/p>\n<p>\u201eQueers brechen ganz viele Normen und beweisen damit auch, dass Normen gebrochen werden k\u00f6nnen.\u201c<\/p>\n<p>Warum Queer Pride neben dem CSD<\/p>\n<p>Neben der Queer Pride findet in Dresden auch der Christopher Street Day (CSD) statt, der jedes Jahr zahlreiche Menschen f\u00fcr queere Sichtbarkeit und Gleichberechtigung auf die Stra\u00dfe bringt. Doch weshalb wurde die Veranstaltung zus\u00e4tzlich ins Leben gerufen?<br \/>\n<img loading=\"lazy\" decoding=\"async\" class=\"size-full wp-image-238956\" src=\"https:\/\/www.europesays.com\/de\/wp-content\/uploads\/2026\/06\/2026-06-16-Foto2.jpg\" alt=\"Die Queer Pride bringt am Sonnabend zahlreiche Menschen auf die Stra\u00dfe \u2013 Foto: Queer Pride\" width=\"2400\" height=\"1350\"  \/>Die Queer Pride bringt am Sonnabend zahlreiche Menschen auf die Stra\u00dfe \u2013 Foto: Queer Pride\n<\/p>\n<p>Jascha verweist dabei auf einen Beitrag der Initiative <a target=\"_blank\" href=\"https:\/\/www.instagram.com\/angry_queers_dd\/\" rel=\"nofollow noopener\">Angry Queers Dresden<\/a>, in dem unter anderem die politische Ausrichtung der Sponsor*innen, die Kommerzialisierung sowie eine mangelnde Repr\u00e4sentation verschiedener queerer Gruppen beim Dresdner CSD kritisch diskutiert werden.\n<\/p>\n<p>Zus\u00e4tzlich wollen die Organisator*innen einen eigenen Raum schaffen: \u201eWir versuchen, aus der Community heraus zu arbeiten, und die gro\u00dfen CSDs haben ja gar nicht mehr die Kapazit\u00e4ten dazu.\u201c\n<\/p>\n<p>Als selbstorganisierte und ausschlie\u00dflich spendenfinanzierte Veranstaltung sei die Demonstration unabh\u00e4ngig von Sponsor*innen und k\u00f6nne direkter auf W\u00fcnsche und R\u00fcckmeldungen aus der Community eingehen.\n<\/p>\n<p>Raum f\u00fcr Austausch und Lernen<\/p>\n<p>Bereits vor der Demonstration am Sonnabend fanden im Rahmen der Queer Action Weeks 2.0 zahlreiche Workshops statt. Ziel war es, praktisches Wissen zu teilen, Menschen zu st\u00e4rken und Raum f\u00fcr Reflexion und Austausch zu schaffen.\n<\/p>\n<p>Das Angebot reichte von Pfefferspray-Workshops \u00fcber Awareness-Training bis hin zur offenen Chorprobe.\n<\/p>\n<p>Im Workshop \u201eAwareness 101\u201c, den die Queer Pride gemeinsam mit dem <a target=\"_blank\" href=\"https:\/\/awareness-kollektiv-dresden.org\" rel=\"nofollow noopener\">Awarenesskollektiv Dresden<\/a> veranstaltete, wurde das Konzept von Awareness anhand praktischer \u00dcbungen und gemeinsamer Gespr\u00e4che vermittelt. Die Teilnehmenden setzten sich damit auseinander, wie Menschen in schwierigen Situationen unterst\u00fctzt, ein achtsames Miteinander gef\u00f6rdert und sichere R\u00e4ume geschaffen werden k\u00f6nnen.\n<\/p>\n<p>Damit vermittelte der Workshop Inhalte, die sowohl f\u00fcr die Teilnahme an der Pride als auch f\u00fcr Situationen im Alltag von Bedeutung sind.\n<\/p>\n<p>Der Ablauf am Sonnabend<\/p>\n<p>Die Demonstration startet am Sonnabend um 14 Uhr am Bahnhof Dresden-Neustadt und endet gegen 17 Uhr am Alaunplatz. Bei der Streckenplanung wurde darauf geachtet, dass die Route m\u00f6glichst barrierearm, rollstuhlgerecht und nicht zu lang ist.\n<\/p>\n<p>Ab 20 Uhr geht es im Objekt klein a mit der offiziellen Afterparty weiter. Besucher*innen erwartet ein abwechslungsreiches Programm mit Drag-Performances, Live-Bands und DJs. Das musikalische Angebot wird in diesem Jahr erstmals um Rap und Punk erweitert. Daneben d\u00fcrfen sich die Party-G\u00e4ste auch auf Pop und weitere Musikrichtungen freuen. Gefeiert wird bis 6 Uhr morgens.<br \/>\n<img loading=\"lazy\" decoding=\"async\" class=\"size-full wp-image-238958\" src=\"https:\/\/www.europesays.com\/de\/wp-content\/uploads\/2026\/06\/2026-06-16-Foto3.jpeg\" alt=\"Die Demo-Route der Queer Pride \u2013 Bild: Queer Pride\" width=\"1080\" height=\"1350\"  \/>Die Demo-Route der Queer Pride \u2013 Bild: Queer Pride\n<\/p>\n<p>Am Sonnabend sind laut Jascha alle willkommen, die sich unter dem Begriff queer oder dem LGBTQ+-Spektrum wiederfinden \u2013 ebenso wie Menschen, die die Community als Allies (Unterst\u00fctzer*innen) begleiten m\u00f6chten.\n<\/p>\n<p>F\u00fcr die Demo empfiehlt das Organisationsteam, Freund*innen mitzubringen \u2013 f\u00fcr mehr Wohlbefinden, ein gr\u00f6\u00dferes Sicherheitsgef\u00fchl und gemeinsamen Spa\u00df. Au\u00dferdem werden die Teilnehmenden dazu eingeladen, ihre eigenen Botschaften und Forderungen sichtbar zu machen und mit auf die Stra\u00dfe zu bringen.\n<\/p>\n<p>\u201eWas man braucht, ist ein ehrliches Interesse an dem, was da passiert.\u201c<br \/>\n<img loading=\"lazy\" decoding=\"async\" src=\"https:\/\/www.europesays.com\/de\/wp-content\/uploads\/2026\/06\/2024-06-23-QueerPride4.jpg\" alt=\"Queerpride 2024 - Die Teilnehmenden schwangen Regenbogenfahnen und trugen teils schrille Kost\u00fcme. Foto: Archiv\/Anton Launer\" width=\"2000\" height=\"1125\" class=\"size-full wp-image-210279\"  \/>Queerpride 2024 \u2013 Die Teilnehmenden schwangen Regenbogenfahnen und trugen teils schrille Kost\u00fcme. Foto: Archiv\/Anton Launer\n<\/p>\n<p>    <script async src=\"\/\/www.instagram.com\/embed.js\"><\/script><\/p>\n","protected":false},"excerpt":{"rendered":"Unter dem Motto \u201ePrEPen for Crisis\u201c setzt die Queer Pride am kommenden Sonnabend in Dresden ein Zeichen gegen&hellip;\n","protected":false},"author":2,"featured_media":1098578,"comment_status":"","ping_status":"","sticky":false,"template":"","format":"standard","meta":{"footnotes":"","_share_on_mastodon":"0"},"categories":[1835],"tags":[3364,29,2386,30,4229,46088,21469,859],"class_list":["post-1098577","post","type-post","status-publish","format-standard","has-post-thumbnail","category-dresden","tag-de","tag-deutschland","tag-dresden","tag-germany","tag-neustadt","tag-pride","tag-queer","tag-sachsen"],"share_on_mastodon":{"url":"https:\/\/pubeurope.com\/@de\/116759897954331035","error":""},"_links":{"self":[{"href":"https:\/\/www.europesays.com\/de\/wp-json\/wp\/v2\/posts\/1098577","targetHints":{"allow":["GET"]}}],"collection":[{"href":"https:\/\/www.europesays.com\/de\/wp-json\/wp\/v2\/posts"}],"about":[{"href":"https:\/\/www.europesays.com\/de\/wp-json\/wp\/v2\/types\/post"}],"author":[{"embeddable":true,"href":"https:\/\/www.europesays.com\/de\/wp-json\/wp\/v2\/users\/2"}],"replies":[{"embeddable":true,"href":"https:\/\/www.europesays.com\/de\/wp-json\/wp\/v2\/comments?post=1098577"}],"version-history":[{"count":0,"href":"https:\/\/www.europesays.com\/de\/wp-json\/wp\/v2\/posts\/1098577\/revisions"}],"wp:featuredmedia":[{"embeddable":true,"href":"https:\/\/www.europesays.com\/de\/wp-json\/wp\/v2\/media\/1098578"}],"wp:attachment":[{"href":"https:\/\/www.europesays.com\/de\/wp-json\/wp\/v2\/media?parent=1098577"}],"wp:term":[{"taxonomy":"category","embeddable":true,"href":"https:\/\/www.europesays.com\/de\/wp-json\/wp\/v2\/categories?post=1098577"},{"taxonomy":"post_tag","embeddable":true,"href":"https:\/\/www.europesays.com\/de\/wp-json\/wp\/v2\/tags?post=1098577"}],"curies":[{"name":"wp","href":"https:\/\/api.w.org\/{rel}","templated":true}]}}