{"id":1098649,"date":"2026-06-16T13:34:18","date_gmt":"2026-06-16T13:34:18","guid":{"rendered":"https:\/\/www.europesays.com\/de\/1098649\/"},"modified":"2026-06-16T13:34:18","modified_gmt":"2026-06-16T13:34:18","slug":"kommen-neue-massenproteste-fuer-irans-fuehrung-wird-es-nach-dem-krieg-schwer","status":"publish","type":"post","link":"https:\/\/www.europesays.com\/de\/1098649\/","title":{"rendered":"Kommen neue Massenproteste?: F\u00fcr Irans F\u00fchrung wird es nach dem Krieg schwer"},"content":{"rendered":"<p>Kommen neue Massenproteste?F\u00fcr Irans F\u00fchrung wird es nach dem Krieg schwer<\/p>\n<p>16.06.2026, 14:19 Uhr <\/p>\n<p>Artikel anh\u00f6ren(05:24 min)<\/p>\n<p><img decoding=\"async\" class=\"Image_img__fQCi0 Image_Img_16_9__4BLfH widget-picture-inline_maximizable__t_E7h\" loading=\"eager\" fetchpriority=\"high\" src=\"https:\/\/www.europesays.com\/de\/wp-content\/uploads\/2026\/06\/Menschen-ueberqueren-eine-Kreuzung-waehrend-an-einer-Hauswand-ein-Banner-mit-den-Portraets-des-verst.webp\" alt=\"Menschen-ueberqueren-eine-Kreuzung-waehrend-an-einer-Hauswand-ein-Banner-mit-den-Portraets-des-verstorbenen-Revolutionsfuehrers-Ruhollah-Chomeini-1902-1989-l-und-des-getoeteten-obersten-Fuehrers-Ali-Chamenei-zu-sehen-ist\"\/>Die Altvorderen mahnen: Portr\u00e4ts des 1989 verstorbenen Revolutionsf\u00fchrers Ruhollah Chomeini und des in diesem Jahr get\u00f6teten obersten F\u00fchrers Ali Chamenei. (Foto: picture alliance\/dpa\/AP)TeilenFolgen auf:<a href=\"https:\/\/www.whatsapp.com\/channel\/0029Va5cdVJD8SDp5YZgYF01\" title=\"Auf WhatsApp folgen\" target=\"_blank\" rel=\"nofollow noopener\"><img decoding=\"async\" src=\"https:\/\/www.n-tv.de\/socialIcons\/whatsapp.svg\" alt=\"whatsapp\" class=\"ArticleShare_icon__FsrC2\"\/><\/a><a href=\"https:\/\/www.google.com\/preferences\/source?q=n-tv.de\" title=\"ntv als bevorzugte Quelle auf Google hinzuf\u00fcgen\" target=\"_blank\" rel=\"nofollow noopener\"><img decoding=\"async\" src=\"https:\/\/www.n-tv.de\/socialIcons\/google.svg\" alt=\"whatsapp\" class=\"ArticleShare_icon__FsrC2\"\/><\/a><\/p>\n<p class=\"Typography_text-m__XI0da Typography_weight-bold__uT6mq storyline_lead_text_leadtext__q_wg8\">Wenn die F\u00fchrung in Teheran am Freitag ein Abkommen mit den USA unterzeichnet, beginnen erst die eigentlichen Probleme. So sehen es jedenfalls einige Experten. Schlie\u00dflich ist die Bev\u00f6lkerung noch immer unzufrieden, die wirtschaftliche Lage verheerend.<\/p>\n<p class=\"Typography_text-default__P3otY Typography_weight-normal__pqUbH storyline_paragraph_p__qSR5N\">Nach dem geplanten Ende der milit\u00e4rischen Konfrontation mit den USA steht die F\u00fchrung des Iran vor einer schweren innenpolitischen Zerrei\u00dfprobe. Die theokratischen Herrscher in der Islamischen Republik m\u00fcssen die gegens\u00e4tzlichen Forderungen von gest\u00e4rkten Hardlinern und einer verarmten, unzufriedenen Bev\u00f6lkerung austarieren. W\u00e4hrend die Hardliner nach dem dreimonatigen Konflikt einen harten Kurs und eine rasche Aufr\u00fcstung fordern, hoffen die B\u00fcrger auf finanzielle Entlastung und einen Wiederaufbau der zerst\u00f6rten Wirtschaft. Am Freitag wollen der Iran und die USA eine Absichtserkl\u00e4rung zur Beendigung des Krieges unterzeichnen.<\/p>\n<p class=\"Typography_text-default__P3otY Typography_weight-normal__pqUbH storyline_paragraph_p__qSR5N\">&#8222;Mit dem Ende des Krieges beginnen die eigentlichen Probleme f\u00fcr das klerikale Establishment des Iran&#8220;, sagte Hamidreza Azizi von der Stiftung Wissenschaft und Politik (SWP) in Berlin. Vier iranische Regierungsvertreter und ein ehemaliger Funktion\u00e4r beschrieben der Nachrichtenagentur Reuters die Lage. Drei dieser Insider erkl\u00e4rten, in der Bev\u00f6lkerung herrsche die Erwartung, dass jegliche finanzielle Entlastung durch ausgesetzte Sanktionen oder die Freigabe eingefrorener Gelder direkt in die Wirtschaft flie\u00dfen m\u00fcsse.<\/p>\n<p class=\"Typography_text-default__P3otY Typography_weight-normal__pqUbH storyline_paragraph_p__qSR5N\">Ein hochrangiger Vertreter bezeichnete das Abkommen zur Beendigung des Krieges als &#8222;zweischneidiges Schwert&#8220;, da die Erwartungen der kriegsm\u00fcden Bev\u00f6lkerung extrem hoch seien. Sollte die F\u00fchrung die Lebensbedingungen nicht rasch verbessern, drohten neue Massenproteste. Im Januar hatte das Regime Unruhen gewaltsam niederschlagen lassen, wobei Tausende Demonstranten get\u00f6tet wurden.<\/p>\n<p>&#8222;Begrenztes Zeitfenster&#8220;<\/p>\n<p class=\"Typography_text-default__P3otY Typography_weight-normal__pqUbH storyline_paragraph_p__qSR5N\">Die wirtschaftliche Lage des Landes ist verheerend. Der Iran leidet unter einer extrem hohen Inflation, einer verfallenden W\u00e4hrung und massiver Arbeitslosigkeit. Zudem hat der Krieg schwere Sch\u00e4den an der Infrastruktur und in der Industrie hinterlassen, deren Wiederaufbau enorme Summen verschlingen wird. &#8222;Aus innenpolitischer Sicht hat der Iran nur ein enges Zeitfenster, um die Lage im Land unter Kontrolle zu bringen&#8220;, erkl\u00e4rte der iranische \u00d6konom und Politikanalyst Saeed Laylaz.<\/p>\n<p class=\"Typography_text-default__P3otY Typography_weight-normal__pqUbH storyline_paragraph_p__qSR5N\">Eine dauerhafte Aufhebung der Sanktionen, das iranischen Unternehmen den Zugang zu den globalen M\u00e4rkten erm\u00f6glichen w\u00fcrde, setzt jedoch ein umfassenderes Abkommen \u00fcber das Atomprogramm des Landes voraus. Dies gilt auf absehbare Zeit als unwahrscheinlich. Die Grundsatzeinigung zwischen den Regierungen in Teheran und Washington, die am Freitag in der Schweiz unterzeichnet werden soll, sieht im Anschluss eine Frist von 60 Tagen vor, um einen endg\u00fcltigen Friedensvertrag abzuschlie\u00dfen. Der genaue Inhalt des Rahmenabkommens ist allerdings noch nicht bekannt.<\/p>\n<p class=\"Typography_text-default__P3otY Typography_weight-normal__pqUbH storyline_paragraph_p__qSR5N\">Die Hardliner in Teheran, die den Kurs der Konfrontation stets unterst\u00fctzt hatten, fordern nun mehr Macht. Sie f\u00fchlen sich durch das \u00dcberstehen des Konflikts und erfolgreiche Druckmittel wie die Blockade der f\u00fcr den internationalen Seehandel wichtigen Stra\u00dfe von Hormus best\u00e4tigt. W\u00e4hrend die m\u00e4chtige Revolutionsgarde bereit zu sein scheint, das Abkommen zur Sicherung des Systems mitzutragen, lehnt die einflussreiche Paydari-Front Verhandlungen mit den USA ab.<\/p>\n<p>Revolutionsgarde will Kontrolle behalten<\/p>\n<p class=\"Typography_text-default__P3otY Typography_weight-normal__pqUbH storyline_paragraph_p__qSR5N\">Dieser Gruppierung geh\u00f6ren prominente Abgeordnete und Medienvertreter an. Sie kritisieren, dass die F\u00fchrung mit dem &#8222;Feind&#8220; verhandelt, obwohl Irans religi\u00f6ses und politisches Oberhaupt Ajatollah Ali Chamenei am ersten Tag des Krieges get\u00f6tet worden war. &#8222;Sie schlie\u00dfen ein Abkommen mit dem Feind, der unseren obersten F\u00fchrer zum M\u00e4rtyrer gemacht hat, obwohl wir den Krieg gewonnen haben&#8220;, sagte Hossein, ein Mitglied der Basidsch-Miliz, die der Revolutionsgarde untersteht.<\/p>\n<p class=\"Typography_text-default__P3otY Typography_weight-normal__pqUbH storyline_paragraph_p__qSR5N\">W\u00e4hrend des Kriegs baute die Revolutionsgarde ihre Macht weiter aus. Sie unterst\u00fctzte die Ernennung von Modschtaba Chamenei, dem Sohn des get\u00f6teten Oberhaupts, zu dessen Nachfolger. Modschtaba Chamenei zeigte sich seitdem jedoch nicht in der \u00d6ffentlichkeit, er soll bei den amerikanisch-israelischen Angriffen verletzt worden sein. Experten zufolge d\u00fcrfte die Revolutionsgarde sowohl gegen ideologische Hardliner als auch gegen regierungskritische Demonstranten hart vorgehen, um die Kontrolle zu behalten.<\/p>\n<p class=\"Typography_text-default__P3otY Typography_weight-normal__pqUbH storyline_paragraph_p__qSR5N\">Alex Vatanka vom Middle East Institute in Washington erkl\u00e4rte, die F\u00fchrung werde voraussichtlich keine politische Opposition dulden, k\u00f6nnte aber im gesellschaftlichen Bereich Zugest\u00e4ndnisse machen. So setzen sich Frauen seit den Massenprotesten der Jahre 2022 und 2023, die durch den Tod der 22-j\u00e4hrigen Mahsa Amini nach der Festnahme durch die Sittenpolizei ausgel\u00f6st wurden, im Alltag weitgehend \u00fcber die strengen Kleidervorschriften hinweg \u2013 ein st\u00e4ndiger Dorn im Auge der Hardliner.<\/p>\n<p class=\"Typography_text-s__wu_cm Typography_weight-normal__pqUbH Typography_color-darkgrey__sZEnP article-detail-footer_source__KslPc\">Quelle: ntv.de, Parisa Hafezi und Angus McDowall, rts<\/p>\n","protected":false},"excerpt":{"rendered":"Kommen neue Massenproteste?F\u00fcr Irans F\u00fchrung wird es nach dem Krieg schwer 16.06.2026, 14:19 Uhr Artikel anh\u00f6ren(05:24 min) Die&hellip;\n","protected":false},"author":2,"featured_media":1098650,"comment_status":"","ping_status":"","sticky":false,"template":"","format":"standard","meta":{"footnotes":"","_share_on_mastodon":"0"},"categories":[3],"tags":[13,345,186871,62913,14,15,16,12,10,8,9,11,64,103,104],"class_list":["post-1098649","post","type-post","status-publish","format-standard","has-post-thumbnail","category-welt","tag-headlines","tag-iran","tag-iran-krieg","tag-mullah-regime","tag-nachrichten","tag-news","tag-politik","tag-schlagzeilen","tag-top-news","tag-top-meldungen","tag-topmeldungen","tag-topnews","tag-usa","tag-welt","tag-world"],"share_on_mastodon":{"url":"https:\/\/pubeurope.com\/@de\/116760050153731094","error":""},"_links":{"self":[{"href":"https:\/\/www.europesays.com\/de\/wp-json\/wp\/v2\/posts\/1098649","targetHints":{"allow":["GET"]}}],"collection":[{"href":"https:\/\/www.europesays.com\/de\/wp-json\/wp\/v2\/posts"}],"about":[{"href":"https:\/\/www.europesays.com\/de\/wp-json\/wp\/v2\/types\/post"}],"author":[{"embeddable":true,"href":"https:\/\/www.europesays.com\/de\/wp-json\/wp\/v2\/users\/2"}],"replies":[{"embeddable":true,"href":"https:\/\/www.europesays.com\/de\/wp-json\/wp\/v2\/comments?post=1098649"}],"version-history":[{"count":0,"href":"https:\/\/www.europesays.com\/de\/wp-json\/wp\/v2\/posts\/1098649\/revisions"}],"wp:featuredmedia":[{"embeddable":true,"href":"https:\/\/www.europesays.com\/de\/wp-json\/wp\/v2\/media\/1098650"}],"wp:attachment":[{"href":"https:\/\/www.europesays.com\/de\/wp-json\/wp\/v2\/media?parent=1098649"}],"wp:term":[{"taxonomy":"category","embeddable":true,"href":"https:\/\/www.europesays.com\/de\/wp-json\/wp\/v2\/categories?post=1098649"},{"taxonomy":"post_tag","embeddable":true,"href":"https:\/\/www.europesays.com\/de\/wp-json\/wp\/v2\/tags?post=1098649"}],"curies":[{"name":"wp","href":"https:\/\/api.w.org\/{rel}","templated":true}]}}