{"id":1098705,"date":"2026-06-16T14:07:20","date_gmt":"2026-06-16T14:07:20","guid":{"rendered":"https:\/\/www.europesays.com\/de\/1098705\/"},"modified":"2026-06-16T14:07:20","modified_gmt":"2026-06-16T14:07:20","slug":"nach-post-vom-anwalt-zdf-kuerzt-anmoderation-vor-beitrag-zu-elon-musk-politik","status":"publish","type":"post","link":"https:\/\/www.europesays.com\/de\/1098705\/","title":{"rendered":"Nach Post vom Anwalt: ZDF k\u00fcrzt Anmoderation vor Beitrag zu Elon Musk | Politik"},"content":{"rendered":"<p><a class=\"skip-content skip-content--link\" href=\"#in-content-skip-link-target-v-0-0\">TTS-Player \u00fcberspringen\u21b5<\/a><a id=\"in-content-skip-link-target-v-0-0\" class=\"skip-content--target-link-hidden skip-content skip-content--target-link\" href=\"#in-content-skip-link-target-v-0-0\">Artikel weiterlesen<\/a><\/p>\n<p data-83f060b9=\"0-1599\">Berlin \u2013 <b>Das ZDF reagiert auf die Anwaltspost von Tech-Milliard\u00e4r Elon Musk\u00a0(54)! Er hatte den deutschen Fernsehsender \u00fcber seinen Anwalt Joachim Steinh\u00f6fel abgemahnt und eine Unterlassungserkl\u00e4rung gefordert. Musk wehrt sich gegen eine Aussage in der Sendung \u201eZDFheute live\u201c, in der ihm am 12. Juni vorgeworfen wurde, einen \u201erassistischen Mob\u201c zur \u201eJagd auf Migranten\u201c aufgerufen zu haben. Das ZDF hat am Dienstag beim betreffenden Beitrag \u201eAusschreitungen in Belfast \u2013 Wie Musk die Proteste befeuerte\u201c die Anmoderation \u201eaus rechtlichen Gr\u00fcnden\u201c gek\u00fcrzt, so die Einblendung in der Sendung, die in der Mediathek abrufbar ist.<\/b><\/p>\n<p><img decoding=\"async\" width=\"992\" height=\"558\" alt=\"Im Beitrag der ZDF-Mediathek zu den Krawallen in Belfast und Elon steht jetzt der Hinweis: \u201eDie Anmoderation wurde aus rechtlichen Gr\u00fcnen gek\u00fcrzt\u201c. Dort wurde zuvor behauptet, Elon Musk habe zu den gewaltt\u00e4tigen Protesten aufgerufen\" loading=\"lazy\" src=\"https:\/\/www.europesays.com\/de\/wp-content\/uploads\/2026\/06\/65ef60c47c994d1eaf787b6df5454b6f,474e1696.jpeg\"   class=\"landscape\"\/><\/p>\n<p class=\"fig__caption__text\">Im Beitrag der ZDF-Mediathek zu den Krawallen in Belfast und Elon steht jetzt der Hinweis: \u201eDie Anmoderation wurde aus rechtlichen Gr\u00fcnden gek\u00fcrzt\u201c. Dort wurde zuvor behauptet, Elon Musk habe zu den gewaltt\u00e4tigen Protesten aufgerufen<\/p>\n<p>Foto: ZDF-Mediathek<\/p>\n<p data-83f060b9=\"0-1599\">In der Anmoderation von \u201eZDFheute live\u201c am 12. Juni 2026 sagte die Moderatorin: \u201eEin rassistischer Mob macht daraufhin Jagd auf Migranten: Dazu aufgerufen hatten ein britischer Rechtsextremist und Tech-Milliard\u00e4r Elon Musk.\u201c Das <a href=\"https:\/\/www.bild.de\/themen\/organisationen\/zdf\/organisation-news-fotos-videos-19409352.bild.html\" class=\"text-link\" rel=\"nofollow noopener\" target=\"_blank\">ZDF<\/a> reagierte zwar auf Kritik \u2013 auch von Journalisten\u00a0\u2013, erkl\u00e4rte jedoch bisher nur: \u201eDie Formulierung ist unpr\u00e4zise und deshalb missverst\u00e4ndlich.\u201c Nun also die Reaktion auf Musks <a href=\"https:\/\/www.bild.de\/politik\/ausland-und-internationales\/post-vom-anwalt-das-will-musk-jetzt-vom-zdf-6a310710a8614079727d784b\" class=\"text-link\" rel=\"nofollow noopener\" target=\"_blank\">Anwaltsschreiben<\/a>: Teile der Moderation wurden gek\u00fcrzt.<\/p>\n<p>Aus der Mediathek gel\u00f6scht: Wegen dieser Szene verklagt Elon Musk das ZDF<a class=\"anchor video-teaser__anchor\" href=\"https:\/\/www.bild.de\/politik\/ausland-und-internationales\/aus-der-mediathek-geloescht-wegen-dieser-szene-verklagt-elon-musk-das-zdf-6a313d41a7834e0047eeb3a8\" rel=\"nofollow noopener\" target=\"_blank\"><img decoding=\"async\" width=\"992\" height=\"558\" alt=\"\" loading=\"lazy\" src=\"https:\/\/www.europesays.com\/de\/wp-content\/uploads\/2026\/06\/ea1b83587786cb7a50813216640aa434,ce6c8652.jpeg\"   class=\"landscape teaser__image\"\/><\/a><\/p>\n<p>Quelle: ZDF Heute Live, X\/ElonMusk, Nasdaq (via AP)16.06.2026<\/p>\n<p>Gewaltt\u00e4tige Proteste in Belfast<\/p>\n<p data-83f060b9=\"0-1599\">Ausl\u00f6ser war ein Beitrag auf der Plattform X nach einem Messerangriff in <a href=\"https:\/\/www.bild.de\/politik\/ausland-und-internationales\/belfast-brennt-ausschreitungen-asylstreit-und-keir-starmer-unter-druck-6a2bc536799698d92c9550bf\" class=\"text-link\" rel=\"nofollow noopener\" target=\"_blank\">Belfast<\/a>. <a href=\"https:\/\/www.bild.de\/ratgeber\/geld\/elon-musk\/elon-musk-alle-infos-78276790.bild.html\" class=\"text-link\" rel=\"nofollow noopener\" target=\"_blank\">Musk<\/a> hatte dort am 9. Juni ein Posting des Rechtsextremisten Tommy Robinson vom selben Tag zu Protesten in Gro\u00dfbritannien geteilt. Robinson schrieb: \u201eIm gesamten Vereinigten K\u00f6nigreich gehen die Menschen heute Abend um 19 Uhr auf die Stra\u00dfe \u2013 nach einem weiteren Angriff von Eindringlingen auf unser Volk.\u201c Und Musk: \u201eNur durch wiederholte und laute Proteste wird sich etwas \u00e4ndern.\u201c<\/p>\n<p>In <b>Belfast<\/b> und Umgebung gab es seit Montag (8. Juni) vergangener Woche an mehreren Abenden <b>gewaltt\u00e4tige, ausl\u00e4nderfeindliche Proteste<\/b>. Zu den Demonstrationen hatten rechtsextreme Aktivisten aufgerufen. Ausl\u00f6ser war ein ver\u00f6ffentlichtes Video, das den Messerangriff eines sudanesischen Migranten zeigte: Er versuchte, sein Opfer zu enthaupten. <\/p>\n","protected":false},"excerpt":{"rendered":"TTS-Player \u00fcberspringen\u21b5Artikel weiterlesen Berlin \u2013 Das ZDF reagiert auf die Anwaltspost von Tech-Milliard\u00e4r Elon Musk\u00a0(54)! Er hatte den&hellip;\n","protected":false},"author":2,"featured_media":1098706,"comment_status":"","ping_status":"","sticky":false,"template":"","format":"standard","meta":{"footnotes":"","_share_on_mastodon":"0"},"categories":[5],"tags":[331,332,1737,3364,29,1736,30,13,2934,14,15,12,138370,12552,64,1448],"class_list":["post-1098705","post","type-post","status-publish","format-standard","has-post-thumbnail","category-nachrichten","tag-aktuelle-nachrichten","tag-aktuelle-news","tag-breaking-news","tag-de","tag-deutschland","tag-fb-instantarticles","tag-germany","tag-headlines","tag-musk-elon","tag-nachrichten","tag-news","tag-schlagzeilen","tag-team-first","tag-twitter","tag-usa","tag-zdf"],"share_on_mastodon":{"url":"https:\/\/pubeurope.com\/@de\/116760179665224780","error":""},"_links":{"self":[{"href":"https:\/\/www.europesays.com\/de\/wp-json\/wp\/v2\/posts\/1098705","targetHints":{"allow":["GET"]}}],"collection":[{"href":"https:\/\/www.europesays.com\/de\/wp-json\/wp\/v2\/posts"}],"about":[{"href":"https:\/\/www.europesays.com\/de\/wp-json\/wp\/v2\/types\/post"}],"author":[{"embeddable":true,"href":"https:\/\/www.europesays.com\/de\/wp-json\/wp\/v2\/users\/2"}],"replies":[{"embeddable":true,"href":"https:\/\/www.europesays.com\/de\/wp-json\/wp\/v2\/comments?post=1098705"}],"version-history":[{"count":0,"href":"https:\/\/www.europesays.com\/de\/wp-json\/wp\/v2\/posts\/1098705\/revisions"}],"wp:featuredmedia":[{"embeddable":true,"href":"https:\/\/www.europesays.com\/de\/wp-json\/wp\/v2\/media\/1098706"}],"wp:attachment":[{"href":"https:\/\/www.europesays.com\/de\/wp-json\/wp\/v2\/media?parent=1098705"}],"wp:term":[{"taxonomy":"category","embeddable":true,"href":"https:\/\/www.europesays.com\/de\/wp-json\/wp\/v2\/categories?post=1098705"},{"taxonomy":"post_tag","embeddable":true,"href":"https:\/\/www.europesays.com\/de\/wp-json\/wp\/v2\/tags?post=1098705"}],"curies":[{"name":"wp","href":"https:\/\/api.w.org\/{rel}","templated":true}]}}