{"id":1098740,"date":"2026-06-16T14:27:33","date_gmt":"2026-06-16T14:27:33","guid":{"rendered":"https:\/\/www.europesays.com\/de\/1098740\/"},"modified":"2026-06-16T14:27:33","modified_gmt":"2026-06-16T14:27:33","slug":"es-reicht-demonstration-mit-1-000-teilnehmenden-in-leipzig-videos-%c2%b7-leipziger-zeitung","status":"publish","type":"post","link":"https:\/\/www.europesays.com\/de\/1098740\/","title":{"rendered":"Es reicht! Demonstration mit 1.000 Teilnehmenden in Leipzig + Videos \u00b7 Leipziger Zeitung"},"content":{"rendered":"<p>Die Gewerkschaft ver.di, Die Linke und das B\u00fcndnis \u201eLeipzig steht zusammen\u201c hatten f\u00fcr den 15. Juni zur Kundgebung auf dem Leipziger Naschmarkt, mit anschlie\u00dfender Demonstration zum Volkshaus, aufgerufen. Um 17.30 Uhr erwies sich der Kundgebungsort schon als zu klein, die Teilnehmenden standen dicht an dicht, was aber der Stimmung keinen Abbruch tat. Diese konnte man mit Fug und Recht als k\u00e4mpferisch bezeichnen.<\/p>\n<p><img loading=\"lazy\" decoding=\"async\" class=\"size-full wp-image-660586\" src=\"https:\/\/www.europesays.com\/de\/wp-content\/uploads\/2026\/06\/Demo-Es-reicht-Transparent-mit-dem-Motto-der-Kundgebung.-Foto-Thomas-Koehler.jpg\" alt=\"\" width=\"3597\" height=\"2398\"  \/>Demo Es reicht! Transparent mit dem Motto der Kundgebung. Foto: Thomas K\u00f6hler<\/p>\n<p>Das dr\u00fcckten auch die sechs Teilnehmenden aus, die uns kurze Statements gaben. Die Statements zeigen, dass die aktuelle K\u00fcrzungspolitik von allen abgelehnt wird. Auch die Reden bei der Auftaktkundgebung brachten das zum Ausdruck. <img decoding=\"async\" src=\"https:\/\/www.europesays.com\/de\/wp-content\/uploads\/2026\/06\/76ecfd0e8eb549f292ef0a454593fd78.gif\" alt=\"\" width=\"https:\/\/www.l-iz.de\/politik\/brennpunkt\/2026\/06\/1\" height=\"https:\/\/www.l-iz.de\/politik\/brennpunkt\/2026\/06\/1\"\/><\/p>\n<\/p>\n<p>Caro von der ver.di Betriebsgruppe der Universit\u00e4t Leipzig setzte sofort, am Anfang ihres Redebeitrages, den Tenor der Kundgebung: \u201eWir sind heute hier, weil es uns reicht. Es sind die krassesten Einsparungen im Sozialstaat seit \u00fcber 20 Jahren, also der Agenda 2010 geplant. Es reicht uns, mit t\u00e4glich neuen Pl\u00e4nen den Sozialstaat abzubauen oder sogar abzuschaffen. Es sollen massive Einschnitte bei der Gesundheitsvorsorge geben, das Pflegebudget wird heftig zusammengek\u00fcrzt und die Kinder-, Jugend- und Behindertenhilfe steht auf dem Spiel. Die Rente wird immer weiter privatisiert und der K\u00fcndigungsschutz steht in Gefahr. Sogar die Lohnfortzahlung will man uns k\u00fcrzen im Krankheitsfall. Der Acht-Stunden-Tag soll abgeschafft werden. Wir sollen noch l\u00e4nger arbeiten und malochen bis zur Rente. Es reicht!<\/p>\n<p><img loading=\"lazy\" decoding=\"async\" class=\"size-full wp-image-660587\" src=\"https:\/\/www.europesays.com\/de\/wp-content\/uploads\/2026\/06\/Demo-Es-reicht-Gedraenge-auf-dem-Naschmarkt.-Foto-Thomas-Koehler.jpg\" alt=\"\" width=\"4000\" height=\"2667\"  \/>Demo Es reicht! Gedr\u00e4nge auf dem Naschmarkt. Foto: Thomas K\u00f6hler<\/p>\n<p>All das macht uns ersch\u00f6pft, verzweifelt und vereinzelt. All das macht es uns schwerer, uns gegen andere politische Projekte zu wehren. Und diesen Frust k\u00f6nnen Rechte sehr gut einsetzen, um Stimmung gegen MigrantInnen, gegen Arbeitslose und andere vulnerable, verletzliche Gruppen zu machen. Aber wir wissen, dass es anders geht. Wir lassen uns nicht kaputt sparen und wir lassen uns nicht spalten. Jegliche Errungenschaften von sozialen Bewegungen der vergangenen Jahrzehnte stehen auf dem Spiel. Wir haben genug davon, dass einige Millionengewinne machen und andere sich das Leben nicht mehr leisten k\u00f6nnen. Sozialabbau betrifft uns alle. Es reicht!\u201c<\/p>\n<p>Was folgte waren Redebeitr\u00e4ge die genau das von Caro in komprimierter Form dargestellte schilderten. Ob in der Er\u00f6ffnungsrede die Situation an der Universit\u00e4t, die von Daniel dargestellten Probleme bei der Landesdirektion oder die von Karin beschriebenen Zust\u00e4nde im Sozialamt, alles beschrieb, dass weitere K\u00fcrzungen eine soziale Katastrophe heraufbeschw\u00f6ren.<\/p>\n<p><img loading=\"lazy\" decoding=\"async\" class=\"size-full wp-image-660588\" src=\"https:\/\/www.europesays.com\/de\/wp-content\/uploads\/2026\/06\/Demo-Es-reicht-Demo-Zug-beim-Einbiegen-in-die-Reichsstrasse.-Foto-Thomas-Koehler.jpg\" alt=\"\" width=\"3475\" height=\"2317\"  \/>Demo Es reicht! Demo-Zug beim Einbiegen in die Reichsstrasse. Foto: Thomas K\u00f6hler<\/p>\n<p>F\u00fcr Die Linke setzten Tammo und Katja den Schwerpunkt auf die R\u00fcstungsausgaben, die sie f\u00fcr die geplanten Einsparungen im Gesundheits-, Bildungs- und Sozialbereich verantwortlich machten. Tammo beendete den Beitrag mit: \u201eIch bin \u00fcberzeugt davon, dass die Schulstreiks, die Demonstrationen gegen Aufr\u00fcstung und Kriegswahnsinn und die Sozialproteste hier zusammengeh\u00f6ren. Denn jeder Euro, der f\u00fcr milit\u00e4risches Ger\u00e4t ausgegeben wird, ist ein Euro, der nicht f\u00fcr uns, sondern gegen uns ausgegeben wird. Wir stehen hier und sagen, nieder mit der Schuldenbremse und kein Mensch und kein Cent der Bundeswehr. 100 Milliarden f\u00fcr Bildung, Gesundheit und Soziales!\u201c<\/p>\n<p><img loading=\"lazy\" decoding=\"async\" class=\"size-full wp-image-660589\" src=\"https:\/\/www.europesays.com\/de\/wp-content\/uploads\/2026\/06\/Demo-Es-reicht-An-der-Moritzbastei.-Foto-Thomas-Koehler.jpg\" alt=\"\" width=\"1620\" height=\"1080\"  \/>Demo Es reicht! An der Moritzbastei. Foto: Thomas K\u00f6hler<\/p>\n<p>Das sollte dann auch einer der Slogans der Demonstration werden.<\/p>\n<\/p>\n<p>Nach diesem letzten Beitrag am Startort zog die Demonstration durch die Innenstadt, \u00fcber den Hauptbahnhofvorplatz, die Goethestra\u00dfe, vorbei an der Moritzbastei zum kleinen Wilhelm-Leuschner-Platz wo eine Zwischenkundgebung stattfand. Anschlie\u00dfend ging es zur Abschlusskundgebung zum Volkshaus in der Karl-Liebknecht-Stra\u00dfe.<\/p>\n<p>Es war alles in allem eine kraftvolle Demonstration, die nach Aussagen der Veranstalter nur der Auftakt zu weiteren Protesten gegen die Sparpolitik war. Bei 1000 Teilnehmern an der Er\u00f6ffnungs-Demonstration l\u00e4sst das einen hei\u00dfen Protest-Sommer erwarten.<\/p>\n","protected":false},"excerpt":{"rendered":"Die Gewerkschaft ver.di, Die Linke und das B\u00fcndnis \u201eLeipzig steht zusammen\u201c hatten f\u00fcr den 15. Juni zur Kundgebung&hellip;\n","protected":false},"author":2,"featured_media":1098741,"comment_status":"","ping_status":"","sticky":false,"template":"","format":"standard","meta":{"footnotes":"","_share_on_mastodon":"0"},"categories":[1832],"tags":[689,1567,3364,507,29,536,30,618,2134,71,859,6620,37327,26217,5329],"class_list":["post-1098740","post","type-post","status-publish","format-standard","has-post-thumbnail","category-leipzig","tag-aufruestung","tag-bildungspolitik","tag-de","tag-demonstration","tag-deutschland","tag-die-linke","tag-germany","tag-gewerkschaft","tag-interview","tag-leipzig","tag-sachsen","tag-sozialpolitik","tag-sparpolitik","tag-ver-di","tag-video"],"share_on_mastodon":{"url":"https:\/\/pubeurope.com\/@de\/116760259405346159","error":""},"_links":{"self":[{"href":"https:\/\/www.europesays.com\/de\/wp-json\/wp\/v2\/posts\/1098740","targetHints":{"allow":["GET"]}}],"collection":[{"href":"https:\/\/www.europesays.com\/de\/wp-json\/wp\/v2\/posts"}],"about":[{"href":"https:\/\/www.europesays.com\/de\/wp-json\/wp\/v2\/types\/post"}],"author":[{"embeddable":true,"href":"https:\/\/www.europesays.com\/de\/wp-json\/wp\/v2\/users\/2"}],"replies":[{"embeddable":true,"href":"https:\/\/www.europesays.com\/de\/wp-json\/wp\/v2\/comments?post=1098740"}],"version-history":[{"count":0,"href":"https:\/\/www.europesays.com\/de\/wp-json\/wp\/v2\/posts\/1098740\/revisions"}],"wp:featuredmedia":[{"embeddable":true,"href":"https:\/\/www.europesays.com\/de\/wp-json\/wp\/v2\/media\/1098741"}],"wp:attachment":[{"href":"https:\/\/www.europesays.com\/de\/wp-json\/wp\/v2\/media?parent=1098740"}],"wp:term":[{"taxonomy":"category","embeddable":true,"href":"https:\/\/www.europesays.com\/de\/wp-json\/wp\/v2\/categories?post=1098740"},{"taxonomy":"post_tag","embeddable":true,"href":"https:\/\/www.europesays.com\/de\/wp-json\/wp\/v2\/tags?post=1098740"}],"curies":[{"name":"wp","href":"https:\/\/api.w.org\/{rel}","templated":true}]}}