{"id":1098777,"date":"2026-06-16T14:47:16","date_gmt":"2026-06-16T14:47:16","guid":{"rendered":"https:\/\/www.europesays.com\/de\/1098777\/"},"modified":"2026-06-16T14:47:16","modified_gmt":"2026-06-16T14:47:16","slug":"architektur-im-kreis-boeblingen-von-tiny-house-bis-molkerei","status":"publish","type":"post","link":"https:\/\/www.europesays.com\/de\/1098777\/","title":{"rendered":"Architektur im Kreis B\u00f6blingen: Von Tiny House bis Molkerei"},"content":{"rendered":"<p> Unter dem Motto \u201eeinfach wohnen!&#8220; \u00f6ffnen am Samstag, 27. Juni, au\u00dfergew\u00f6hnliche Geb\u00e4ude im Landkreis <a href=\"https:\/\/www.stuttgarter-zeitung.de\/thema\/B%C3%B6blingen\" title=\"B\u00f6blingen\" class=\"art_thema\" rel=\"nofollow noopener\" target=\"_blank\">B\u00f6blingen<\/a> ihre T\u00fcren. Die Kammergruppe B\u00f6blingen der Architektenkammer l\u00e4dt B\u00fcrgerinnen und B\u00fcrger ein, beim Tag der <a href=\"https:\/\/www.stuttgarter-zeitung.de\/inhalt.architektur-im-kreis-boeblingen-beispielhaftes-einfamilienhaus.4853dfc9-6bde-4010-9f8d-306d621c2203.html\" target=\"_blank\" rel=\"nofollow noopener\">Architektur <\/a>einen exklusiven Blick hinter die Kulissen von Objekten zu werfen, die normalerweise nicht zug\u00e4nglich sind.<\/p>\n<p>Die kostenlose Bustour startet um 14 Uhr am ZOB B\u00f6blingen und f\u00fchrt zu drei herausragenden Wohnprojekten: den innovativen <a href=\"https:\/\/www.stuttgarter-zeitung.de\/inhalt.mini-apartments-und-tiny-houses-einrichten-so-geht-schoen-wohnen-auf-wenig-platz.d2a5feb7-8bb2-45c6-aec5-fe3ff214017a.html\" target=\"_blank\" rel=\"nofollow noopener\">Tiny-H\u00e4usern<\/a> in <a href=\"https:\/\/www.stuttgarter-zeitung.de\/thema\/Weil_im_Sch%C3%B6nbuch\" title=\"Weil im Sch\u00f6nbuch\" class=\"art_thema\" rel=\"nofollow noopener\" target=\"_blank\">Weil im Sch\u00f6nbuch<\/a> (2019, Q_bus <a href=\"https:\/\/www.stuttgarter-zeitung.de\/thema\/Architektur\" title=\"Architektur\" class=\"art_thema\" rel=\"nofollow noopener\" target=\"_blank\">Architektur<\/a>), der gelungen umgenutzten Alten Molkerei \u201eMilchh\u00e4usle&#8220; in Darmsheim (2018, Architekturb\u00fcro Sch\u00f6llhorn und Partner) sowie dem Mehrgenerationenhaus GeWoLeo in Leonberg (2017, Architekturb\u00fcro Manderscheid).<\/p>\n<p>Die Pl\u00e4tze sind begrenzt <\/p>\n<p>Interessierte erfahren aus erster Hand, wie zeitgem\u00e4\u00dfes Bauen funktioniert und welche durchdachten L\u00f6sungen moderne Architektur f\u00fcr unterschiedliche Wohnbed\u00fcrfnisse bietet. Die R\u00fcckkehr am ZOB ist gegen 19 Uhr geplant.<\/p>\n<p>Wichtig: Die Teilnehmerzahl ist begrenzt. Anmeldung erforderlich per E-Mail an: susanne.kittelberger@gmx.de<\/p>\n","protected":false},"excerpt":{"rendered":"Unter dem Motto \u201eeinfach wohnen!&#8220; \u00f6ffnen am Samstag, 27. Juni, au\u00dfergew\u00f6hnliche Geb\u00e4ude im Landkreis B\u00f6blingen ihre T\u00fcren. Die&hellip;\n","protected":false},"author":2,"featured_media":1098778,"comment_status":"","ping_status":"","sticky":false,"template":"","format":"standard","meta":{"footnotes":"","_share_on_mastodon":"0"},"categories":[1775],"tags":[2250,1793,23660,232905,29,214,30,232906,232903,1794,232907,94128,67598,20625,215,232904],"class_list":["post-1098777","post","type-post","status-publish","format-standard","has-post-thumbnail","category-kunst-und-design","tag-architektur","tag-art-and-design","tag-boeblingen","tag-bustour","tag-deutschland","tag-entertainment","tag-germany","tag-jan-philipp-schlecht","tag-kammergruppe","tag-kunst-und-design","tag-michael-ehmann","tag-molkerei","tag-tag-der-architektur","tag-tiny-house","tag-unterhaltung","tag-weil-im-schoenbuch"],"share_on_mastodon":{"url":"https:\/\/pubeurope.com\/@de\/116760336541530448","error":""},"_links":{"self":[{"href":"https:\/\/www.europesays.com\/de\/wp-json\/wp\/v2\/posts\/1098777","targetHints":{"allow":["GET"]}}],"collection":[{"href":"https:\/\/www.europesays.com\/de\/wp-json\/wp\/v2\/posts"}],"about":[{"href":"https:\/\/www.europesays.com\/de\/wp-json\/wp\/v2\/types\/post"}],"author":[{"embeddable":true,"href":"https:\/\/www.europesays.com\/de\/wp-json\/wp\/v2\/users\/2"}],"replies":[{"embeddable":true,"href":"https:\/\/www.europesays.com\/de\/wp-json\/wp\/v2\/comments?post=1098777"}],"version-history":[{"count":0,"href":"https:\/\/www.europesays.com\/de\/wp-json\/wp\/v2\/posts\/1098777\/revisions"}],"wp:featuredmedia":[{"embeddable":true,"href":"https:\/\/www.europesays.com\/de\/wp-json\/wp\/v2\/media\/1098778"}],"wp:attachment":[{"href":"https:\/\/www.europesays.com\/de\/wp-json\/wp\/v2\/media?parent=1098777"}],"wp:term":[{"taxonomy":"category","embeddable":true,"href":"https:\/\/www.europesays.com\/de\/wp-json\/wp\/v2\/categories?post=1098777"},{"taxonomy":"post_tag","embeddable":true,"href":"https:\/\/www.europesays.com\/de\/wp-json\/wp\/v2\/tags?post=1098777"}],"curies":[{"name":"wp","href":"https:\/\/api.w.org\/{rel}","templated":true}]}}