{"id":1098794,"date":"2026-06-16T14:57:16","date_gmt":"2026-06-16T14:57:16","guid":{"rendered":"https:\/\/www.europesays.com\/de\/1098794\/"},"modified":"2026-06-16T14:57:16","modified_gmt":"2026-06-16T14:57:16","slug":"aussenminister-im-interview-wadephul-strebt-ukraine-gespraeche-mit-putin-in-diesem-sommer-an","status":"publish","type":"post","link":"https:\/\/www.europesays.com\/de\/1098794\/","title":{"rendered":"Au\u00dfenminister im Interview: Wadephul strebt Ukraine-Gespr\u00e4che mit Putin in diesem Sommer an"},"content":{"rendered":"<p>Au\u00dfenminister im InterviewWadephul strebt Ukraine-Gespr\u00e4che mit Putin in diesem Sommer an<\/p>\n<p>16.06.2026, 15:27 Uhr <\/p>\n<p>Artikel anh\u00f6ren(04:12 min)<\/p>\n<p>TeilenFolgen auf:<a href=\"https:\/\/www.whatsapp.com\/channel\/0029Va5cdVJD8SDp5YZgYF01\" title=\"Auf WhatsApp folgen\" target=\"_blank\" rel=\"nofollow noopener\"><img decoding=\"async\" src=\"https:\/\/www.n-tv.de\/socialIcons\/whatsapp.svg\" alt=\"whatsapp\" class=\"ArticleShare_icon__FsrC2\"\/><\/a><a href=\"https:\/\/www.google.com\/preferences\/source?q=n-tv.de\" title=\"ntv als bevorzugte Quelle auf Google hinzuf\u00fcgen\" target=\"_blank\" rel=\"nofollow noopener\"><img decoding=\"async\" src=\"https:\/\/www.n-tv.de\/socialIcons\/google.svg\" alt=\"whatsapp\" class=\"ArticleShare_icon__FsrC2\"\/><\/a><\/p>\n<p class=\"Typography_text-m__XI0da Typography_weight-bold__uT6mq storyline_lead_text_leadtext__q_wg8\">Ist Putin erstmals ernsthaft an Verhandlungen interessiert? Au\u00dfenminister Wadephul h\u00e4lt neue Gespr\u00e4che noch in diesem Sommer f\u00fcr m\u00f6glich. Zugleich erwartet er die Unterzeichnung des Iran-USA-Abkommens. Die entscheidende Streitfrage werde aber noch lange ungel\u00f6st bleiben.<\/p>\n<p class=\"Typography_text-default__P3otY Typography_weight-normal__pqUbH storyline_paragraph_p__qSR5N\">Au\u00dfenminister Johann Wadephul sieht eine Chance f\u00fcr neue Gespr\u00e4che \u00fcber ein Ende des Ukraine-Kriegs und h\u00e4lt es f\u00fcr m\u00f6glich, dass Russlands Pr\u00e4sident Wladimir Putin inzwischen offener f\u00fcr Verhandlungen ist. &#8222;Es gibt jetzt eine Chance, glaube ich, in diesem Sommer mit Gespr\u00e4chen zu beginnen&#8220;, sagte der CDU-Politiker im RTL-&#8222;Nachtjournal Spezial&#8220;. Mit Blick auf Putin f\u00fcgte er hinzu: &#8222;M\u00f6glicherweise ist er jetzt in einer Phase, dass er dar\u00fcber ernsthaft nachdenkt.&#8220;<\/p>\n<p class=\"Typography_text-default__P3otY Typography_weight-normal__pqUbH storyline_paragraph_p__qSR5N\">Der Krieg bringe derzeit keiner Seite entscheidende milit\u00e4rische Vorteile. &#8222;Das Einzige, was geschieht, ist sterben. Jeden Tag&#8220;, sagte Wadephul. Er verwies auf \u00c4u\u00dferungen des belarussischen Machthabers Alexander Lukaschenko, wonach weder Russland noch die Ukraine den Krieg milit\u00e4risch gewinnen k\u00f6nne. Das sei &#8222;eine interessante Wortmeldung von einem sehr engen Verb\u00fcndeten von Putin&#8220;.<\/p>\n<p class=\"Typography_text-default__P3otY Typography_weight-normal__pqUbH storyline_paragraph_p__qSR5N\">Die Ukraine sei &#8222;schon die ganze Zeit verhandlungsbereit&#8220;, sagte Wadephul. Nun sei es &#8222;an Wladimir Putin, zu entscheiden, ob er verhandeln will oder weiter schie\u00dfen will&#8220;. Deutschland, Frankreich und Gro\u00dfbritannien h\u00e4tten gemeinsam mit ihren europ\u00e4ischen Partnern die Initiative ergriffen und ein Signal nach Moskau gesandt. &#8222;Wir sind auch bereit f\u00fcr Gespr\u00e4che.&#8220;<\/p>\n<p class=\"Typography_text-default__P3otY Typography_weight-normal__pqUbH storyline_paragraph_p__qSR5N\">Der Au\u00dfenminister zeigte sich vorsichtig optimistisch, dass es zu einem Kurswechsel im Kreml kommen k\u00f6nnte. Putin m\u00fcsse erkennen, &#8222;dass die Fortsetzung des Krieges wirklich keinen Sinn macht&#8220;. Die Unterst\u00fctzung f\u00fcr die Ukraine werde &#8222;nicht nachlassen&#8220;, zugleich belasteten Sanktionen die russische Wirtschaft. &#8222;In einem n\u00fcchternen Kalk\u00fcl sollte er zu dem Ergebnis kommen, dass jetzt ein guter Zeitpunkt ist, zu verhandeln&#8220;, sagte Wadephul. Es gebe eine &#8222;realistische Chance&#8220;, den Konflikt auf den Weg zu einer L\u00f6sung zu bringen.<\/p>\n<p>Wadephul erwartet Unterzeichnung des Iran-USA-Abkommens<\/p>\n<p class=\"Typography_text-default__P3otY Typography_weight-normal__pqUbH storyline_paragraph_p__qSR5N\">Auch zum angek\u00fcndigten Abkommen zwischen den USA und dem Iran \u00e4u\u00dferte sich Wadephul vorsichtig optimistisch. Er gehe davon aus, dass die Vereinbarung am Freitag unterzeichnet wird. &#8222;Die Unterschrift wird es geben&#8220;, sagte der Au\u00dfenminister. Unklar sei allerdings weiterhin, was genau in dem Abkommen stehe: &#8222;Die Frage ist, was gibt es damit? Was steht da drin? Das wissen wir noch nicht so ganz genau.&#8220;<\/p>\n<p class=\"Typography_text-default__P3otY Typography_weight-normal__pqUbH storyline_paragraph_p__qSR5N\">Trotz der Ann\u00e4herung zwischen Washington und Teheran rechnet Wadephul mit langwierigen Verhandlungen \u00fcber das iranische Atomprogramm. \u00dcber das &#8222;Hauptthema, n\u00e4mlich den Ausschluss einer nuklearen Bewaffnung des Iran&#8220;, werde &#8222;schon noch etwas l\u00e4nger gesprochen werden m\u00fcssen&#8220;, sagte er. Als Fortschritt wertete der CDU-Politiker, dass die USA und der Iran k\u00fcnftig direkt miteinander verhandeln sollen. Die USA und Iran werden &#8222;direkt und nicht wie bisher durch Vermittler Pakistan, insbesondere Katar sprechen&#8220;. Das sei &#8222;erst mal gut, um jetzt endlich diesen Konflikt aufzul\u00f6sen&#8220;.<\/p>\n<p class=\"Typography_text-default__P3otY Typography_weight-normal__pqUbH storyline_paragraph_p__qSR5N\">Dennoch bleibe der Weg zu einer dauerhaften L\u00f6sung lang. &#8222;Ich habe die Hoffnung, dass das gelingen kann&#8220;, sagte Wadephul. Der Iran habe erkannt, dass milit\u00e4rischer und wirtschaftlicher Druck &#8222;zu einer Existenzkrise des Regimes f\u00fchren kann&#8220;. Deshalb habe sich die F\u00fchrung nun f\u00fcr den Verhandlungsweg entschieden.<\/p>\n<p class=\"Typography_text-default__P3otY Typography_weight-normal__pqUbH storyline_paragraph_p__qSR5N\">Das gesamte Interview wird in der RTL-Sendung \u201cNachtjournal Spezial&#8220; am Mittwoch, den 17. Juni 2026 um 00:25 Uhr auf RTL ausgestrahlt, auf YouTube sowie auf der Streamingplattform RTL+.\u00a0<\/p>\n<p class=\"Typography_text-s__wu_cm Typography_weight-normal__pqUbH Typography_color-darkgrey__sZEnP article-detail-footer_source__KslPc\">Quelle: ntv.de, vmi<\/p>\n","protected":false},"excerpt":{"rendered":"Au\u00dfenminister im InterviewWadephul strebt Ukraine-Gespr\u00e4che mit Putin in diesem Sommer an 16.06.2026, 15:27 Uhr Artikel anh\u00f6ren(04:12 min) TeilenFolgen&hellip;\n","protected":false},"author":2,"featured_media":1098795,"comment_status":"","ping_status":"","sticky":false,"template":"","format":"standard","meta":{"footnotes":"","_share_on_mastodon":"0"},"categories":[3],"tags":[31,13,345,186871,13613,1211,14,15,16,12,10,8,9,11,317,64,103,306,104],"class_list":["post-1098794","post","type-post","status-publish","format-standard","has-post-thumbnail","category-welt","tag-cdu","tag-headlines","tag-iran","tag-iran-krieg","tag-iranisches-atomprogramm","tag-johann-wadephul","tag-nachrichten","tag-news","tag-politik","tag-schlagzeilen","tag-top-news","tag-top-meldungen","tag-topmeldungen","tag-topnews","tag-ukraine","tag-usa","tag-welt","tag-wladimir-putin","tag-world"],"share_on_mastodon":{"url":"https:\/\/pubeurope.com\/@de\/116760377623542432","error":""},"_links":{"self":[{"href":"https:\/\/www.europesays.com\/de\/wp-json\/wp\/v2\/posts\/1098794","targetHints":{"allow":["GET"]}}],"collection":[{"href":"https:\/\/www.europesays.com\/de\/wp-json\/wp\/v2\/posts"}],"about":[{"href":"https:\/\/www.europesays.com\/de\/wp-json\/wp\/v2\/types\/post"}],"author":[{"embeddable":true,"href":"https:\/\/www.europesays.com\/de\/wp-json\/wp\/v2\/users\/2"}],"replies":[{"embeddable":true,"href":"https:\/\/www.europesays.com\/de\/wp-json\/wp\/v2\/comments?post=1098794"}],"version-history":[{"count":0,"href":"https:\/\/www.europesays.com\/de\/wp-json\/wp\/v2\/posts\/1098794\/revisions"}],"wp:featuredmedia":[{"embeddable":true,"href":"https:\/\/www.europesays.com\/de\/wp-json\/wp\/v2\/media\/1098795"}],"wp:attachment":[{"href":"https:\/\/www.europesays.com\/de\/wp-json\/wp\/v2\/media?parent=1098794"}],"wp:term":[{"taxonomy":"category","embeddable":true,"href":"https:\/\/www.europesays.com\/de\/wp-json\/wp\/v2\/categories?post=1098794"},{"taxonomy":"post_tag","embeddable":true,"href":"https:\/\/www.europesays.com\/de\/wp-json\/wp\/v2\/tags?post=1098794"}],"curies":[{"name":"wp","href":"https:\/\/api.w.org\/{rel}","templated":true}]}}