{"id":1098961,"date":"2026-06-16T16:35:15","date_gmt":"2026-06-16T16:35:15","guid":{"rendered":"https:\/\/www.europesays.com\/de\/1098961\/"},"modified":"2026-06-16T16:35:15","modified_gmt":"2026-06-16T16:35:15","slug":"moenchengladbach-weber-ist-weiter-vorsitzender-des-betstatterverbandes","status":"publish","type":"post","link":"https:\/\/www.europesays.com\/de\/1098961\/","title":{"rendered":"M\u00f6nchengladbach: Weber ist weiter Vorsitzender des Betstatterverbandes"},"content":{"rendered":"<p class=\"text_ohne_einzug richtext text-em-55 !leading-serif mx-6 desktop:mx-0\">Der M\u00f6nchengladbacher Bestattermeister Axel Weber ist bei der Mitgliederversammlung des Stadtverbands M\u00f6nchengladbach der Bestatter in seinem Amt best\u00e4tigt worden. Der Inhaber eines M\u00f6nchengladbacher Familienbetriebs steht dem Verband nun vier weitere Jahre vor. Die Verbandsmitglieder w\u00e4hlten auch seinen bisherigen Stellvertreter, J\u00fcrgen Wackerzapp, erneut. So bleibt dem Verband, in dem die M\u00f6nchengladbacher Beerdigungsunternehmer organisiert sind, das bisherige F\u00fchrungsteam erhalten.<\/p>\n<p class=\"richtext text-em-55 !leading-serif mx-6 desktop:mx-0\">Der Stadtverband M\u00f6nchengladbach ist einer von 14 Stadt- und Kreisverb\u00e4nden im Bezirk D\u00fcsseldorf.<\/p>\n","protected":false},"excerpt":{"rendered":"Der M\u00f6nchengladbacher Bestattermeister Axel Weber ist bei der Mitgliederversammlung des Stadtverbands M\u00f6nchengladbach der Bestatter in seinem Amt best\u00e4tigt&hellip;\n","protected":false},"author":2,"featured_media":1098962,"comment_status":"","ping_status":"","sticky":false,"template":"","format":"standard","meta":{"footnotes":"","_share_on_mastodon":"0"},"categories":[1849],"tags":[232949,232948,3364,29,548,663,3934,30,13,4455,14,15,1209,9860,12],"class_list":["post-1098961","post","type-post","status-publish","format-standard","has-post-thumbnail","category-moenchengladbach","tag-axel-weber","tag-betstatterverbandes","tag-de","tag-deutschland","tag-eu","tag-europa","tag-europe","tag-germany","tag-headlines","tag-moenchengladbach","tag-nachrichten","tag-news","tag-nordrhein-westfalen","tag-organisation","tag-schlagzeilen"],"share_on_mastodon":{"url":"https:\/\/pubeurope.com\/@de\/116760761259518676","error":""},"_links":{"self":[{"href":"https:\/\/www.europesays.com\/de\/wp-json\/wp\/v2\/posts\/1098961","targetHints":{"allow":["GET"]}}],"collection":[{"href":"https:\/\/www.europesays.com\/de\/wp-json\/wp\/v2\/posts"}],"about":[{"href":"https:\/\/www.europesays.com\/de\/wp-json\/wp\/v2\/types\/post"}],"author":[{"embeddable":true,"href":"https:\/\/www.europesays.com\/de\/wp-json\/wp\/v2\/users\/2"}],"replies":[{"embeddable":true,"href":"https:\/\/www.europesays.com\/de\/wp-json\/wp\/v2\/comments?post=1098961"}],"version-history":[{"count":0,"href":"https:\/\/www.europesays.com\/de\/wp-json\/wp\/v2\/posts\/1098961\/revisions"}],"wp:featuredmedia":[{"embeddable":true,"href":"https:\/\/www.europesays.com\/de\/wp-json\/wp\/v2\/media\/1098962"}],"wp:attachment":[{"href":"https:\/\/www.europesays.com\/de\/wp-json\/wp\/v2\/media?parent=1098961"}],"wp:term":[{"taxonomy":"category","embeddable":true,"href":"https:\/\/www.europesays.com\/de\/wp-json\/wp\/v2\/categories?post=1098961"},{"taxonomy":"post_tag","embeddable":true,"href":"https:\/\/www.europesays.com\/de\/wp-json\/wp\/v2\/tags?post=1098961"}],"curies":[{"name":"wp","href":"https:\/\/api.w.org\/{rel}","templated":true}]}}