{"id":1099044,"date":"2026-06-16T17:22:16","date_gmt":"2026-06-16T17:22:16","guid":{"rendered":"https:\/\/www.europesays.com\/de\/1099044\/"},"modified":"2026-06-16T17:22:16","modified_gmt":"2026-06-16T17:22:16","slug":"handball-champions-league-sieger-dani-fernandez-dankt-ex-club-tvb-stuttgart-tvb-stuttgart-news-aus-der-handball-bundesliga","status":"publish","type":"post","link":"https:\/\/www.europesays.com\/de\/1099044\/","title":{"rendered":"Handball-Champions-League-Sieger Dani Fern\u00e1ndez dankt Ex-Club TVB Stuttgart &#8211; TVB Stuttgart: News aus der Handball-Bundesliga"},"content":{"rendered":"<p><strong>K\u00f6ln\/Barcelona.<\/strong> Daniel Fern\u00e1ndez hat sich einen gro\u00dfen Herzenswunsch erf\u00fcllt: Im Finale des Final Four am Sonntag vor \u00fcber 20.000 Zuschauern in K\u00f6ln bezwang der FC Barcelona die F\u00fcchse Berlin mit 37:34 \u2013 und der Ex-Spieler des Handball-Erstligisten TVB Stuttgart darf sich nun Champions-League-Sieger nennen. Nach dem Triumph schickte der 25-j\u00e4hrige Linksau\u00dfen Gr\u00fc\u00dfe nach Bittenfeld und bedankte sich f\u00fcr die drei Jahre beim TVB.<\/p>\n<p>\u201eDas ist ein Traum\u201c, sagt Daniel \u201eDani\u201c<\/p>\n","protected":false},"excerpt":{"rendered":"K\u00f6ln\/Barcelona. Daniel Fern\u00e1ndez hat sich einen gro\u00dfen Herzenswunsch erf\u00fcllt: Im Finale des Final Four am Sonntag vor \u00fcber&hellip;\n","protected":false},"author":2,"featured_media":1099045,"comment_status":"","ping_status":"","sticky":false,"template":"","format":"standard","meta":{"footnotes":"","_share_on_mastodon":"0"},"categories":[1830],"tags":[4808,1634,3364,29,30,1391,120540,74607,1441,7401,190824],"class_list":["post-1099044","post","type-post","status-publish","format-standard","has-post-thumbnail","category-stuttgart","tag-1-bundesliga","tag-baden-wuerttemberg","tag-de","tag-deutschland","tag-germany","tag-handball","tag-rems-murr-handball","tag-rems-murr-sport","tag-stuttgart","tag-tvb-stuttgart","tag-un_kein-userneed"],"share_on_mastodon":{"url":"https:\/\/pubeurope.com\/@de\/116760945999502071","error":""},"_links":{"self":[{"href":"https:\/\/www.europesays.com\/de\/wp-json\/wp\/v2\/posts\/1099044","targetHints":{"allow":["GET"]}}],"collection":[{"href":"https:\/\/www.europesays.com\/de\/wp-json\/wp\/v2\/posts"}],"about":[{"href":"https:\/\/www.europesays.com\/de\/wp-json\/wp\/v2\/types\/post"}],"author":[{"embeddable":true,"href":"https:\/\/www.europesays.com\/de\/wp-json\/wp\/v2\/users\/2"}],"replies":[{"embeddable":true,"href":"https:\/\/www.europesays.com\/de\/wp-json\/wp\/v2\/comments?post=1099044"}],"version-history":[{"count":0,"href":"https:\/\/www.europesays.com\/de\/wp-json\/wp\/v2\/posts\/1099044\/revisions"}],"wp:featuredmedia":[{"embeddable":true,"href":"https:\/\/www.europesays.com\/de\/wp-json\/wp\/v2\/media\/1099045"}],"wp:attachment":[{"href":"https:\/\/www.europesays.com\/de\/wp-json\/wp\/v2\/media?parent=1099044"}],"wp:term":[{"taxonomy":"category","embeddable":true,"href":"https:\/\/www.europesays.com\/de\/wp-json\/wp\/v2\/categories?post=1099044"},{"taxonomy":"post_tag","embeddable":true,"href":"https:\/\/www.europesays.com\/de\/wp-json\/wp\/v2\/tags?post=1099044"}],"curies":[{"name":"wp","href":"https:\/\/api.w.org\/{rel}","templated":true}]}}