{"id":1099146,"date":"2026-06-16T18:20:14","date_gmt":"2026-06-16T18:20:14","guid":{"rendered":"https:\/\/www.europesays.com\/de\/1099146\/"},"modified":"2026-06-16T18:20:14","modified_gmt":"2026-06-16T18:20:14","slug":"transfer-coup-fuer-dresden-dynamo-holt-serbischen-europa-league-stuermer","status":"publish","type":"post","link":"https:\/\/www.europesays.com\/de\/1099146\/","title":{"rendered":"Transfer-Coup f\u00fcr Dresden: Dynamo holt serbischen Europa-League-St\u00fcrmer"},"content":{"rendered":"<p>Verl\u00e4ngerung in Belgrad als Voraussetzung f\u00fcr den Wechsel<\/p>\n<p>Wie das serbische Portal Mozzart Sport berichtet, wird der 23-J\u00e4hrige zun\u00e4chst seinen eigentlich 2027 auslaufenden Vertrag bei <a href=\"https:\/\/www.fussballdaten.de\/vereine\/roter-stern-belgrad\/\" target=\"_blank\" rel=\"nofollow noopener\">Roter Stern<\/a> verl\u00e4ngern, bevor er f\u00fcr eine Leihgeb\u00fchr von 300.000 Euro nach <a href=\"https:\/\/www.fussballdaten.de\/vereine\/dynamo-dresden\/\" target=\"_blank\" rel=\"nofollow noopener\">Dresden<\/a> wechselt. Dynamo sichert sich dabei eine Kaufoption \u00fcber 2,5 Millionen Euro.<\/p>\n<p class=\"mb20 mt30\"><a href=\"https:\/\/www.fussballdaten.de\/person\/vladimir-lucic\/\" target=\"_blank\" rel=\"nofollow noopener\">Lucic<\/a> stammt aus der Jugend des serbischen Rekordmeisters und ist mittlerweile Nationalspieler. In der abgelaufenen Saison kam der Linksau\u00dfen 32-mal f\u00fcr die Belgrader zum Einsatz, darunter dreimal in der Europa League. Wettbewerbs\u00fcbergreifend erzielte er zwei Tore und steuerte vier weitere Vorlagen bei. Vor seinem Durchbruch bei Roter Stern hatte Lucic mehrere Leihstationen in der serbischen Liga durchlaufen.<\/p>\n<p>Europa-League-Erfahrung f\u00fcr die 2. Bundesliga<\/p>\n<p class=\"mb20 mt30\">F\u00fcr Dresden ist die Verpflichtung ein Transfer mit internationalem Flair. Lucic bringt Erfahrung auf europ\u00e4ischer B\u00fchne mit, die in der 2. Bundesliga selten zu finden ist. Sollte sich der Fl\u00fcgelst\u00fcrmer in Sachsen etablieren, h\u00e4tte Dynamo mit der Kaufoption \u00fcber 2,5 Millionen Euro die M\u00f6glichkeit, ihn dauerhaft zu binden.<\/p>\n","protected":false},"excerpt":{"rendered":"Verl\u00e4ngerung in Belgrad als Voraussetzung f\u00fcr den Wechsel Wie das serbische Portal Mozzart Sport berichtet, wird der 23-J\u00e4hrige&hellip;\n","protected":false},"author":2,"featured_media":1099147,"comment_status":"","ping_status":"","sticky":false,"template":"","format":"standard","meta":{"footnotes":"","_share_on_mastodon":"0"},"categories":[3933],"tags":[331,332,299,2386,5406,548,663,232973,158,3934,3935,7847,36070,347,13,40643,14,15,12,232972,104770],"class_list":["post-1099146","post","type-post","status-publish","format-standard","has-post-thumbnail","category-eu","tag-aktuelle-nachrichten","tag-aktuelle-news","tag-bundesliga","tag-dresden","tag-dynamo","tag-eu","tag-europa","tag-europa-league-stuermer","tag-europaeische-union","tag-europe","tag-european-union","tag-football","tag-fuer","tag-fussball","tag-headlines","tag-holt","tag-nachrichten","tag-news","tag-schlagzeilen","tag-serbischen","tag-transfer-coup"],"share_on_mastodon":{"url":"https:\/\/pubeurope.com\/@de\/116761174196448781","error":""},"_links":{"self":[{"href":"https:\/\/www.europesays.com\/de\/wp-json\/wp\/v2\/posts\/1099146","targetHints":{"allow":["GET"]}}],"collection":[{"href":"https:\/\/www.europesays.com\/de\/wp-json\/wp\/v2\/posts"}],"about":[{"href":"https:\/\/www.europesays.com\/de\/wp-json\/wp\/v2\/types\/post"}],"author":[{"embeddable":true,"href":"https:\/\/www.europesays.com\/de\/wp-json\/wp\/v2\/users\/2"}],"replies":[{"embeddable":true,"href":"https:\/\/www.europesays.com\/de\/wp-json\/wp\/v2\/comments?post=1099146"}],"version-history":[{"count":0,"href":"https:\/\/www.europesays.com\/de\/wp-json\/wp\/v2\/posts\/1099146\/revisions"}],"wp:featuredmedia":[{"embeddable":true,"href":"https:\/\/www.europesays.com\/de\/wp-json\/wp\/v2\/media\/1099147"}],"wp:attachment":[{"href":"https:\/\/www.europesays.com\/de\/wp-json\/wp\/v2\/media?parent=1099146"}],"wp:term":[{"taxonomy":"category","embeddable":true,"href":"https:\/\/www.europesays.com\/de\/wp-json\/wp\/v2\/categories?post=1099146"},{"taxonomy":"post_tag","embeddable":true,"href":"https:\/\/www.europesays.com\/de\/wp-json\/wp\/v2\/tags?post=1099146"}],"curies":[{"name":"wp","href":"https:\/\/api.w.org\/{rel}","templated":true}]}}