{"id":1099209,"date":"2026-06-16T18:56:15","date_gmt":"2026-06-16T18:56:15","guid":{"rendered":"https:\/\/www.europesays.com\/de\/1099209\/"},"modified":"2026-06-16T18:56:15","modified_gmt":"2026-06-16T18:56:15","slug":"serena-williams-scheitert-frueh-in-berlin","status":"publish","type":"post","link":"https:\/\/www.europesays.com\/de\/1099209\/","title":{"rendered":"Serena Williams scheitert fr\u00fch in Berlin"},"content":{"rendered":"\n<p>Serena Williams lie\u00df sich das kurze Bad in der Menge trotz der glatten Niederlage nicht nehmen: Vor den Augen ihrer beiden Kinder musste die Tennis-Legende die erste Niederlage seit ihrem Comeback hinnehmen &#8211; und verabschiedete sich trotzdem geb\u00fchrend von den Berliner Fans.<\/p>\n<p>Vor ihrer Wimbledon-R\u00fcckkehr an der Seite ihrer Schwester Venus Williams unterlag sie bei den Berlin Tennis Open gemeinsam mit ihrer Doppelpartnerin Karolina Muchova (Tschechien) dem Duo Giuliana Olmos (Mexiko) und Erin Routliffe (Neuseeland) mit 4:6, 4:6.<\/p>\n<p>Im Steffi-Graf-Stadion zeigte Williams neben kr\u00e4ftigen und wirkungsvollen Grundschl\u00e4gen auch immer wieder Schw\u00e4chen. Vor allem der erste Aufschlag kam h\u00e4ufig nicht, zudem wirkten ihre Beine zu Beginn noch etwas schwer. Auch war zu erkennen, dass Williams und Muchova \u2013 insbesondere im Vergleich zu den eingespielten Doppel-Spezialistinnen Olmos und Routliffe \u2013 noch nicht optimal aufeinander abgestimmt waren. Der erste Satz ging folgerichtig verloren.<\/p>\n<p>Der Kampfgeist der 43-J\u00e4hrigen war jedoch wie in vergangenen Tagen gro\u00df. Nach einem missgl\u00fcckten Schlag sprang die US-Amerikanerin ver\u00e4rgert auf der Stelle auf und ab, immer wieder pushte sie sich und ihre Partnerin mit einem energischen &#8222;Let&#8217;s go&#8220;. F\u00fcr zus\u00e4tzliche Unterst\u00fctzung sorgten ihre achtj\u00e4hrige Tochter Olympia und die zweij\u00e4hrige Adira River, die ihre Mutter immer wieder anfeuerten.<\/p>\n<p>Doch auch das half nicht. Williams und Muchova kassierten auch im zweiten Satz ein fr\u00fches Break und konnten den R\u00fcckstand nicht mehr aufholen. Im Einzel tritt Williams in Berlin nicht an und kann sich somit nun voll und ganz auf ihre R\u00fcckkehr auf den &#8222;heiligen Rasen&#8220; von Wimbledon vorbereiten.<\/p>\n<p>Wenige Stunden vor dem Match in Berlin hatte der Wimbledon-Veranstalter bekanntgegeben, dass Serena und Venus Williams eine Wildcard f\u00fcr den Doppel-Wettbewerb des Grand Slams (ab 29. Juni) erhalten. Zuletzt war Serena Williams 2022 an der Church Road angetreten. Wenige Monate sp\u00e4ter beendete die 23-malige Grand-Slam-Siegerin nach den US Open ihre Karriere.<\/p>\n","protected":false},"excerpt":{"rendered":"Serena Williams lie\u00df sich das kurze Bad in der Menge trotz der glatten Niederlage nicht nehmen: Vor den&hellip;\n","protected":false},"author":2,"featured_media":1099210,"comment_status":"","ping_status":"","sticky":false,"template":"","format":"standard","meta":{"footnotes":"","_share_on_mastodon":"0"},"categories":[1825],"tags":[1941,1939,296,1937,29,30,1940,1938,171842,4206,19031,232987],"class_list":["post-1099209","post","type-post","status-publish","format-standard","has-post-thumbnail","category-berlin","tag-aktuelle-nachrichten-aus-berlin","tag-aktuelle-news-aus-berlin","tag-berlin","tag-berlin-news","tag-deutschland","tag-germany","tag-nachrichten-aus-berlin","tag-news-aus-berlin","tag-serena-williams","tag-tennis","tag-wta","tag-wta-500-berlin-doppel-frauen"],"share_on_mastodon":{"url":"https:\/\/pubeurope.com\/@de\/116761315756162423","error":""},"_links":{"self":[{"href":"https:\/\/www.europesays.com\/de\/wp-json\/wp\/v2\/posts\/1099209","targetHints":{"allow":["GET"]}}],"collection":[{"href":"https:\/\/www.europesays.com\/de\/wp-json\/wp\/v2\/posts"}],"about":[{"href":"https:\/\/www.europesays.com\/de\/wp-json\/wp\/v2\/types\/post"}],"author":[{"embeddable":true,"href":"https:\/\/www.europesays.com\/de\/wp-json\/wp\/v2\/users\/2"}],"replies":[{"embeddable":true,"href":"https:\/\/www.europesays.com\/de\/wp-json\/wp\/v2\/comments?post=1099209"}],"version-history":[{"count":0,"href":"https:\/\/www.europesays.com\/de\/wp-json\/wp\/v2\/posts\/1099209\/revisions"}],"wp:featuredmedia":[{"embeddable":true,"href":"https:\/\/www.europesays.com\/de\/wp-json\/wp\/v2\/media\/1099210"}],"wp:attachment":[{"href":"https:\/\/www.europesays.com\/de\/wp-json\/wp\/v2\/media?parent=1099209"}],"wp:term":[{"taxonomy":"category","embeddable":true,"href":"https:\/\/www.europesays.com\/de\/wp-json\/wp\/v2\/categories?post=1099209"},{"taxonomy":"post_tag","embeddable":true,"href":"https:\/\/www.europesays.com\/de\/wp-json\/wp\/v2\/tags?post=1099209"}],"curies":[{"name":"wp","href":"https:\/\/api.w.org\/{rel}","templated":true}]}}