{"id":1099253,"date":"2026-06-16T19:20:16","date_gmt":"2026-06-16T19:20:16","guid":{"rendered":"https:\/\/www.europesays.com\/de\/1099253\/"},"modified":"2026-06-16T19:20:16","modified_gmt":"2026-06-16T19:20:16","slug":"kaarst-hat-einen-neuen-schuetzenkoenig","status":"publish","type":"post","link":"https:\/\/www.europesays.com\/de\/1099253\/","title":{"rendered":"Kaarst hat einen neuen Sch\u00fctzenk\u00f6nig:"},"content":{"rendered":"<p class=\"text_ohne_einzug richtext text-em-55 !leading-serif mx-6 desktop:mx-0\">  Die 1300 Kaarster Sch\u00fctzen haben einen neuen Regenten: J\u00fcrgen Esser, Hauptmann des Husarenzuges \u201eDie K\u00f6nigstreuen\u201c, holte mit dem 114. Schuss den Vogel herunter und wurde damit zur neuen Majest\u00e4t. Sein Mitbewerber Sascha Loquingen hatte das Nachsehen.<\/p>\n<p class=\"richtext text-em-55 !leading-serif mx-6 desktop:mx-0\">Unterst\u00fctzt wird Esser in den kommenden 365 ereignisreichen Tagen von seinen beiden Ministern Thorsten Dahmen und Ren\u00e9 Grow. Der 60-j\u00e4hrige K\u00f6nig ist bereits seit 1980 Mitglied der Bruderschaft und hat derzeit das Amt des Sch\u00fctzenattach\u00e9s inne. Er f\u00fchle sich als \u201eBotschafter des Weltkulturerbes Sch\u00fctzenwesen\u201c. F\u00fcr ihn sei es wichtig, \u00fcber den Tellerrand hinauszuschauen. Daher plant er, mit der Landjugend eine Art \u201eMundartstammtisch\u201c ins Leben zu rufen. Und er will f\u00fcr das Sch\u00fctzenwesen werben. Denn der gro\u00dfe Vorteil sei: \u201eAls Sch\u00fctze bist du nie allein.\u201c<\/p>\n<p class=\"richtext text-em-55 !leading-serif mx-6 desktop:mx-0\">Nie allein, sondern immer mit ganz vielen zu sein, kann aber auch Nachteile haben: So bewarben sich gleich 14 Jungsch\u00fctzen um das Amt des Jungsch\u00fctzenk\u00f6nigs. Da war nicht nur gutes Zielen, sondern auch eine Portion Gl\u00fcck gefragt. Mit dem 91. Schuss konnte schlie\u00dflich der 23-j\u00e4hrige Finn Thei\u00dfen aus dem Zug \u201eEchte Fr\u00fcnde\u201c das Rennen f\u00fcr sich entscheiden.<\/p>\n<p class=\"richtext text-em-55 !leading-serif mx-6 desktop:mx-0\">Zu seinen Ministern ernannte er Elias H\u00fcsen und seinen Bruder Steen Thei\u00dfen. Damit konnte er sich endlich bei seinem Bruder revanchieren. Denn 2014 war der zwei Jahre j\u00fcngere Steen Edelknabenk\u00f6nig gewesen und hatte Finn zu seinem Minister ernannt. Nun l\u00e4uft es umgekehrt.<\/p>\n<p class=\"richtext text-em-55 !leading-serif mx-6 desktop:mx-0\">F\u00fcr die Sch\u00fcler unter den Kaarster Sch\u00fctzen gibt es ebenfalls einen neuen Regenten: Friedrich Hein ist neuer Sch\u00fclerprinz. Mit dem 73. Schuss stand er als Sieger fest. Ihm zur Seite stehen die beiden Minister Benedikt Rudolf und Emilio Maldera.<\/p>\n<p class=\"richtext text-em-55 !leading-serif mx-6 desktop:mx-0\">Nicht zuletzt gibt es auch einen neuen Edelknabenk\u00f6nig in <a href=\"https:\/\/rp-online.de\/thema\/kaarst\/\" rel=\"nofollow noopener\" target=\"_blank\">Kaarst<\/a>. Hier haben zwei Br\u00fcder die Rolle getauscht: Der neue K\u00f6nig hei\u00dft Lean Bienert und war bis dato der Minister seines Bruders und Vorg\u00e4ngers im Amt Levian Bienert. Mit ihm hat er nun die Ministerkette gegen das K\u00f6nigssilber getauscht. Zu seinem zweiten Minister ernannte er Niklas Noel Franz.<\/p>\n","protected":false},"excerpt":{"rendered":"Die 1300 Kaarster Sch\u00fctzen haben einen neuen Regenten: J\u00fcrgen Esser, Hauptmann des Husarenzuges \u201eDie K\u00f6nigstreuen\u201c, holte mit dem&hellip;\n","protected":false},"author":2,"featured_media":1099254,"comment_status":"","ping_status":"","sticky":false,"template":"","format":"standard","meta":{"footnotes":"","_share_on_mastodon":"0"},"categories":[1849],"tags":[232989,3364,29,232991,79806,548,663,3934,30,13,50615,38117,111610,15435,16930,32607,18127,46082,232990,1953,232992,4455,14,15,1209,232988,12,23062,232993,30853,14975,184103],"class_list":["post-1099253","post","type-post","status-publish","format-standard","has-post-thumbnail","category-moenchengladbach","tag-bienert","tag-de","tag-deutschland","tag-edelknabenkoenig","tag-esser","tag-eu","tag-europa","tag-europe","tag-germany","tag-headlines","tag-jungkoenig","tag-jungschuetzen","tag-jungschuetzenkoenigs","tag-juergen","tag-kaarst","tag-kaarster","tag-koenig","tag-koenigssilber","tag-koenigstreuen","tag-minister","tag-ministerkette","tag-moenchengladbach","tag-nachrichten","tag-news","tag-nordrhein-westfalen","tag-regenten","tag-schlagzeilen","tag-schuetze","tag-schuetzenattaches","tag-schuetzenkoenig","tag-schuetzenwesen","tag-theissen"],"share_on_mastodon":{"url":"https:\/\/pubeurope.com\/@de\/116761410256156869","error":""},"_links":{"self":[{"href":"https:\/\/www.europesays.com\/de\/wp-json\/wp\/v2\/posts\/1099253","targetHints":{"allow":["GET"]}}],"collection":[{"href":"https:\/\/www.europesays.com\/de\/wp-json\/wp\/v2\/posts"}],"about":[{"href":"https:\/\/www.europesays.com\/de\/wp-json\/wp\/v2\/types\/post"}],"author":[{"embeddable":true,"href":"https:\/\/www.europesays.com\/de\/wp-json\/wp\/v2\/users\/2"}],"replies":[{"embeddable":true,"href":"https:\/\/www.europesays.com\/de\/wp-json\/wp\/v2\/comments?post=1099253"}],"version-history":[{"count":0,"href":"https:\/\/www.europesays.com\/de\/wp-json\/wp\/v2\/posts\/1099253\/revisions"}],"wp:featuredmedia":[{"embeddable":true,"href":"https:\/\/www.europesays.com\/de\/wp-json\/wp\/v2\/media\/1099254"}],"wp:attachment":[{"href":"https:\/\/www.europesays.com\/de\/wp-json\/wp\/v2\/media?parent=1099253"}],"wp:term":[{"taxonomy":"category","embeddable":true,"href":"https:\/\/www.europesays.com\/de\/wp-json\/wp\/v2\/categories?post=1099253"},{"taxonomy":"post_tag","embeddable":true,"href":"https:\/\/www.europesays.com\/de\/wp-json\/wp\/v2\/tags?post=1099253"}],"curies":[{"name":"wp","href":"https:\/\/api.w.org\/{rel}","templated":true}]}}