{"id":1099314,"date":"2026-06-16T19:55:23","date_gmt":"2026-06-16T19:55:23","guid":{"rendered":"https:\/\/www.europesays.com\/de\/1099314\/"},"modified":"2026-06-16T19:55:23","modified_gmt":"2026-06-16T19:55:23","slug":"hannover-speziallack-am-amtsgericht-soll-wildpinkler-abwehren","status":"publish","type":"post","link":"https:\/\/www.europesays.com\/de\/1099314\/","title":{"rendered":"Hannover: Speziallack am Amtsgericht soll Wildpinkler abwehren"},"content":{"rendered":"<p>\n                Stand: 16.06.2026 20:20 Uhr<\/p>\n<p class=\"preface\">Seit Dienstag steht in Hannover Niedersachsens erste &#8222;wehrhafte Wand&#8220;. Ein Speziallack l\u00e4sst Urin dort so abprallen, dass Pinkler sich selbst treffen. Nicht alle sind von der Aktion begeistert.<\/p>\n<p class=\"textauthor\">von Gino Egbers<\/p>\n<p class=\"\">Wer zuletzt einen Termin am Amtsgericht in Hannover hatte, dem wird aufgefallen sein: Rund um das Geb\u00e4ude riecht es nach Urin. Seit Jahren beschweren sich Mitarbeitende \u00fcber Ger\u00fcche und Beschmutzungen dort. Insbesondere die Wand, die an den Kontakt- und Konsumraum Stellwerk grenzt, wird oft angepinkelt. Jetzt wurde dort ein Speziallack aufgetragen. Durch den soll der Urinstrahl von der Geb\u00e4udewand st\u00e4rker abprallen und den Pinkler selbst treffen. Sie w\u00e4re damit den Angaben des Amtsgerichts zufolge die erste &#8222;wehrhafte Wand&#8220; ihrer Art in Niedersachsen.<\/p>\n<p>    Nicht alle von Ma\u00dfnahme \u00fcberzeugt<\/p>\n<p class=\"\">Das Urin-Problem ist in der Gegend bekannt. &#8222;Die benachbarte Staatsanwaltschaft wurde deshalb schon eingez\u00e4unt&#8220;, sagt eine Mitarbeiterin der Beh\u00f6rde. Sie findet die Idee mit dem Speziallack sinnvoll. Ein anderer Passant h\u00e4lt dagegen. Die Menschen br\u00e4uchten andere umfassendere Hilfe. Mit dem Lack bek\u00e4mpfe man nur Symptome.<\/p>\n<p>    Forderung nach \u00f6ffentlichen Toiletten<\/p>\n<p class=\"\">Das diakonische Werk Hannover fordert \u00f6ffentliche Toiletten auf dem Areal. Das w\u00e4re eine einfache L\u00f6sung mit W\u00fcrde, sagt der Gesch\u00e4ftsf\u00fchrer Friedhelm Friedkamp. Die Gerichtspr\u00e4sidentin Christiane H\u00f6rschel stimmt ihm zu. Auch ihr sei bewusst, dass die Menschen vom Stellwerk M\u00f6glichkeiten brauchen, ihre Notdurft zu verrichten. Sie fordert von der Stadt \u00f6ffentliche Toiletten in dem Bereich. Die Stadt erkl\u00e4rt auf Anfrage, sie pr\u00fcfe derzeit, ob k\u00fcnftig entsprechende Anlagen in dem Bereich aufgestellt werden k\u00f6nnen.<\/p>\n<p>        <img decoding=\"async\" src=\"https:\/\/www.europesays.com\/de\/wp-content\/uploads\/2026\/04\/hannover17928.webp.webp\" alt=\"Der Eingang des Amtsgerichts\" title=\"Der Eingang des Amtsgerichts | NDR, Paola Mester\" class=\"responsive\" loading=\"lazy\"\/><\/p>\n<p>Dadurch prallt der Urin am Geb\u00e4ude ab und trifft den Verursacher. Die Wand w\u00e4re laut Gericht landesweit die erste ihrer Art.<\/p>\n<p>        Schlagw\u00f6rter zu diesem Artikel<\/p>\n<p>            <a href=\"https:\/\/www.ndr.de\/nachrichten\/niedersachsen\/hannover_weser-leinegebiet\/Hannover-Aktuelle-News-und-Nachrichten,hannover18518.html\" rel=\"nofollow noopener\" target=\"_blank\">Hannover<\/a><\/p>\n","protected":false},"excerpt":{"rendered":"Stand: 16.06.2026 20:20 Uhr Seit Dienstag steht in Hannover Niedersachsens erste &#8222;wehrhafte Wand&#8220;. Ein Speziallack l\u00e4sst Urin dort&hellip;\n","protected":false},"author":2,"featured_media":1099315,"comment_status":"","ping_status":"","sticky":false,"template":"","format":"standard","meta":{"footnotes":"","_share_on_mastodon":"0"},"categories":[1836],"tags":[1601,3364,29,2690,233013,30,46,1411,13199,177385],"class_list":["post-1099314","post","type-post","status-publish","format-standard","has-post-thumbnail","category-hannover","tag-amtsgericht","tag-de","tag-deutschland","tag-gericht","tag-gerichtsviertel","tag-germany","tag-hannover","tag-niedersachsen","tag-wand","tag-wildpinkler"],"share_on_mastodon":{"url":"https:\/\/pubeurope.com\/@de\/116761547710425593","error":""},"_links":{"self":[{"href":"https:\/\/www.europesays.com\/de\/wp-json\/wp\/v2\/posts\/1099314","targetHints":{"allow":["GET"]}}],"collection":[{"href":"https:\/\/www.europesays.com\/de\/wp-json\/wp\/v2\/posts"}],"about":[{"href":"https:\/\/www.europesays.com\/de\/wp-json\/wp\/v2\/types\/post"}],"author":[{"embeddable":true,"href":"https:\/\/www.europesays.com\/de\/wp-json\/wp\/v2\/users\/2"}],"replies":[{"embeddable":true,"href":"https:\/\/www.europesays.com\/de\/wp-json\/wp\/v2\/comments?post=1099314"}],"version-history":[{"count":0,"href":"https:\/\/www.europesays.com\/de\/wp-json\/wp\/v2\/posts\/1099314\/revisions"}],"wp:featuredmedia":[{"embeddable":true,"href":"https:\/\/www.europesays.com\/de\/wp-json\/wp\/v2\/media\/1099315"}],"wp:attachment":[{"href":"https:\/\/www.europesays.com\/de\/wp-json\/wp\/v2\/media?parent=1099314"}],"wp:term":[{"taxonomy":"category","embeddable":true,"href":"https:\/\/www.europesays.com\/de\/wp-json\/wp\/v2\/categories?post=1099314"},{"taxonomy":"post_tag","embeddable":true,"href":"https:\/\/www.europesays.com\/de\/wp-json\/wp\/v2\/tags?post=1099314"}],"curies":[{"name":"wp","href":"https:\/\/api.w.org\/{rel}","templated":true}]}}