{"id":1099464,"date":"2026-06-16T21:18:14","date_gmt":"2026-06-16T21:18:14","guid":{"rendered":"https:\/\/www.europesays.com\/de\/1099464\/"},"modified":"2026-06-16T21:18:14","modified_gmt":"2026-06-16T21:18:14","slug":"dresden-baby-ermordet-weil-es-bei-einem-ballerspiel-stoerte-regional","status":"publish","type":"post","link":"https:\/\/www.europesays.com\/de\/1099464\/","title":{"rendered":"Dresden: Baby ermordet, weil es bei einem Ballerspiel st\u00f6rte? | Regional"},"content":{"rendered":"<p><b>Ein Baby stirbt, weil es seinen Stiefvater beim Computerspielen gest\u00f6rt haben soll: In Dresden steht ein B\u00fcrgergeldempf\u00e4nger vor Gericht, dem die Staatsanwaltschaft den Mord an dem neun Monate alten Marek vorwirft.<\/b><\/p>\n<p>Im Prozess zeigt sich ein Angeklagter, der angeblich kaum etwas aus seinem Leben wei\u00df, aber detailreich \u00fcber sein Online-Ballerspiel zu erz\u00e4hlen vermag.<br \/>\nWelche Rolle spielt seine Vergangenheit, in der schon einmal der Verdacht brutaler Gewalt gegen ein Baby im Raum stand? Lesen Sie alle Hintergr\u00fcnde und die brisanten neuen Hinweise jetzt mit BILDplus.<\/p>\n","protected":false},"excerpt":{"rendered":"Ein Baby stirbt, weil es seinen Stiefvater beim Computerspielen gest\u00f6rt haben soll: In Dresden steht ein B\u00fcrgergeldempf\u00e4nger vor&hellip;\n","protected":false},"author":2,"featured_media":1099465,"comment_status":"","ping_status":"","sticky":false,"template":"","format":"standard","meta":{"footnotes":"","_share_on_mastodon":"0"},"categories":[1835],"tags":[1290,5686,3364,29,2386,192133,10176,30,17975,2183,1269,859,138370],"class_list":["post-1099464","post","type-post","status-publish","format-standard","has-post-thumbnail","category-dresden","tag-baby","tag-computerspiele","tag-de","tag-deutschland","tag-dresden","tag-ego-shooter","tag-fischer-thomas","tag-germany","tag-landgericht-dresden","tag-mord","tag-prozess","tag-sachsen","tag-team-first"],"share_on_mastodon":{"url":"https:\/\/pubeurope.com\/@de\/116761874097165283","error":""},"_links":{"self":[{"href":"https:\/\/www.europesays.com\/de\/wp-json\/wp\/v2\/posts\/1099464","targetHints":{"allow":["GET"]}}],"collection":[{"href":"https:\/\/www.europesays.com\/de\/wp-json\/wp\/v2\/posts"}],"about":[{"href":"https:\/\/www.europesays.com\/de\/wp-json\/wp\/v2\/types\/post"}],"author":[{"embeddable":true,"href":"https:\/\/www.europesays.com\/de\/wp-json\/wp\/v2\/users\/2"}],"replies":[{"embeddable":true,"href":"https:\/\/www.europesays.com\/de\/wp-json\/wp\/v2\/comments?post=1099464"}],"version-history":[{"count":0,"href":"https:\/\/www.europesays.com\/de\/wp-json\/wp\/v2\/posts\/1099464\/revisions"}],"wp:featuredmedia":[{"embeddable":true,"href":"https:\/\/www.europesays.com\/de\/wp-json\/wp\/v2\/media\/1099465"}],"wp:attachment":[{"href":"https:\/\/www.europesays.com\/de\/wp-json\/wp\/v2\/media?parent=1099464"}],"wp:term":[{"taxonomy":"category","embeddable":true,"href":"https:\/\/www.europesays.com\/de\/wp-json\/wp\/v2\/categories?post=1099464"},{"taxonomy":"post_tag","embeddable":true,"href":"https:\/\/www.europesays.com\/de\/wp-json\/wp\/v2\/tags?post=1099464"}],"curies":[{"name":"wp","href":"https:\/\/api.w.org\/{rel}","templated":true}]}}