{"id":1099482,"date":"2026-06-16T21:27:32","date_gmt":"2026-06-16T21:27:32","guid":{"rendered":"https:\/\/www.europesays.com\/de\/1099482\/"},"modified":"2026-06-16T21:27:32","modified_gmt":"2026-06-16T21:27:32","slug":"rund-ums-fahrrad-buergersprechstunde-und-codierung-im-juni-2026","status":"publish","type":"post","link":"https:\/\/www.europesays.com\/de\/1099482\/","title":{"rendered":"Rund ums Fahrrad: B\u00fcrgersprechstunde und Codierung im Juni 2026"},"content":{"rendered":"\n<p>Ums Fahrradfahren geht es im und am <a href=\"https:\/\/www.leipzig.de\/leben-in-leipzig\/natur-und-umwelt\/umwelt-und-naturschutz\/umweltinformationszentrum-uiz\" class=\"link-body\" rel=\"nofollow noopener\" target=\"_blank\">Umweltinformationszentrum<\/a> der Stadt Leipzig (UiZ) in der Prager Stra\u00dfe.<\/p>\n<p> Sprechstunde mit Radverkehrsbeauftragtem <\/p>\n<p>In der B\u00fcrgersprechstunde stellt der Radverkehrsbeauftragte die wesentlichen Inhalte des Radverkehrsentwicklungsplans vor. Die Nutzung des Fahrrades erfreut sich in Leipzig seit vielen Jahren steigender Beliebtheit. Dieser Trend soll auch weiterhin durch sinnvolle Projekte und Ma\u00dfnahmen gef\u00f6rdert werden. Hierauf zielt der 2024 vom Stadtrat beschlossene <a href=\"https:\/\/www.leipzig.de\/leben-in-leipzig\/verkehr\/fahrrad\/radverkehr\/radverkehrsentwicklungsplan\" class=\"link-body\" rel=\"nofollow noopener\" target=\"_blank\">Radverkehrsentwicklungsplan 2030+<\/a> ab. Er ist Teil der Mobilit\u00e4tsstrategie 2030 und ber\u00fccksichtigt die aktuellen Rahmenbedingungen zur F\u00f6rderung des Radverkehrs in Leipzig. Unter dem Motto \u201eRadverkehr verbindet Leipzig\u201c benennt er Indikatoren zur Messbarkeit, definiert Qualit\u00e4tskriterien und enth\u00e4lt konkrete Ma\u00dfnahmen und Infrastrukturbedarfe.<\/p>\n<p> Fahrradcodierung gegen Diebstahl <\/p>\n<p>Parallel wird am 23. Juni vor dem UiZ vom B\u00fcrgerdienst LE des Kommunalen Eigenbetriebes Leipzig-Engelsdorf die Fahrradcodierung von 14 bis 17 Uhr angeboten. Interessierte Leipzigerinnen und Leipziger k\u00f6nnen ihr Fahrrad so besser gegen Diebstahl sch\u00fctzen.\u00a0<\/p>\n<p> Zeit und Ort <\/p>\n<p>Dienstag, 23. Juni 2026<\/p>\n<ul>\n<li>15:30 bis 17 Uhr B\u00fcrgersprechstunde<\/li>\n<li>14 bis 17 Uhr Fahrradcodierung<\/li>\n<\/ul>\n<p>Umweltinformationszentrum der Stadt Leipzig (UiZ), Haus A.II<\/p>\n<p>Prager Stra\u00dfe 118-136<\/p>\n<p>Das UiZ ist ebenerdig und mit dem Rollstuhl erreichbar.<\/p>\n<p> Weitere Informationen <\/p>\n<p>Telefon <a href=\"https:\/\/www.leipzig.de\/newsarchiv\/news\/tel:03411236711\" class=\"link-body\" rel=\"nofollow noopener\" target=\"_blank\">0341 123-6711<\/a> oder <a href=\"https:\/\/www.leipzig.de\/leben-in-leipzig\/natur-und-umwelt\/umwelt-und-naturschutz\/umweltinformationszentrum-uiz\" class=\"link-body\" rel=\"nofollow noopener\" target=\"_blank\">www.leipzig.de\/uiz<\/a>\u00a0<\/p>\n<p><a href=\"https:\/\/kee-leipzig.de\/\" target=\"_blank\" class=\"link-body\" rel=\"noreferrer nofollow noopener\">www.kee-leipzig.de<\/a><\/p>\n","protected":false},"excerpt":{"rendered":"Ums Fahrradfahren geht es im und am Umweltinformationszentrum der Stadt Leipzig (UiZ) in der Prager Stra\u00dfe. Sprechstunde mit&hellip;\n","protected":false},"author":2,"featured_media":1099483,"comment_status":"","ping_status":"","sticky":false,"template":"","format":"standard","meta":{"footnotes":"","_share_on_mastodon":"0"},"categories":[1832],"tags":[3364,29,233033,30,71,233034,859,19681],"class_list":["post-1099482","post","type-post","status-publish","format-standard","has-post-thumbnail","category-leipzig","tag-de","tag-deutschland","tag-fahrradcodierung","tag-germany","tag-leipzig","tag-radverkehrsbeauftragter","tag-sachsen","tag-umweltinformationszentrum"],"share_on_mastodon":{"url":"https:\/\/pubeurope.com\/@de\/116761909598683763","error":""},"_links":{"self":[{"href":"https:\/\/www.europesays.com\/de\/wp-json\/wp\/v2\/posts\/1099482","targetHints":{"allow":["GET"]}}],"collection":[{"href":"https:\/\/www.europesays.com\/de\/wp-json\/wp\/v2\/posts"}],"about":[{"href":"https:\/\/www.europesays.com\/de\/wp-json\/wp\/v2\/types\/post"}],"author":[{"embeddable":true,"href":"https:\/\/www.europesays.com\/de\/wp-json\/wp\/v2\/users\/2"}],"replies":[{"embeddable":true,"href":"https:\/\/www.europesays.com\/de\/wp-json\/wp\/v2\/comments?post=1099482"}],"version-history":[{"count":0,"href":"https:\/\/www.europesays.com\/de\/wp-json\/wp\/v2\/posts\/1099482\/revisions"}],"wp:featuredmedia":[{"embeddable":true,"href":"https:\/\/www.europesays.com\/de\/wp-json\/wp\/v2\/media\/1099483"}],"wp:attachment":[{"href":"https:\/\/www.europesays.com\/de\/wp-json\/wp\/v2\/media?parent=1099482"}],"wp:term":[{"taxonomy":"category","embeddable":true,"href":"https:\/\/www.europesays.com\/de\/wp-json\/wp\/v2\/categories?post=1099482"},{"taxonomy":"post_tag","embeddable":true,"href":"https:\/\/www.europesays.com\/de\/wp-json\/wp\/v2\/tags?post=1099482"}],"curies":[{"name":"wp","href":"https:\/\/api.w.org\/{rel}","templated":true}]}}