{"id":1099647,"date":"2026-06-16T22:59:31","date_gmt":"2026-06-16T22:59:31","guid":{"rendered":"https:\/\/www.europesays.com\/de\/1099647\/"},"modified":"2026-06-16T22:59:31","modified_gmt":"2026-06-16T22:59:31","slug":"muenchen-badeseen-rund-um-die-stadt-versprechen-abkuehlung-bei-hitze","status":"publish","type":"post","link":"https:\/\/www.europesays.com\/de\/1099647\/","title":{"rendered":"M\u00fcnchen: Badeseen rund um die Stadt versprechen Abk\u00fchlung bei Hitze"},"content":{"rendered":"<p>Badetipps f\u00fcr den Sommer <\/p>\n<p>Diese Seen rund um M\u00fcnchen sind einen Besuch wert<\/p>\n<ul class=\"grid grid-flow-col gap-4\" aria-label=\"Autorenbilder\">\n<li class=\"leading-0\"><img data-tb-author-image=\"\"  loading=\"lazy\" src=\"https:\/\/www.europesays.com\/de\/wp-content\/uploads\/2026\/01\/1769783773_329_image.jpg\" alt=\"\" title=\"\" width=\"40\" height=\"40\" class=\"\" decoding=\"async\"\/><\/li>\n<\/ul>\n<p>Aktualisiert am 16.06.2026 &#8211; 20:52 UhrLesedauer: 2 Min.<\/p>\n<p><a href=\"#focus-0\" class=\"transition-colors block text-current relative\" data-sctrack=\"FocusGalleryImage.Reference\"><img fetchpriority=\"high\" data-testid=\"Opener.Image\"   loading=\"eager\" src=\"https:\/\/www.europesays.com\/de\/wp-content\/uploads\/2026\/06\/die-gemeinde-woerthsee-im-oberbayerischen-fuenfseenland-von-oben-sommer-am-woerthsee-im-alpenvorland.jpeg\" alt=\"imago images 0624536130\" title=\"imago images 0624536130\" width=\"4000\" height=\"2250\" class=\"bg-[url:var(--lqipURL)] bg-cover bg-center flex h-full w-full max-w-full\" style=\"--lqipURL:url('https:\/\/images.t-online.de\/2024\/06\/LE73td3upKRN\/0x209:4000x2250\/fit-in\/150x0\/filters:blur(25)\/die-gemeinde-woerthsee-im-oberbayerischen-fuenfseenland-von-oben-sommer-am-woerthsee-im-alpenvorland-in-oberbayern-woerthsee-bayern-deutschland-the-municipality-of-woerthsee-in-the-upper-bavarian-fuenfseenland-from-above-summer-at-woerthsee-in-the-foothills-of-the-alps-in-upper-bavaria-woerthsee-bavaria-germany-copyright-xmultimaps360-rochaux-20220706-woerthsee-02-06.jpg')\" decoding=\"async\"\/><img loading=\"lazy\" src=\"https:\/\/muenchen.t-online.de\/s\/paper\/_next\/static\/media\/zoom-in.f7dae02f.svg\" alt=\"Vergr\u00f6\u00dfern des Bildes\" title=\"Vergr\u00f6\u00dfern des Bildes\" class=\"block h-[calc(var(--height)_\/_16_*_1rem)] w-[calc(var(--width)_\/_16_*_1rem)] max-w-none absolute right-8 bottom-8 rounded-4 bg-snow p-8\" style=\"--width:32;--height:32\" decoding=\"async\"\/><\/a><\/p>\n<p>W\u00f6rthsee unweit von M\u00fcnchen: Er \u00fcberzeugt mit seinem t\u00fcrkisfarbenen Wasser. (Quelle: IMAGO\/Alexander Rochau\/imago)<\/p>\n<p><img loading=\"lazy\" src=\"https:\/\/muenchen.t-online.de\/s\/paper\/_next\/static\/media\/audio-volume.6689034c.svg\" alt=\"\" title=\"\" class=\"block h-[calc(var(--height)_\/_16_*_1rem)] w-[calc(var(--width)_\/_16_*_1rem)] max-w-none group-hover:brightness-0 group-hover:invert\" style=\"--width:16;--height:16\" decoding=\"async\"\/>Vorlesen<\/p>\n<p>Aktuelle Zeit:0:00Gesamtdauer:0:00<\/p>\n<p>1x<\/p>\n<p class=\"text-center\">Jetzt neu bei t-online:<\/p>\n<p class=\"text-center\">Schriftgr\u00f6\u00dfe anpassen!<\/p>\n<p><img loading=\"lazy\" src=\"https:\/\/muenchen.t-online.de\/s\/paper\/_next\/static\/media\/font-sizes.32942e33.svg\" alt=\"\" title=\"\" class=\"block h-[calc(var(--height)_\/_16_*_1rem)] w-[calc(var(--width)_\/_16_*_1rem)] max-w-none group-hover:hidden group-aria-expanded:hidden\" style=\"--width:16;--height:16\" decoding=\"async\"\/><img loading=\"lazy\" src=\"https:\/\/muenchen.t-online.de\/s\/paper\/_next\/static\/media\/font-sizes-dark-mode.e382645c.svg\" alt=\"\" title=\"\" class=\"block h-[calc(var(--height)_\/_16_*_1rem)] w-[calc(var(--width)_\/_16_*_1rem)] max-w-none hidden group-hover:block group-aria-expanded:block\" style=\"--width:16;--height:16\" decoding=\"async\"\/><img loading=\"lazy\" src=\"https:\/\/muenchen.t-online.de\/s\/paper\/_next\/static\/media\/sharing-menu-icon.1eb71368.svg\" alt=\"\" title=\"\" class=\"block h-[calc(var(--height)_\/_16_*_1rem)] w-[calc(var(--width)_\/_16_*_1rem)] max-w-none group-hover:brightness-0 group-hover:invert\" style=\"--width:16;--height:16\" decoding=\"async\"\/>Artikel teilen<\/p>\n<p class=\"font-bold text-18 leading-17 user-text-lg:text-22 user-text-xl:text-24\">Das F\u00fcnfseenland s\u00fcdwestlich von M\u00fcnchen lockt mit kristallklarem Wasser und lauschigen Badebuchten. Drei Seen stechen dabei besonders hervor \u2013 und sind sogar mit der S-Bahn erreichbar.<\/p>\n<p class=\"text-18 leading-17 user-text-lg:text-22 user-text-xl:text-24\">Sommer, Sonne, Badespa\u00df: Ab dem 20. Juni ist offiziell Sommer \u2013 und damit ist auch die Badesaison er\u00f6ffnet. In M\u00fcnchen selbst l\u00e4dt die Isar zur schnellen Erfrischung zwischendurch ein. Wer jedoch ein paar Bahnen schwimmen und zugleich dem Trubel der Stadt entkommen m\u00f6chte, findet s\u00fcdwestlich von M\u00fcnchen nicht nur einen, sondern gleich drei idyllische Seen.<\/p>\n<p><a href=\"#focus-1\" class=\"transition-colors block text-current relative\" data-sctrack=\"FocusGalleryImage.Reference\"><img   loading=\"lazy\" src=\"https:\/\/www.europesays.com\/de\/wp-content\/uploads\/2026\/06\/1781650769_88_image.jpg\" alt=\"Der W\u00f6rthsee \u00fcberzeugt vor allem mit seiner idyllischen Lage.\" title=\"Der W\u00f6rthsee \u00fcberzeugt vor allem mit seiner idyllischen Lage.\" width=\"3000\" height=\"1687\" class=\"h-full w-full max-w-full rounded-8\" decoding=\"async\"\/><img loading=\"lazy\" src=\"https:\/\/muenchen.t-online.de\/s\/paper\/_next\/static\/media\/zoom-in.f7dae02f.svg\" alt=\"Vergr\u00f6\u00dfern des Bildes\" title=\"Vergr\u00f6\u00dfern des Bildes\" class=\"block h-[calc(var(--height)_\/_16_*_1rem)] w-[calc(var(--width)_\/_16_*_1rem)] max-w-none absolute right-8 bottom-8 rounded-4 bg-snow p-8\" style=\"--width:32;--height:32\" decoding=\"async\"\/>Der W\u00f6rthsee \u00fcberzeugt vor allem mit seiner idyllischen Lage. (Quelle: Sarah Koschinski)<\/a><\/p>\n<p class=\"text-18 leading-17 user-text-lg:text-22 user-text-xl:text-24\">Einer der Seen f\u00e4llt mit kristallklarem, t\u00fcrkisfarbenem Wasser auf: der W\u00f6rthsee. Von M\u00fcnchen aus geht es \u00fcber die A96 Richtung Lindau, bis zur Ausfahrt W\u00f6rthsee \u2013 in gut 20 Minuten ist man da. Nach dem Verlassen der Autobahn f\u00fchren mehrere Wege ans Ufer. Ein direkter Zugang liegt im Ort Steinebach. Dorthin kommt man auch ohne Auto: Mit der S-Bahnlinie S8 Richtung Herrsching dauert die Fahrt ab M\u00fcnchen rund 40 Minuten.<\/p>\n<p>Einer der w\u00e4rmsten Seen in Bayern<\/p>\n<p class=\"text-18 leading-17 user-text-lg:text-22 user-text-xl:text-24\">In Steinebach stehen gleich mehrere Seezug\u00e4nge und Badebuchten zur Wahl. Am Strandbad Fleischmann gibt es neben Eis, Pommes und k\u00fchlen Getr\u00e4nken auch eine Liegewiese mit Steg sowie mehrere Zug\u00e4nge zum W\u00f6rthsee.<\/p>\n<p class=\"text-18 leading-17 user-text-lg:text-22 user-text-xl:text-24\">Folgt man der Seestra\u00dfe, kommt man zum Parkplatz &#8222;W\u00f6rthseestra\u00dfe&#8220;. Von diesem haben Besucher Zugang zum Badeplatz Seeuferweg. Noch mal ein St\u00fcckchen weiter den See hinauf finden Badefreunde an der Rossschwemme einen weiteren kleinen Strand.<\/p>\n<p><a href=\"#focus-2\" class=\"transition-colors block text-current relative\" data-sctrack=\"FocusGalleryImage.Reference\"><img   loading=\"lazy\" src=\"https:\/\/www.europesays.com\/de\/wp-content\/uploads\/2026\/06\/1781650771_112_image.jpg\" alt=\"Der W\u00f6rthsee eignet sich nicht nur zum Schwimmen, sondern auch zum Segeln.\" title=\"Der W\u00f6rthsee eignet sich nicht nur zum Schwimmen, sondern auch zum Segeln.\" width=\"4000\" height=\"2250\" class=\"h-full w-full max-w-full rounded-8\" decoding=\"async\"\/><img loading=\"lazy\" src=\"https:\/\/muenchen.t-online.de\/s\/paper\/_next\/static\/media\/zoom-in.f7dae02f.svg\" alt=\"Vergr\u00f6\u00dfern des Bildes\" title=\"Vergr\u00f6\u00dfern des Bildes\" class=\"block h-[calc(var(--height)_\/_16_*_1rem)] w-[calc(var(--width)_\/_16_*_1rem)] max-w-none absolute right-8 bottom-8 rounded-4 bg-snow p-8\" style=\"--width:32;--height:32\" decoding=\"async\"\/>Der W\u00f6rthsee eignet sich nicht nur zum Schwimmen, sondern auch zum Segeln. (Quelle: Sarah Koschinski)<\/a><\/p>\n<p class=\"text-18 leading-17 user-text-lg:text-22 user-text-xl:text-24\">Der W\u00f6rthsee hat aktuell eine Wassertemperatur von etwa 20 Grad. Mit durchschnittlich 22 Grad geh\u00f6rt er zu den w\u00e4rmsten Seen Bayerns. Mit einer Gr\u00f6\u00dfe von 4,34 Quadratkilometern ist er deutlich kleiner andere Seen. Der W\u00f6rthsee geh\u00f6rt neben Ammersee, We\u00dflinger See, Pilsensee und Starnberger See zum sogenannten F\u00fcnfseenland.<\/p>\n<p>Ammersee und Pilsensee nur wenige Minuten entfernt<\/p>\n<p class=\"text-18 leading-17 user-text-lg:text-22 user-text-xl:text-24\">Alle Seen liegen nur wenige Autominuten auseinander. Wer es ein bisschen gr\u00f6\u00dfer m\u00f6chte, f\u00e4hrt noch ein St\u00fcckchen weiter auf der A96 bis zur Ausfahrt Greifenberg, um zum Ammersee zu gelangen. Dieser ist in knapp zehn Minuten mit dem Auto vom W\u00f6rthsee aus zu erreichen. Mit einer Fl\u00e4che von rund 47 Quadratkilometern ist er der drittgr\u00f6\u00dfte See in Bayern. Die Wassertemperatur ist mit 20 Grad \u00e4hnlich angenehm wie die des W\u00f6rthsees. Auch wenn viel los ist, bietet die acht Kilometer lange Uferpromenade genug Platz f\u00fcr jeden.<\/p>\n","protected":false},"excerpt":{"rendered":"Badetipps f\u00fcr den Sommer Diese Seen rund um M\u00fcnchen sind einen Besuch wert Aktualisiert am 16.06.2026 &#8211; 20:52&hellip;\n","protected":false},"author":2,"featured_media":1099648,"comment_status":"","ping_status":"","sticky":false,"template":"","format":"standard","meta":{"footnotes":"","_share_on_mastodon":"0"},"categories":[1827],"tags":[72348,99308,772,29,72347,30,3366,1268,72349,72350],"class_list":["post-1099647","post","type-post","status-publish","format-standard","has-post-thumbnail","category-muenchen","tag-ammersee","tag-badebucht","tag-bayern","tag-deutschland","tag-fuenfseenland","tag-germany","tag-isar","tag-muenchen","tag-pilsensee","tag-woerthsee"],"share_on_mastodon":{"url":"https:\/\/pubeurope.com\/@de\/116762273102337227","error":""},"_links":{"self":[{"href":"https:\/\/www.europesays.com\/de\/wp-json\/wp\/v2\/posts\/1099647","targetHints":{"allow":["GET"]}}],"collection":[{"href":"https:\/\/www.europesays.com\/de\/wp-json\/wp\/v2\/posts"}],"about":[{"href":"https:\/\/www.europesays.com\/de\/wp-json\/wp\/v2\/types\/post"}],"author":[{"embeddable":true,"href":"https:\/\/www.europesays.com\/de\/wp-json\/wp\/v2\/users\/2"}],"replies":[{"embeddable":true,"href":"https:\/\/www.europesays.com\/de\/wp-json\/wp\/v2\/comments?post=1099647"}],"version-history":[{"count":0,"href":"https:\/\/www.europesays.com\/de\/wp-json\/wp\/v2\/posts\/1099647\/revisions"}],"wp:featuredmedia":[{"embeddable":true,"href":"https:\/\/www.europesays.com\/de\/wp-json\/wp\/v2\/media\/1099648"}],"wp:attachment":[{"href":"https:\/\/www.europesays.com\/de\/wp-json\/wp\/v2\/media?parent=1099647"}],"wp:term":[{"taxonomy":"category","embeddable":true,"href":"https:\/\/www.europesays.com\/de\/wp-json\/wp\/v2\/categories?post=1099647"},{"taxonomy":"post_tag","embeddable":true,"href":"https:\/\/www.europesays.com\/de\/wp-json\/wp\/v2\/tags?post=1099647"}],"curies":[{"name":"wp","href":"https:\/\/api.w.org\/{rel}","templated":true}]}}