{"id":1099759,"date":"2026-06-17T00:02:25","date_gmt":"2026-06-17T00:02:25","guid":{"rendered":"https:\/\/www.europesays.com\/de\/1099759\/"},"modified":"2026-06-17T00:02:25","modified_gmt":"2026-06-17T00:02:25","slug":"ramona-richters-und-tobias-daehns-troedelhalle-in-pieschen","status":"publish","type":"post","link":"https:\/\/www.europesays.com\/de\/1099759\/","title":{"rendered":"Ramona Richters und Tobias D\u00e4hns Tr\u00f6delhalle in Pieschen"},"content":{"rendered":"\n<p>In einem gem\u00fctlichen Kokon aus dekorierten Antikm\u00f6beln, bunten Vasen und liebevoll gepflegten Zimmerpflanzen befindet sich die Schaltzentrale von Ramona Richter und Tobias D\u00e4hn, das B\u00fcro, vorne am Eingang der Tr\u00f6delhalle. Beide sind Urgesteine des Dresdner Antik- und Gebrauchtwarenhandels. Seit 2018 f\u00fchren Richter und D\u00e4hn gemeinsam die \u201eM\u00f6belscheune\u201c in Dresden-Pieschen. <\/p>\n<p>Alte \u201eFrostkutsche\u201c wird zur Fundgrube <\/p>\n<p>Von Schlagl\u00f6chern und Kopfsteinpflaster ges\u00e4umt rumpelt man in die Einfahrt Richtung Tr\u00f6delhalle. Zwischen Gastronomie-Gro\u00dfhandel, Altem Schlachthof und Autowerkstatt liegt das Gesch\u00e4ft etwas versteckt im Gewerbegebiet. Fr\u00fcher hie\u00df die Halle \u201eFrostkutsche\u201c, erz\u00e4hlt Richter. Vor rund drei\u00dfig Jahren diente die Gewerbeeinheit als Zwischenlager f\u00fcr Bofrost-Auslieferungen. Im Jahr 2002 zog die Tr\u00f6delhalle ein. <img fetchpriority=\"high\" decoding=\"async\" class=\"size-full wp-image-76292\" src=\"https:\/\/www.europesays.com\/de\/wp-content\/uploads\/2026\/06\/2026_06_16_Troedel3-scaled.jpg\" alt=\"\" width=\"2560\" height=\"1440\"  \/>Ramona Richter und Tobias D\u00e4hn sind sich seit Jahrzehnten gesch\u00e4ftlich und freundschaftlich verbunden. Foto: S. Reichel <\/p>\n<p>Zwischen Antikm\u00f6beln und Alltagsgegenst\u00e4nden <\/p>\n<p>Am Nachmittag herrscht in der M\u00f6belscheune reges Kommen und Gehen. \u201eHier bimmeln\u201c, steht auf einem Schild. Wer das Gl\u00f6ckchen l\u00e4utet, wird von Richter oder D\u00e4hn mit einem freundlichen Gru\u00df und dem Pragmatismus vieler Berufsjahre empfangen. Zwischen Poltergeschirr, Kuckucksuhr und Schrankw\u00e4nden navigieren die beiden nicht nur durch das Innere der Tr\u00f6delhalle, sondern auch durch Haushaltsaufl\u00f6sungen in und um Dresden. Von dort stammen die meisten Waren, die in Pieschen verkauft werden.<\/p>\n<p><a class=\"gofollow\" data-track=\"MTE0LDEsNjA=\" href=\"https:\/\/museumsnacht.dresden.de\/de\/\" target=\"_blank\" rel=\"noopener nofollow\"><img loading=\"lazy\" decoding=\"async\" src=\"https:\/\/www.europesays.com\/de\/wp-content\/uploads\/2026\/05\/2026-05-21-Anzeige-Museumsnacht.jpg\" alt=\"Museumsnacht\" width=\"300\" height=\"250\"\/><\/a><br \/> <img loading=\"lazy\" decoding=\"async\" class=\"size-full wp-image-76293\" src=\"https:\/\/pieschen-aktuell.de\/wp-content\/uploads\/2026\/06\/2026_06_16_Troedel-scaled-jpg.avif\" alt=\"\" width=\"2560\" height=\"1440\"  \/>Schrankw\u00e4nde gehen nicht mehr gut, daf\u00fcr aber die \u201enachhaltigen Vollholzm\u00f6bel\u201c, erkl\u00e4rt Richter. Richter f\u00fchrt weiter unter dem Namen \u201eGrosch\u201c <\/p>\n<p>Ramona Richter stammt urspr\u00fcnglich aus Dresden. Nach der Wende zog es sie \u201ein den Westen\u201c, in den Neunzigerjahren kehrte sie jedoch in ihre Heimat zur\u00fcck. Tr\u00f6delhallengr\u00fcnder Harry Grosch, unter dessen Namen Richter das Gesch\u00e4ft weiterf\u00fchrt, war ein Freund ihres Mannes. \u201eBei ihm hab ich ab Tag eins die Lauscher aufgesperrt\u201c, erz\u00e4hlt die Inhaberin. \u201eIrgendwann durfte ich die Waren auspreisen, sp\u00e4ter auch Kostenvoranschl\u00e4ge f\u00fcr Wohnungsber\u00e4umungen erstellen.\u201c <\/p>\n<p>2018 \u00fcbernahm sie das Gesch\u00e4ft und f\u00fchrt es bis heute unter dem Namen \u201eGrosch Gebrauchtwarenhandel\u201c weiter. \u201eEine gute Portion Erfahrung und Fachwissen geh\u00f6rt dazu, wenn man den Verkaufswert einer Ware einsch\u00e4tzt\u201c, erkl\u00e4rt Richter. Ob echter Jugendstil-Stuhl oder Nachbildung \u2014 t\u00e4uschen l\u00e4sst sie sich nicht. Am Schwung eines Stuhlbeins oder fein gearbeiteten Holzschnitzereien erkennt sie die Epoche hochwertiger M\u00f6belst\u00fccke. Anders sieht es bei mancher Schrankwand aus den Siebzigern aus. \u201eDie will gerade niemand mehr\u201c, sagt sie. Gefragt seien derzeit eher Bauhausm\u00f6bel und M\u00f6bel aus Vollholz. <img loading=\"lazy\" decoding=\"async\" class=\"size-full wp-image-76294\" src=\"https:\/\/pieschen-aktuell.de\/wp-content\/uploads\/2026\/06\/2026_06_16_Troedel1-scaled-jpg.avif\" alt=\"\" width=\"2560\" height=\"1440\"  \/>Im Universum der Gebrauchtwarengegenst\u00e4nde gibt es auch Ansprechpartner \u2013 n\u00e4mlich Richter und D\u00e4hn. <\/p>\n<p>Wohnungen erz\u00e4hlen Lebensgeschichten <\/p>\n<p>Trotz aller Erfahrung mit Antikm\u00f6beln dreht sich das Alltagsgesch\u00e4ft h\u00e4ufig um zweckm\u00e4\u00dfige M\u00f6bel und Gebrauchsgegenst\u00e4nde. \u201eKein Tag ist wie der andere\u201c, sagt D\u00e4hn, der seit seiner Kindheit in der Antikm\u00f6belszene zuhause ist. \u201eMein Vater hatte einen Handel mit Antikm\u00f6beln, da bin ich reingewachsen.\u201c Gerade ist er von einer eher pikanten Haushaltsaufl\u00f6sung zur\u00fcckgekehrt. \u201eWir sind abgeh\u00e4rtet bis zum Sankt-Nimmerleinstag\u201c, sagt er. Noch nie habe er eine Wohnungsber\u00e4umung abgelehnt, auch wenn er dabei oft stiller Zeuge pers\u00f6nlicher Schicksale werde. \u201eMan kann eine Wohnung auch lesen\u201c, sagt D\u00e4hn. <\/p>\n<p>Lebensl\u00e4ufe spiegelten sich in M\u00f6beln, Gegenst\u00e4nden und Fotografien wider. Auch in der Nachlassverwaltung, die Richter und D\u00e4hn zeitweise tangiert, brauche es viel Einf\u00fchlungsverm\u00f6gen. \u201eUnd auch einfach Fachwissen, um einsch\u00e4tzen zu k\u00f6nnen, was einen Verkaufswert hat\u201c, sagt Richter. Treu an ihrer Seite ist bei Wohnungsaufl\u00f6sungen stets ihr Ehemann. Er ist Rentner und \u00fcbernimmt oft die Gespr\u00e4che mit Angeh\u00f6rigen. \u201eDer unterh\u00e4lt sich dann immer mit den Familienangeh\u00f6rigen\u201c, erz\u00e4hlt sie. Zum Team geh\u00f6ren au\u00dferdem Ber\u00e4umer, Verk\u00e4ufer und Pauschalkr\u00e4fte. \u201eIch bin st\u00e4ndig auf Achse\u201c, betont Richter. <img loading=\"lazy\" decoding=\"async\" class=\"size-full wp-image-76295\" src=\"https:\/\/pieschen-aktuell.de\/wp-content\/uploads\/2026\/06\/2026_06_15_Grosch-scaled-jpg.avif\" alt=\"\" width=\"2560\" height=\"1440\"  \/>\u201eBei uns findet man etwas f\u00fcr jeden Geldbeutel \u2013 von der N\u00e4hnadel bis zur Einbauk\u00fcche\u201c, betont Richter. <\/p>\n<p>Geordnetes Chaos in der M\u00f6belscheune <\/p>\n<p>In der Tr\u00f6delhalle herrscht ein Kommen und Gehen wie in einem Ameisenbau. Was auf den ersten Blick chaotisch wirkt, folgt auf den zweiten Blick einer klaren Ordnung. Vorn steht Geschirr, dann die Aschenbecher, dahinter gro\u00dfe Schrankuhren, sp\u00e4ter folgen Winterreifen, Schrankw\u00e4nde und Koffer \u2014 alles in Sektionen gegliedert. \u201eIch habe die linke Seite der Halle, und D\u00e4hn die andere H\u00e4lfte\u201c, erkl\u00e4rt Richter und zeigt auf die massive Dachstrebe, die die Halle mittig teilt. \u201eEs sieht hier eigentlich t\u00e4glich anders aus, kein Tag ist wie der andere\u201c, sagt sie. Was bleibt, ist das kleine Refugium am Eingang der Tr\u00f6delhalle \u2014 und die gemeinsame Bew\u00e4ltigung des t\u00e4glich neuen Hauswarenwahnsinns anderer Menschen. <\/p>\n<p>Tr\u00f6delhalle \u201eGrosch\u201c und \u201eD\u00e4hn\u201c <\/p>\n<ul>\n<li>Gebrauchtwarenhandel Grosch, Inhaberin: Ramona Richter<\/li>\n<li>Antik und Gebrauchtwarenhandel D\u00e4hn, Inhaber: Tobias D\u00e4hn<\/li>\n<li>Erfurter Str. 10a, 01127 Dresden<\/li>\n<li>\u00d6ffnungszeiten: von Montag bis Freitag 9.30 bis 18 Uhr, Sonnabend von 10 bis 13 Uhr, Juni bis August am Sonnabend geschlossen<\/li>\n<li>nur Barzahlung, selten Paypal<\/li>\n<li><a href=\"https:\/\/www.grosch-dresden.de\/\" rel=\"nofollow noopener\" target=\"_blank\">grosch-dresden.de<\/a><\/li>\n<\/ul>\n<p> Serie: Kleine Unternehmen im Stadtbezirk Pieschen <\/p>\n<p>Jeden Dienstag in Pieschen-Aktuell: Ein Portr\u00e4t eines kleinen Unternehmens aus dem Stadtbezirk. Wir zeigen die unglaubliche Vielfalt im Stadtviertel, von \u00dcbigau bis Trachenberge. Wenn Sie auch einen kleinen Laden in Ihrer Nachbarschaft kennen, den wir gerne mal vorstellen sollen, schreiben Sie uns an <a href=\"https:\/\/pieschen-aktuell.de\/76269\/2026\/ramona-richters-und-tobias-daehns-troedelhalle-in-pieschen\/mailto:redaktion@pieschen-aktuell.de\" target=\"_blank\" rel=\"noopener nofollow\">redaktion@pieschen-aktuell.de<\/a> <\/p>\n<p>\u00dcbersicht der Serie: <a href=\"https:\/\/pieschen-aktuell.de\/dossier\/kleineunternehmen\/\" rel=\"nofollow noopener\" target=\"_blank\">pieschen-aktuell.de\/dossier\/kleineunternehmen<\/a> <\/p>\n","protected":false},"excerpt":{"rendered":"In einem gem\u00fctlichen Kokon aus dekorierten Antikm\u00f6beln, bunten Vasen und liebevoll gepflegten Zimmerpflanzen befindet sich die Schaltzentrale von&hellip;\n","protected":false},"author":2,"featured_media":1099760,"comment_status":"","ping_status":"","sticky":false,"template":"","format":"standard","meta":{"footnotes":"","_share_on_mastodon":"0"},"categories":[1835],"tags":[3364,29,2386,8513,30,859,27351],"class_list":["post-1099759","post","type-post","status-publish","format-standard","has-post-thumbnail","category-dresden","tag-de","tag-deutschland","tag-dresden","tag-flohmarkt","tag-germany","tag-sachsen","tag-troedelmarkt"],"share_on_mastodon":{"url":"https:\/\/pubeurope.com\/@de\/116762519385443420","error":""},"_links":{"self":[{"href":"https:\/\/www.europesays.com\/de\/wp-json\/wp\/v2\/posts\/1099759","targetHints":{"allow":["GET"]}}],"collection":[{"href":"https:\/\/www.europesays.com\/de\/wp-json\/wp\/v2\/posts"}],"about":[{"href":"https:\/\/www.europesays.com\/de\/wp-json\/wp\/v2\/types\/post"}],"author":[{"embeddable":true,"href":"https:\/\/www.europesays.com\/de\/wp-json\/wp\/v2\/users\/2"}],"replies":[{"embeddable":true,"href":"https:\/\/www.europesays.com\/de\/wp-json\/wp\/v2\/comments?post=1099759"}],"version-history":[{"count":0,"href":"https:\/\/www.europesays.com\/de\/wp-json\/wp\/v2\/posts\/1099759\/revisions"}],"wp:featuredmedia":[{"embeddable":true,"href":"https:\/\/www.europesays.com\/de\/wp-json\/wp\/v2\/media\/1099760"}],"wp:attachment":[{"href":"https:\/\/www.europesays.com\/de\/wp-json\/wp\/v2\/media?parent=1099759"}],"wp:term":[{"taxonomy":"category","embeddable":true,"href":"https:\/\/www.europesays.com\/de\/wp-json\/wp\/v2\/categories?post=1099759"},{"taxonomy":"post_tag","embeddable":true,"href":"https:\/\/www.europesays.com\/de\/wp-json\/wp\/v2\/tags?post=1099759"}],"curies":[{"name":"wp","href":"https:\/\/api.w.org\/{rel}","templated":true}]}}