{"id":1099811,"date":"2026-06-17T00:30:25","date_gmt":"2026-06-17T00:30:25","guid":{"rendered":"https:\/\/www.europesays.com\/de\/1099811\/"},"modified":"2026-06-17T00:30:25","modified_gmt":"2026-06-17T00:30:25","slug":"no-angels-sagen-mehrere-konzerte-ab","status":"publish","type":"post","link":"https:\/\/www.europesays.com\/de\/1099811\/","title":{"rendered":"No Angels sagen mehrere Konzerte ab"},"content":{"rendered":"<p>&#8222;Das liegt nicht in unserer Hand&#8220; <\/p>\n<p>No Angels sagen mehrere Konzerte ab<\/p>\n<p>16.06.2026 &#8211; 19:38 UhrLesedauer: 2 Min.<\/p>\n<p><a href=\"#focus-0\" class=\"transition-colors block text-current relative\" data-sctrack=\"FocusGalleryImage.Reference\"><img fetchpriority=\"high\" data-testid=\"Opener.Image\"   loading=\"eager\" src=\"https:\/\/www.europesays.com\/de\/wp-content\/uploads\/2026\/06\/no-angels-lucy-diakovska-jessica-wahls-sandy-moelling-und-nadja-benaissa-bei-einem-auftritt-in-der-a.jpeg\" alt=\"No Angels: Lucy Diakovska, Jessica Wahls, Sandy M\u00f6lling und Nadja Benaissa bei einem Auftritt in der ARD.\" title=\"No Angels: Lucy Diakovska, Jessica Wahls, Sandy M\u00f6lling und Nadja Benaissa bei einem Auftritt in der ARD.\" width=\"3134\" height=\"1763\" class=\"bg-[url:var(--lqipURL)] bg-cover bg-center flex h-full w-full max-w-full\" style=\"--lqipURL:url('https:\/\/images.t-online.de\/2026\/04\/YoOgKMSaBqiX\/230x98:3134x1763\/fit-in\/150x0\/filters:blur(25)\/no-angels-lucy-diakovska-jessica-wahls-sandy-moelling-und-nadja-benaissa-bei-einem-auftritt-in-der-ard.jpg')\" decoding=\"async\"\/><img loading=\"lazy\" src=\"https:\/\/www.t-online.de\/s\/paper\/_next\/static\/media\/zoom-in.f7dae02f.svg\" alt=\"Vergr\u00f6\u00dfern des Bildes\" title=\"Vergr\u00f6\u00dfern des Bildes\" class=\"block h-[calc(var(--height)_\/_16_*_1rem)] w-[calc(var(--width)_\/_16_*_1rem)] max-w-none absolute right-8 bottom-8 rounded-4 bg-snow p-8\" style=\"--width:32;--height:32\" decoding=\"async\"\/><\/a><\/p>\n<p>No Angels: Lucy Diakovska, Jessica Wahls, Sandy M\u00f6lling und Nadja Benaissa bei einem Auftritt in der ARD. (Quelle: IMAGO)<\/p>\n<p><img loading=\"lazy\" src=\"https:\/\/www.t-online.de\/s\/paper\/_next\/static\/media\/audio-volume.6689034c.svg\" alt=\"\" title=\"\" class=\"block h-[calc(var(--height)_\/_16_*_1rem)] w-[calc(var(--width)_\/_16_*_1rem)] max-w-none group-hover:brightness-0 group-hover:invert\" style=\"--width:16;--height:16\" decoding=\"async\"\/>Vorlesen<\/p>\n<p>Aktuelle Zeit:0:00Gesamtdauer:0:00<\/p>\n<p>1x<\/p>\n<p class=\"text-center\">Jetzt neu bei t-online:<\/p>\n<p class=\"text-center\">Schriftgr\u00f6\u00dfe anpassen!<\/p>\n<p><img loading=\"lazy\" src=\"https:\/\/www.t-online.de\/s\/paper\/_next\/static\/media\/font-sizes.32942e33.svg\" alt=\"\" title=\"\" class=\"block h-[calc(var(--height)_\/_16_*_1rem)] w-[calc(var(--width)_\/_16_*_1rem)] max-w-none group-hover:hidden group-aria-expanded:hidden\" style=\"--width:16;--height:16\" decoding=\"async\"\/><img loading=\"lazy\" src=\"https:\/\/www.t-online.de\/s\/paper\/_next\/static\/media\/font-sizes-dark-mode.e382645c.svg\" alt=\"\" title=\"\" class=\"block h-[calc(var(--height)_\/_16_*_1rem)] w-[calc(var(--width)_\/_16_*_1rem)] max-w-none hidden group-hover:block group-aria-expanded:block\" style=\"--width:16;--height:16\" decoding=\"async\"\/><img loading=\"lazy\" src=\"https:\/\/www.t-online.de\/s\/paper\/_next\/static\/media\/sharing-menu-icon.1eb71368.svg\" alt=\"\" title=\"\" class=\"block h-[calc(var(--height)_\/_16_*_1rem)] w-[calc(var(--width)_\/_16_*_1rem)] max-w-none group-hover:brightness-0 group-hover:invert\" style=\"--width:16;--height:16\" decoding=\"async\"\/>Artikel teilen<\/p>\n<p class=\"font-bold text-18 leading-17 user-text-lg:text-22 user-text-xl:text-24\">Nach den ersten Absagen im Mai muss die Band erneut zahlreiche Fans entt\u00e4uschen. Doch dieses Mal ist es ein anderer Grund.<\/p>\n<p class=\"text-18 leading-17 user-text-lg:text-22 user-text-xl:text-24\">Schon im Mai konnten die <a class=\"transition-colors cursor-pointer text-inherit no-underline text-salemsfur md:hover:text-magenta md:hover:border-magenta md:focus:text-magenta border-current border-b border-solid break-words\" data-tracking=\"{&quot;action&quot;:&quot;click&quot;,&quot;category&quot;:&quot;intextLink&quot;,&quot;label&quot;:&quot;\/themen\/no-angels\/&quot;}\" href=\"https:\/\/www.t-online.de\/themen\/no-angels\/\" data-sctrack=\"BodyAnchor\" rel=\"nofollow noopener\" target=\"_blank\">No Angels<\/a> mehrere Auftritte nicht wahrnehmen. Hintergrund waren gesundheitliche Probleme von Mitglied Sandy M\u00f6lling. Sie musste sich auf \u00e4rztlichen Rat hin eine Ruhepause nehmen. Nun folgt f\u00fcr die Fans der Girlgroup die n\u00e4chste schlechte Nachricht.<\/p>\n<p class=\"text-18 leading-17 user-text-lg:text-22 user-text-xl:text-24\">Auf dem offiziellen Instagram-Kanal der Band wurde am Dienstagnachmittag ein Statement ver\u00f6ffentlicht. Aus diesem geht hervor, dass erneut weitere Auftritte nicht stattfinden k\u00f6nnen. &#8222;Wir hatten uns das ein bisschen anders vorgestellt \u2026 und ihr sicher auch&#8220;, hei\u00dft es da. Die Konzerte in <a class=\"transition-colors cursor-pointer text-inherit no-underline text-salemsfur md:hover:text-magenta md:hover:border-magenta md:focus:text-magenta border-current border-b border-solid break-words\" data-tracking=\"{&quot;action&quot;:&quot;click&quot;,&quot;category&quot;:&quot;intextLink&quot;,&quot;label&quot;:&quot;\/themen\/zwickau\/&quot;}\" href=\"https:\/\/www.t-online.de\/themen\/zwickau\/\" data-sctrack=\"BodyAnchor\" rel=\"nofollow noopener\" target=\"_blank\">Zwickau<\/a> und in <a class=\"transition-colors cursor-pointer text-inherit no-underline text-salemsfur md:hover:text-magenta md:hover:border-magenta md:focus:text-magenta border-current border-b border-solid break-words\" data-tracking=\"{&quot;action&quot;:&quot;click&quot;,&quot;category&quot;:&quot;intextLink&quot;,&quot;label&quot;:&quot;\/themen\/eisenhuettenstadt\/&quot;}\" href=\"https:\/\/www.t-online.de\/themen\/eisenhuettenstadt\/\" data-sctrack=\"BodyAnchor\" rel=\"nofollow noopener\" target=\"_blank\">Eisenh\u00fcttenstadt<\/a> im Juli sowie der Auftritt in <a class=\"transition-colors cursor-pointer text-inherit no-underline text-salemsfur md:hover:text-magenta md:hover:border-magenta md:focus:text-magenta border-current border-b border-solid break-words\" data-tracking=\"{&quot;action&quot;:&quot;click&quot;,&quot;category&quot;:&quot;intextLink&quot;,&quot;label&quot;:&quot;\/themen\/friedrichshafen\/&quot;}\" href=\"https:\/\/www.t-online.de\/themen\/friedrichshafen\/\" data-sctrack=\"BodyAnchor\" rel=\"nofollow noopener\" target=\"_blank\">Friedrichshafen<\/a> Anfang August m\u00fcssen &#8222;aus produktionstechnischen Gr\u00fcnden seitens des Veranstalters abgesagt werden. Das liegt nicht in unserer Hand&#8220;, so die vier Musikerinnen.<\/p>\n<p><a href=\"#focus-1\" class=\"transition-colors block text-current relative\" data-sctrack=\"FocusGalleryImage.Reference\"><img   loading=\"lazy\" src=\"https:\/\/www.europesays.com\/de\/wp-content\/uploads\/2026\/06\/no-angels.jpg\" alt=\"No Angels\" title=\"No Angels\" width=\"600\" height=\"337\" class=\"h-full w-full max-w-full rounded-8\" decoding=\"async\"\/><img loading=\"lazy\" src=\"https:\/\/www.t-online.de\/s\/paper\/_next\/static\/media\/zoom-in.f7dae02f.svg\" alt=\"Vergr\u00f6\u00dfern des Bildes\" title=\"Vergr\u00f6\u00dfern des Bildes\" class=\"block h-[calc(var(--height)_\/_16_*_1rem)] w-[calc(var(--width)_\/_16_*_1rem)] max-w-none absolute right-8 bottom-8 rounded-4 bg-snow p-8\" style=\"--width:32;--height:32\" decoding=\"async\"\/>Die Originalbesetzung der No Angels (Quelle: dpa)<\/a><\/p>\n<p class=\"text-18 leading-17 user-text-lg:text-22 user-text-xl:text-24\">Weiter gibt die Band bekannt: &#8222;Uns blutet das Herz. Wir hatten uns sehr darauf gefreut, mit euch diese besonderen Live-Momente zu erleben und mit euch zu feiern. Umso mehr bedauern wir, dass diese Shows nun nicht stattfinden k\u00f6nnen. Wir hoffen sehr, dass wir euch trotzdem ganz bald irgendwo da drau\u00dfen wiedersehen.&#8220; Es tue ihnen sehr leid. Die erworbenen Tickets k\u00f6nne man bei den jeweiligen Veranstaltern und Ticketstellen zur\u00fcckgeben. Acht weitere Konzerte finden derzeit wie geplant statt, unter anderem in <a class=\"transition-colors cursor-pointer text-inherit no-underline text-salemsfur md:hover:text-magenta md:hover:border-magenta md:focus:text-magenta border-current border-b border-solid break-words\" data-tracking=\"{&quot;action&quot;:&quot;click&quot;,&quot;category&quot;:&quot;intextLink&quot;,&quot;label&quot;:&quot;https:\/\/koeln.t-online.de\/region\/koeln\/&quot;}\" href=\"https:\/\/koeln.t-online.de\/region\/koeln\/\" data-sctrack=\"BodyAnchor\" rel=\"nofollow noopener\" target=\"_blank\">K\u00f6ln<\/a>, <a class=\"transition-colors cursor-pointer text-inherit no-underline text-salemsfur md:hover:text-magenta md:hover:border-magenta md:focus:text-magenta border-current border-b border-solid break-words\" data-tracking=\"{&quot;action&quot;:&quot;click&quot;,&quot;category&quot;:&quot;intextLink&quot;,&quot;label&quot;:&quot;https:\/\/hannover.t-online.de\/region\/hannover\/&quot;}\" href=\"https:\/\/hannover.t-online.de\/region\/hannover\/\" data-sctrack=\"BodyAnchor\" rel=\"nofollow noopener\" target=\"_blank\">Hannover<\/a> und Hockenheim.<\/p>\n<p class=\"text-18 leading-17 user-text-lg:text-22 user-text-xl:text-24\">Die No Angeles entstanden vor 26 Jahren bei der Castingshow &#8222;Popstars&#8220;. Damals z\u00e4hlten Nadja Benaissa, Lucy Diakovska, Sandy M\u00f6lling, Jessica Wahls und Vanessa Petruo zur Band. Gemeinsam feierten sie gro\u00dfe Erfolge mit Songs wie &#8222;Daylight in Your Eyes&#8220; oder &#8222;There Must Be an Angel&#8220;. Zwischenzeitlich l\u00f6ste sich die Band auf, heute sind sie nur noch zu viert unterwegs. Vanessa Petruo entschied sich gegen ein Comeback und verfolgte ein Leben abseits des Rampenlichts.<\/p>\n","protected":false},"excerpt":{"rendered":"&#8222;Das liegt nicht in unserer Hand&#8220; No Angels sagen mehrere Konzerte ab 16.06.2026 &#8211; 19:38 UhrLesedauer: 2 Min.&hellip;\n","protected":false},"author":2,"featured_media":1099812,"comment_status":"","ping_status":"","sticky":false,"template":"","format":"standard","meta":{"footnotes":"","_share_on_mastodon":"0"},"categories":[1776],"tags":[223,1801,29,43395,214,30,152,122695,122692,122693,68445,1802,30921,215,7138],"class_list":["post-1099811","post","type-post","status-publish","format-standard","has-post-thumbnail","category-prominente","tag-ard","tag-celebrities","tag-deutschland","tag-eisenhuettenstadt","tag-entertainment","tag-germany","tag-instagram","tag-jessica-wahls","tag-lucy-diakovska","tag-nadja-benaissa","tag-no-angels","tag-prominente","tag-sandy-moelling","tag-unterhaltung","tag-zwickau"],"share_on_mastodon":{"url":"https:\/\/pubeurope.com\/@de\/116762630745588728","error":""},"_links":{"self":[{"href":"https:\/\/www.europesays.com\/de\/wp-json\/wp\/v2\/posts\/1099811","targetHints":{"allow":["GET"]}}],"collection":[{"href":"https:\/\/www.europesays.com\/de\/wp-json\/wp\/v2\/posts"}],"about":[{"href":"https:\/\/www.europesays.com\/de\/wp-json\/wp\/v2\/types\/post"}],"author":[{"embeddable":true,"href":"https:\/\/www.europesays.com\/de\/wp-json\/wp\/v2\/users\/2"}],"replies":[{"embeddable":true,"href":"https:\/\/www.europesays.com\/de\/wp-json\/wp\/v2\/comments?post=1099811"}],"version-history":[{"count":0,"href":"https:\/\/www.europesays.com\/de\/wp-json\/wp\/v2\/posts\/1099811\/revisions"}],"wp:featuredmedia":[{"embeddable":true,"href":"https:\/\/www.europesays.com\/de\/wp-json\/wp\/v2\/media\/1099812"}],"wp:attachment":[{"href":"https:\/\/www.europesays.com\/de\/wp-json\/wp\/v2\/media?parent=1099811"}],"wp:term":[{"taxonomy":"category","embeddable":true,"href":"https:\/\/www.europesays.com\/de\/wp-json\/wp\/v2\/categories?post=1099811"},{"taxonomy":"post_tag","embeddable":true,"href":"https:\/\/www.europesays.com\/de\/wp-json\/wp\/v2\/tags?post=1099811"}],"curies":[{"name":"wp","href":"https:\/\/api.w.org\/{rel}","templated":true}]}}