{"id":1099815,"date":"2026-06-17T00:33:22","date_gmt":"2026-06-17T00:33:22","guid":{"rendered":"https:\/\/www.europesays.com\/de\/1099815\/"},"modified":"2026-06-17T00:33:22","modified_gmt":"2026-06-17T00:33:22","slug":"das-sommerhaus-der-stars-2026-alle-infos-zur-reality-show-bei-rtl","status":"publish","type":"post","link":"https:\/\/www.europesays.com\/de\/1099815\/","title":{"rendered":"\u201eDas Sommerhaus der Stars\u201c 2026: Alle Infos zur Reality-Show bei RTL"},"content":{"rendered":"<p>Die n\u00e4chste Staffel von \u201eDas Sommerhaus der Stars\u201c steht f\u00fcr 2026 in den Startl\u00f6chern. Diese Promipaare sind dabei und das ist bereits bekannt.<\/p>\n<p>Wenn du \u00fcber diese Links einkaufst, erhalten wir eine Provision, die unsere<br \/>\nredaktionelle Arbeit unterst\u00fctzt. Der Preis f\u00fcr dich bleibt dabei<br \/>\nunver\u00e4ndert. Diese Affiliate-Links sind durch ein  Symbol<br \/>\ngekennzeichnet. \u00a0<a class=\"alice-affiliate-info__link\" href=\"https:\/\/www.kino.de\/erloesmodelle\/\" target=\"_blank\" rel=\"nofollow noopener\">Mehr erfahren.<\/a><\/p>\n<p>Auch 2026 kehrt das beliebte Reality-Format <a href=\"https:\/\/www.kino.de\/serie\/sommerhaus-der-stars\/\" rel=\"nofollow noopener\" target=\"_blank\">\u201eDas Sommerhaus der Stars \u2013 Kampf der Promipaare\u201c<\/a> zur\u00fcck. RTL hat bereits die Kandidaten der neuen Staffel bekannt gegeben. Ein genauer Starttermin steht derzeit zwar noch aus, fest ist jedoch, dass die neuen Folgen <strong>im Sp\u00e4tsommer 2026<\/strong> bei <a href=\"https:\/\/siren.a.xafl.kino.de?t=https%3A%2F%2Fplus.rtl.de%2Fdas-sommerhaus-der-stars-kampf-der-promipaare-p_6405&amp;s=https%3A%2F%2Fwww.kino.de%2F%3Adoc-redirect%2F%3Fcontent_id%3D7b319974-16dd-4f90-90c0-206dd7fecb78&amp;channel=website&amp;contentPieceId=7b319974-16dd-4f90-90c0-206dd7fecb78&amp;site=KINO&amp;deviceType=desktop&amp;affiliateOption=Text-link\" target=\"_blank\" rel=\"sponsored nofollow noopener\" class=\"smb-affiliate-link\" data-smb-track=\"display=Text-link&amp;t=affiliate&amp;href=https%3A%2F%2Fplus.rtl.de%2Fdas-sommerhaus-der-stars-kampf-der-promipaare-p_6405\">RTL+<\/a> und im linearen RTL-Programm ausgestrahlt werden. Wie in den vergangenen Jahren ziehen acht Promipaare gemeinsam in das bekannte Sommerhaus in Bocholt-Barlo ein und k\u00e4mpfen dort um das Preisgeld von 50.000 Euro sowie den Titel \u201ePromipaar 2026\u201c.<\/p>\n<p class=\"text-center\"><a class=\"alice-button alice-button--primary smb-affiliate-link\" href=\"https:\/\/siren.a.xafl.kino.de?t=https%3A%2F%2Fplus.rtl.de%2Fdas-sommerhaus-der-stars-kampf-der-promipaare-p_6405&amp;s=https%3A%2F%2Fwww.kino.de%2F%3Adoc-redirect%2F%3Fcontent_id%3D7b319974-16dd-4f90-90c0-206dd7fecb78&amp;channel=website&amp;contentPieceId=7b319974-16dd-4f90-90c0-206dd7fecb78&amp;site=KINO&amp;deviceType=desktop&amp;affiliateOption=Text-link\" target=\"_blank\" rel=\"sponsored nofollow noopener\" data-smb-track=\"display=Text-link&amp;t=affiliate&amp;href=https%3A%2F%2Fplus.rtl.de%2Fdas-sommerhaus-der-stars-kampf-der-promipaare-p_6405\">\u201eDas Sommerhaus der Stars\u201c auf RTL+ streamen<\/a><\/p>\n<p>Ihr seid echte Reality-TV-Fans? Dann solltet ihr mal einen Blick auf die Formate in unserem Video werfen.<\/p>\n<p><img decoding=\"async\" class=\"alice-video-feed__placeholder-image\" fetchpriority=\"high\" alt=\"Die 5 verr\u00fccktesten Reality-Shows auf Netflix\" title=\"Die 5 verr\u00fccktesten Reality-Shows auf Netflix\" src=\"https:\/\/www.europesays.com\/de\/wp-content\/uploads\/2026\/06\/a25ad9f2383fb62e280e17bc4e_cmUgMTIwMCAwAzNjYWFmOGJlMDc0.jpg\" \/>Diese Kandidat*innen sind 2026 dabei<\/p>\n<p>Folgende Paare nehmen an der neuen Staffel teil:<\/p>\n<ul class=\"alice-list\">\n<li>Vanessa Neigert und Giovanni Weisheit<\/li>\n<li>Nico Legat und Laura Parrinello<\/li>\n<li>Michael Naseband und Shelly<\/li>\n<li>Anita Latifi und Fabrice<\/li>\n<li>Hati Su\u00e1rez und Alexander Molz<\/li>\n<li>Anna und Tano<\/li>\n<li>Ferry und Kathy<\/li>\n<li>Michelle Daniaux und Sandro<\/li>\n<\/ul>\n<p>Ihr wollt mehr zu den Teilnehmer*innen wissen? Dann klickt in unsere Bilderstrecke:<\/p>\n<p>So funktioniert \u201eDas Sommerhaus der Stars\u201c<\/p>\n<p>Das Konzept der Show hat sich \u00fcber die Jahre kaum ver\u00e4ndert. Die Paare leben mehrere Wochen gemeinsam auf einem einfachen Bauernhof ohne den gewohnten Promi-Luxus. Enge Schlafr\u00e4ume, gemeinsame Haushaltsaufgaben und permanente Kamerabeobachtung sorgen regelm\u00e4\u00dfig f\u00fcr Spannungen. In verschiedenen Spielen m\u00fcssen die Kandidat*innen Geschick, Wissen, Teamwork und Vertrauen beweisen.<\/p>\n<p>Die Gewinner*innen erhalten Vorteile f\u00fcr die n\u00e4chste Runde, w\u00e4hrend die Paare sich am Ende gegenseitig nominieren. Woche f\u00fcr Woche muss ein Paar das Sommerhaus verlassen, bis im Finale nur noch ein Gewinnerteam \u00fcbrig bleibt. Genau diese Mischung aus Beziehungstest, Wettbewerb und Reality-Drama macht die Show seit Jahren zu einem der erfolgreichsten Formate von RTL.<\/p>\n","protected":false},"excerpt":{"rendered":"Die n\u00e4chste Staffel von \u201eDas Sommerhaus der Stars\u201c steht f\u00fcr 2026 in den Startl\u00f6chern. Diese Promipaare sind dabei&hellip;\n","protected":false},"author":2,"featured_media":1099816,"comment_status":"","ping_status":"","sticky":false,"template":"","format":"standard","meta":{"footnotes":"","_share_on_mastodon":"0"},"categories":[1773],"tags":[29,214,30,471,1780,215],"class_list":["post-1099815","post","type-post","status-publish","format-standard","has-post-thumbnail","category-serien","tag-deutschland","tag-entertainment","tag-germany","tag-serien","tag-series","tag-unterhaltung"],"share_on_mastodon":{"url":"https:\/\/pubeurope.com\/@de\/116762642271353684","error":""},"_links":{"self":[{"href":"https:\/\/www.europesays.com\/de\/wp-json\/wp\/v2\/posts\/1099815","targetHints":{"allow":["GET"]}}],"collection":[{"href":"https:\/\/www.europesays.com\/de\/wp-json\/wp\/v2\/posts"}],"about":[{"href":"https:\/\/www.europesays.com\/de\/wp-json\/wp\/v2\/types\/post"}],"author":[{"embeddable":true,"href":"https:\/\/www.europesays.com\/de\/wp-json\/wp\/v2\/users\/2"}],"replies":[{"embeddable":true,"href":"https:\/\/www.europesays.com\/de\/wp-json\/wp\/v2\/comments?post=1099815"}],"version-history":[{"count":0,"href":"https:\/\/www.europesays.com\/de\/wp-json\/wp\/v2\/posts\/1099815\/revisions"}],"wp:featuredmedia":[{"embeddable":true,"href":"https:\/\/www.europesays.com\/de\/wp-json\/wp\/v2\/media\/1099816"}],"wp:attachment":[{"href":"https:\/\/www.europesays.com\/de\/wp-json\/wp\/v2\/media?parent=1099815"}],"wp:term":[{"taxonomy":"category","embeddable":true,"href":"https:\/\/www.europesays.com\/de\/wp-json\/wp\/v2\/categories?post=1099815"},{"taxonomy":"post_tag","embeddable":true,"href":"https:\/\/www.europesays.com\/de\/wp-json\/wp\/v2\/tags?post=1099815"}],"curies":[{"name":"wp","href":"https:\/\/api.w.org\/{rel}","templated":true}]}}