{"id":110007,"date":"2025-05-14T13:23:12","date_gmt":"2025-05-14T13:23:12","guid":{"rendered":"https:\/\/www.europesays.com\/de\/110007\/"},"modified":"2025-05-14T13:23:12","modified_gmt":"2025-05-14T13:23:12","slug":"motorradfahrerin-stirbt-bei-frontalzusammenstoss-mit-auto","status":"publish","type":"post","link":"https:\/\/www.europesays.com\/de\/110007\/","title":{"rendered":"Motorradfahrerin stirbt bei Frontalzusammensto\u00df mit Auto"},"content":{"rendered":"<p>Reanimation erfolglos <\/p>\n<p>Motorradfahrerin stirbt bei Frontalzusammensto\u00df mit Auto<\/p>\n<p>14.05.2025 &#8211; 15:13 UhrLesedauer: 1 Min.<\/p>\n<p><a href=\"#focus-0\" class=\"transition-colors duration-200 focus-within:text-magenta block text-current relative\" data-sctrack=\"FocusGalleryImage.Reference\"><img fetchpriority=\"high\" data-testid=\"Opener.Image\" style=\"--lqipURL:url('https:\/\/images.t-online.de\/2025\/05\/SKnFR5fQdJZR\/0x149:4000x2250\/fit-in\/150x0\/filters:blur(25)\/image.jpg')\"   loading=\"eager\" src=\"https:\/\/www.europesays.com\/de\/wp-content\/uploads\/2025\/05\/1747228991_560_image.jpg\" alt=\"Roter Motorradhelm und Grablicht auf Asphalt mit Bremsspur (Archivbild): Bei dem t\u00f6dlichen Unfall am Dienstagabend war auch ein Rettungshubschrauber im Einsatz.\" title=\"Roter Motorradhelm und Grablicht auf Asphalt mit Bremsspur (Archivbild): Bei dem t\u00f6dlichen Unfall am Dienstagabend war auch ein Rettungshubschrauber im Einsatz.\" width=\"4000\" height=\"2250\" class=\"bg-[url:var(--lqipURL)] bg-cover bg-center flex w-full max-w-full h-full\" decoding=\"async\"\/><img style=\"--width:32;--height:32\" loading=\"lazy\" src=\"https:\/\/www.europesays.com\/de\/wp-content\/uploads\/2025\/04\/zoom-in.f7dae02f.svg.svg+xml\" alt=\"Vergr\u00f6\u00dfern des Bildes\" title=\"Vergr\u00f6\u00dfern des Bildes\" class=\"&#10;        block&#10;        h-[calc(var(--height)_\/_16_*_1rem)]&#10;        w-[calc(var(--width)_\/_16_*_1rem)]&#10;        max-w-none&#10;        absolute bottom-8 right-8 rounded-4 bg-snow p-8\" decoding=\"async\"\/><\/a><\/p>\n<p>Roter Motorradhelm und Grablicht auf Asphalt mit Bremsspur (Archivbild): Bei dem t\u00f6dlichen Unfall am Dienstagabend war auch ein Rettungshubschrauber im Einsatz. (Quelle: IMAGO\/stock&amp;people)<\/p>\n<p class=\"font-bold text-18 leading-17\">Eine 49-j\u00e4hrige Frau ist am Dienstagabend bei einem Motorradunfall ums Leben gekommen. Die Polizei ermittelt nun zum Hergang.<\/p>\n<p class=\"text-18 leading-17\">Bei einem schweren Verkehrsunfall in Sch\u00e4ftlarn ist am Dienstagabend, 13. Mai, eine 49-j\u00e4hrige Motorradfahrerin ums Leben gekommen. Wie die Polizei mitteilte, stie\u00df sie gegen 19.30 Uhr frontal mit einem Auto zusammen, das gerade auf die A95 in Richtung M\u00fcnchen abbiegen wollte.<\/p>\n<p class=\"text-18 leading-17\">Ein 19-j\u00e4hriger Autofahrer aus dem Landkreis Starnberg war mit einem BMW auf der Staatsstra\u00dfe 2071 in Richtung Neufahrn unterwegs. An der Autobahnauffahrt zur A95 bog er nach links ab. Dabei kollidierte er frontal mit der entgegenkommenden Motorradfahrerin, die auf einer KTM unterwegs war.<\/p>\n<p class=\"text-18 leading-17\">Ein Ersthelfer begann sofort mit Reanimationsma\u00dfnahmen, die von den alarmierten Rettungskr\u00e4ften fortgef\u00fchrt wurden. Auch ein Rettungshubschrauber war im Einsatz. Dennoch starb die 49-J\u00e4hrige noch am Unfallort an ihren schweren Verletzungen. Der Autofahrer blieb k\u00f6rperlich unverletzt, wurde aber von einem Kriseninterventionsteam betreut.<\/p>\n<p class=\"text-18 leading-17\">Beide Fahrzeuge wurden bei dem Unfall erheblich besch\u00e4digt. Den Sachschaden sch\u00e4tzt die Polizei auf etwa 35.000 Euro. Die Auffahrt zur A95 in Richtung M\u00fcnchen blieb f\u00fcr insgesamt vier Stunden gesperrt, die Staatsstra\u00dfe war drei Stunden lang nur einspurig befahrbar. Es kam zu leichten Verkehrsbehinderungen. Die M\u00fcnchner Verkehrspolizei hat die Ermittlungen aufgenommen.<\/p>\n","protected":false},"excerpt":{"rendered":"Reanimation erfolglos Motorradfahrerin stirbt bei Frontalzusammensto\u00df mit Auto 14.05.2025 &#8211; 15:13 UhrLesedauer: 1 Min. Roter Motorradhelm und Grablicht&hellip;\n","protected":false},"author":2,"featured_media":110008,"comment_status":"","ping_status":"","sticky":false,"template":"","format":"standard","meta":{"footnotes":""},"categories":[1827],"tags":[722,513,772,374,29,27093,30,43066,6994,1268,121,9755,6995,43065,1284],"class_list":{"0":"post-110007","1":"post","2":"type-post","3":"status-publish","4":"format-standard","5":"has-post-thumbnail","7":"category-muenchen","8":"tag-722","9":"tag-auto","10":"tag-bayern","11":"tag-bmw","12":"tag-deutschland","13":"tag-frontalzusammenstoss","14":"tag-germany","15":"tag-landkreis-starnberg","16":"tag-motorradunfall","17":"tag-muenchen","18":"tag-polizei","19":"tag-reanimation","20":"tag-rettungshubschrauber","21":"tag-schaeftlarn","22":"tag-unfall"},"share_on_mastodon":{"url":"https:\/\/pubeurope.com\/@de\/114506406601350282","error":""},"_links":{"self":[{"href":"https:\/\/www.europesays.com\/de\/wp-json\/wp\/v2\/posts\/110007","targetHints":{"allow":["GET"]}}],"collection":[{"href":"https:\/\/www.europesays.com\/de\/wp-json\/wp\/v2\/posts"}],"about":[{"href":"https:\/\/www.europesays.com\/de\/wp-json\/wp\/v2\/types\/post"}],"author":[{"embeddable":true,"href":"https:\/\/www.europesays.com\/de\/wp-json\/wp\/v2\/users\/2"}],"replies":[{"embeddable":true,"href":"https:\/\/www.europesays.com\/de\/wp-json\/wp\/v2\/comments?post=110007"}],"version-history":[{"count":0,"href":"https:\/\/www.europesays.com\/de\/wp-json\/wp\/v2\/posts\/110007\/revisions"}],"wp:featuredmedia":[{"embeddable":true,"href":"https:\/\/www.europesays.com\/de\/wp-json\/wp\/v2\/media\/110008"}],"wp:attachment":[{"href":"https:\/\/www.europesays.com\/de\/wp-json\/wp\/v2\/media?parent=110007"}],"wp:term":[{"taxonomy":"category","embeddable":true,"href":"https:\/\/www.europesays.com\/de\/wp-json\/wp\/v2\/categories?post=110007"},{"taxonomy":"post_tag","embeddable":true,"href":"https:\/\/www.europesays.com\/de\/wp-json\/wp\/v2\/tags?post=110007"}],"curies":[{"name":"wp","href":"https:\/\/api.w.org\/{rel}","templated":true}]}}