{"id":1100158,"date":"2026-06-17T03:49:53","date_gmt":"2026-06-17T03:49:53","guid":{"rendered":"https:\/\/www.europesays.com\/de\/1100158\/"},"modified":"2026-06-17T03:49:53","modified_gmt":"2026-06-17T03:49:53","slug":"neuer-bischof-legt-eid-ab-amtseinfuehrung-am-sonntag-im-dom-zu-muenster","status":"publish","type":"post","link":"https:\/\/www.europesays.com\/de\/1100158\/","title":{"rendered":"Neuer Bischof legt Eid ab: Amtseinf\u00fchrung am Sonntag im Dom zu M\u00fcnster"},"content":{"rendered":"<p>Der neue Bischof von M\u00fcnster, Heiner Wilmer, hat in D\u00fcsseldorf den Treueid\u00a0 geleistet. Am Sonntag (14 Uhr)\u00a0wird Wilmer im Dom zu M\u00fcnster in sein Amt eingef\u00fchrt.\u00a0<\/p>\n<p>M\u00fcnster\/D\u00fcsseldorf (dpa\/gl) &#8211; Der neue Bischof von M\u00fcnster hat in D\u00fcsseldorf einen Eid auf die freiheitlich-demokratische Grundordnung geleistet. Im Beisein des nordrhein-westf\u00e4lischen Ministerpr\u00e4sidenten Hendrik W\u00fcst (CDU) und Vertretern der nieders\u00e4chsischen Landesregierung versprach Heiner Wilmer\u2026<\/p>\n<p>            <img decoding=\"async\" src=\"https:\/\/www.die-glocke.de\/typo3conf\/ext\/bo_dieglocke_template\/Resources\/Public\/Images\/logo\/glocke_plus_icon.svg\" class=\"pwTopImage\" alt=\"Glocke Plus\"\/><\/p>\n<p>                Jetzt weiterlesen mit G+<\/p>\n<p class=\"card-text equal-height text-center\" data-equalheightgroup=\"1\">\n                0,99 \u20ac im 1. Monat \u2013 monatlich k\u00fcndbar\n            <\/p>\n<tr>\n<tr>\n<td class=\"w-25px p-1\">\n<\/td>\n<td class=\"p-1\">\n<p>                                            aktuelle Nachrichten rund um die Uhr<\/p>\n<\/td>\n<\/tr>\n<tr>\n<td class=\"w-25px p-1\">\n<\/td>\n<td class=\"p-1\">\n<p>                                            nur 79 \u20ac (ab dem 13. Monat 7,90 \u20ac monatlich)<\/p>\n<\/td>\n<\/tr>\n<tr>\n<td class=\"w-25px p-1\">\n<\/td>\n<td class=\"p-1\">\n<p>                                            nach 12 Monaten Mindestlaufzeit monatlich k\u00fcndbar<\/p>\n<\/td>\n<\/tr>\n<tr>\n<td class=\"w-25px p-1\">\n<\/td>\n<td class=\"p-1\">\n<p>                                            sparen Sie 15,80 \u20ac gegen\u00fcber dem Monatsabo<\/p>\n<\/td>\n<\/tr>\n<\/tr>\n<p>\n                        79 \u20ac f\u00fcr 12 Monate\n                    <\/p>\n<p>                    <a class=\"btn link-primary border rounded border-2 border-primary d-block w-100 mb-4\" href=\"https:\/\/shop.die-glocke.de\/bestellen\/g-jahresabo-bc91?type=paypal&amp;upscore_object_id=dfd78a34-1754-48d3-be5a-62f8fedc40ff-Portal&amp;upscore_offer_id=&amp;upscore_click_id=&amp;upscore_object_url=https%3A%2F%2Fwww.die-glocke.de%2Fregionales%2Fartikel%2Fneuer-bischof-legt-eid-ab-amtseinfuehrung-am-sonntag-im-dom-zu-muenster-1781610313&amp;target=https%3A%2F%2Fwww.die-glocke.de%2Fregionales%2Fartikel%2Fneuer-bischof-legt-eid-ab-amtseinfuehrung-am-sonntag-im-dom-zu-muenster-1781610313\" rel=\"nofollow noopener\" target=\"_blank\"><br \/>\n                        <strong>Jahresabo bestellen mit <\/strong><br \/>\n                        <img loading=\"lazy\" decoding=\"async\" class=\"me-2 icon-paypal\" src=\"https:\/\/www.die-glocke.de\/fileadmin\/images\/demo\/paypal.svg\" width=\"65\" height=\"15\" alt=\"Paypal\"\/><br \/>\n                    <\/a><\/p>\n<p>                    <a class=\"paywall_order_btn-668975\" href=\"https:\/\/shop.die-glocke.de\/gplus-jahresabo?upscore_object_id=dfd78a34-1754-48d3-be5a-62f8fedc40ff-Portal&amp;upscore_offer_id=&amp;upscore_click_id=&amp;upscore_object_url=https%3A%2F%2Fwww.die-glocke.de%2Fregionales%2Fartikel%2Fneuer-bischof-legt-eid-ab-amtseinfuehrung-am-sonntag-im-dom-zu-muenster-1781610313&amp;target=https%3A%2F%2Fwww.die-glocke.de%2Fregionales%2Fartikel%2Fneuer-bischof-legt-eid-ab-amtseinfuehrung-am-sonntag-im-dom-zu-muenster-1781610313\" rel=\"nofollow noopener\" target=\"_blank\"><br \/>\n                        Jahresabo bestellen<br \/>\n                    <\/a><\/p>\n<p>Texte und Fotos von die-glocke.de sind urheberrechtlich gesch\u00fctzt.<br \/>\n            Weiterverwendung nur mit Genehmigung der Chefredaktion.<\/p>\n","protected":false},"excerpt":{"rendered":"Der neue Bischof von M\u00fcnster, Heiner Wilmer, hat in D\u00fcsseldorf den Treueid\u00a0 geleistet. Am Sonntag (14 Uhr)\u00a0wird Wilmer&hellip;\n","protected":false},"author":2,"featured_media":1100159,"comment_status":"","ping_status":"","sticky":false,"template":"","format":"standard","meta":{"footnotes":"","_share_on_mastodon":"0"},"categories":[1843],"tags":[3274,7103,6588,3364,29,30,13655,6590,8970,1209],"class_list":["post-1100158","post","type-post","status-publish","format-standard","has-post-thumbnail","category-muenster","tag-kirche","tag-bischof","tag-bistum","tag-de","tag-deutschland","tag-germany","tag-katholiken","tag-katholische-kirche","tag-muenster","tag-nordrhein-westfalen"],"share_on_mastodon":{"url":"https:\/\/pubeurope.com\/@de\/116763415862208893","error":""},"_links":{"self":[{"href":"https:\/\/www.europesays.com\/de\/wp-json\/wp\/v2\/posts\/1100158","targetHints":{"allow":["GET"]}}],"collection":[{"href":"https:\/\/www.europesays.com\/de\/wp-json\/wp\/v2\/posts"}],"about":[{"href":"https:\/\/www.europesays.com\/de\/wp-json\/wp\/v2\/types\/post"}],"author":[{"embeddable":true,"href":"https:\/\/www.europesays.com\/de\/wp-json\/wp\/v2\/users\/2"}],"replies":[{"embeddable":true,"href":"https:\/\/www.europesays.com\/de\/wp-json\/wp\/v2\/comments?post=1100158"}],"version-history":[{"count":0,"href":"https:\/\/www.europesays.com\/de\/wp-json\/wp\/v2\/posts\/1100158\/revisions"}],"wp:featuredmedia":[{"embeddable":true,"href":"https:\/\/www.europesays.com\/de\/wp-json\/wp\/v2\/media\/1100159"}],"wp:attachment":[{"href":"https:\/\/www.europesays.com\/de\/wp-json\/wp\/v2\/media?parent=1100158"}],"wp:term":[{"taxonomy":"category","embeddable":true,"href":"https:\/\/www.europesays.com\/de\/wp-json\/wp\/v2\/categories?post=1100158"},{"taxonomy":"post_tag","embeddable":true,"href":"https:\/\/www.europesays.com\/de\/wp-json\/wp\/v2\/tags?post=1100158"}],"curies":[{"name":"wp","href":"https:\/\/api.w.org\/{rel}","templated":true}]}}