{"id":1100175,"date":"2026-06-17T04:02:17","date_gmt":"2026-06-17T04:02:17","guid":{"rendered":"https:\/\/www.europesays.com\/de\/1100175\/"},"modified":"2026-06-17T04:02:17","modified_gmt":"2026-06-17T04:02:17","slug":"der-ehemalige-minister-streeting-meint-der-britische-premierminister-starmer-koennte-schon-naechste-woche-mit-einem-neuen-fuehrungsrennen-konfrontiert-werden","status":"publish","type":"post","link":"https:\/\/www.europesays.com\/de\/1100175\/","title":{"rendered":"Der ehemalige Minister Streeting meint: Der britische Premierminister Starmer k\u00f6nnte schon n\u00e4chste Woche mit einem neuen \u201eF\u00fchrungsrennen\u201c konfrontiert werden."},"content":{"rendered":"<p> Auf die Frage, ob dies bedeute, dass bereits n\u00e4chste Woche eine formelle Anfechtung erfolgen w\u00fcrde, stimmte Herr Streeting dieser Einsch\u00e4tzung zu.<\/p>\n<p> Laut Sky News k\u00f6nnte dieses Szenario eintreten, wenn der B\u00fcrgermeister von Greater Manchester, Andy Burnham, die Nachwahl in Makerfield am 18. Juni gewinnt und damit ins britische <a class=\"data-link\" data-org-href=\"https:\/\/www.vietnam.vn\/tag\/quoc-hoi\" href=\"https:\/\/www.vietnam.vn\/tag\/quoc-hoi\" title=\"Nationalversammlung\" target=\"_blank\" rel=\"nofollow noopener\">Parlament<\/a> zur\u00fcckkehrt.<\/p>\n<p> Der fr\u00fchere Gesundheitsminister Streeting, der zuvor seine Bereitschaft zur Kandidatur erkl\u00e4rt hatte, falls es zu einem solchen Rennen k\u00e4me, sagte, er wolle, dass <a class=\"data-link\" data-org-href=\"https:\/\/www.vietnam.vn\/tag\/thu-tuong\" href=\"https:\/\/www.vietnam.vn\/tag\/thu-tuong\" title=\"Premierminister\" target=\"_blank\" rel=\"nofollow noopener\">Premierminister<\/a> Starmer die Entscheidung nach Pr\u00fcfung der aktuellen Lage selbst treffe.<\/p>\n<p> Streeting bekr\u00e4ftigte zwar seinen anhaltenden Respekt vor dem Labour-Chef, regte aber gleichzeitig an, dass Starmer seine Rolle \u00fcberdenken m\u00fcsse. Der ehemalige britische Minister erkl\u00e4rte sich zudem bereit, mit Andy Burnham zusammenzuarbeiten, lie\u00df jedoch die M\u00f6glichkeit eines direkten Wettbewerbs zwischen den beiden offen, sollte es zu einer Wahl um den Parteivorsitz kommen.<\/p>\n<p> \u201eIch denke, die Labour-Partei braucht eine echte Debatte. Es muss ein Wettbewerb der Ideen sein, nicht nur ein Wettstreit um Einzelpersonen. Ich beabsichtige, mich an diesem Wettstreit zu beteiligen\u201c, sagte Streeting.<\/p>\n<p> Der britische Politiker hatte zuvor wiederholt den Regierungsstil von Premierminister Starmer kritisiert. In seinem j\u00fcngsten Interview argumentierte Streeting, der Regierungschef habe die Meinungen seiner Kollegen, des Milit\u00e4rs, der NATO-Verb\u00fcndeten, der Labour-Abgeordneten und der W\u00e4hler nicht ausreichend ber\u00fccksichtigt.<\/p>\n<p> Laut dem ehemaligen Gesundheitsminister sind die Ergebnisse der Kommunalwahlen im Mai 2026 eine ernstzunehmende Warnung an die Labour-Partei. Bei dieser Wahl verlor die Regierungspartei Hunderte von Sitzen in den englischen Gemeinder\u00e4ten und konnte erstmals bei den Wahlen zum walisischen Parlament nicht den ersten Platz belegen.<\/p>\n<p> \u201eIch glaube, dies ist eine Frage von Leben und Tod f\u00fcr die Labour Party. Wir m\u00fcssen die Reformpartei bei den n\u00e4chsten Parlamentswahlen besiegen\u201c, erkl\u00e4rte Streeting.<\/p>\n<p> Premierminister Keir Starmer seinerseits bekr\u00e4ftigte, dass er nicht die Absicht habe, Downing Street zu verlassen, und dass er weiterk\u00e4mpfen werde, falls er in einen Machtkampf um die Parteif\u00fchrung eintreten m\u00fcsse.<\/p>\n<p> Quelle: https:\/\/baoquocte.vn\/cuu-bo-truong-streeting-thu-tuong-anh-starmer-co-the-doi-mat-cuoc-dua-vi-tri-lanh-dao-moi-ngay-trong-tuan-toi-407337.html<\/p>\n","protected":false},"excerpt":{"rendered":"Auf die Frage, ob dies bedeute, dass bereits n\u00e4chste Woche eine formelle Anfechtung erfolgen w\u00fcrde, stimmte Herr Streeting&hellip;\n","protected":false},"author":2,"featured_media":1100176,"comment_status":"","ping_status":"","sticky":false,"template":"","format":"standard","meta":{"footnotes":"","_share_on_mastodon":"0"},"categories":[3976],"tags":[331,332,233181,233182,13,29537,14,15,95573,12,3992,3993,3994,3995,3996,3997,233183],"class_list":["post-1100175","post","type-post","status-publish","format-standard","has-post-thumbnail","category-vereinigtes-koenigreich","tag-aktuelle-nachrichten","tag-aktuelle-news","tag-britische-labour-partei","tag-der-britische-premierminister-keir-starmer","tag-headlines","tag-labour-partei","tag-nachrichten","tag-news","tag-premierminister-keir-starmer","tag-schlagzeilen","tag-uk","tag-united-kingdom","tag-united-kingdom-of-great-britain-and-northern-ireland","tag-vereinigtes-koenigreich","tag-vereinigtes-koenigreich-grossbritannien-und-nordirland","tag-vereinigtes-koenigreich-von-grossbritannien-und-nordirland","tag-wahlen-im-vereinigten-koenigreich"],"share_on_mastodon":{"url":"","error":"Validation failed: Text character limit of 500 exceeded"},"_links":{"self":[{"href":"https:\/\/www.europesays.com\/de\/wp-json\/wp\/v2\/posts\/1100175","targetHints":{"allow":["GET"]}}],"collection":[{"href":"https:\/\/www.europesays.com\/de\/wp-json\/wp\/v2\/posts"}],"about":[{"href":"https:\/\/www.europesays.com\/de\/wp-json\/wp\/v2\/types\/post"}],"author":[{"embeddable":true,"href":"https:\/\/www.europesays.com\/de\/wp-json\/wp\/v2\/users\/2"}],"replies":[{"embeddable":true,"href":"https:\/\/www.europesays.com\/de\/wp-json\/wp\/v2\/comments?post=1100175"}],"version-history":[{"count":0,"href":"https:\/\/www.europesays.com\/de\/wp-json\/wp\/v2\/posts\/1100175\/revisions"}],"wp:featuredmedia":[{"embeddable":true,"href":"https:\/\/www.europesays.com\/de\/wp-json\/wp\/v2\/media\/1100176"}],"wp:attachment":[{"href":"https:\/\/www.europesays.com\/de\/wp-json\/wp\/v2\/media?parent=1100175"}],"wp:term":[{"taxonomy":"category","embeddable":true,"href":"https:\/\/www.europesays.com\/de\/wp-json\/wp\/v2\/categories?post=1100175"},{"taxonomy":"post_tag","embeddable":true,"href":"https:\/\/www.europesays.com\/de\/wp-json\/wp\/v2\/tags?post=1100175"}],"curies":[{"name":"wp","href":"https:\/\/api.w.org\/{rel}","templated":true}]}}