{"id":110025,"date":"2025-05-14T13:33:09","date_gmt":"2025-05-14T13:33:09","guid":{"rendered":"https:\/\/www.europesays.com\/de\/110025\/"},"modified":"2025-05-14T13:33:09","modified_gmt":"2025-05-14T13:33:09","slug":"fachwelt-feiert-den-pforzheimer-wildpark-bei-architektur-biennale-in-venedig-pforzheim","status":"publish","type":"post","link":"https:\/\/www.europesays.com\/de\/110025\/","title":{"rendered":"Fachwelt feiert den Pforzheimer Wildpark bei Architektur-Biennale in Venedig &#8211; Pforzheim"},"content":{"rendered":"<p>Pforzheim\/Venedig. Unfassbar. Unglaublich. Beide Begriffe sind treue Begleiter bei diesem m\u00e4rchenhaften Trip. Venedig pulsiert \u2013 an diesem Freitagabend mehr denn je. Besonders gro\u00df ist das Gewusel im pittoresken Viertel Cannaregio, wo der altehrw\u00fcrdige Palazzo Mora thront. Durch dessen Tor geht es \u2013 vorbei am Sicherheitsdienst \u2013 hinein in die gro\u00dfe Schar illustrer G\u00e4ste, die den Start der Biennale feiert. Da winkt jemand. Pforzheimer gr\u00fc\u00dfen Pforzheimer. Sie haben es tats\u00e4chlich geschafft. Christoph Mei\u00dfner, der stellvertretende Vorsitzende des Wildpark-F\u00f6rdervereins, dessen als Beisitzerin im Verein aktive Frau Natascha und der Stuttgarter Architekt Holger Lohrmann schauen staunend ins Rund. Wohlgemerkt: Sie sind hier keine Besucher, sie sind Player bei der wichtigsten Architektur-Schau der Welt. Wie unfassbar das ist, wird drinnen erst so richtig offenbar.<\/p>\n<p>Ein ganzer Raum im von internationalen Bau-Pionieren bespielten Palazzo ist drei Projekten Lohrmanns<\/p>\n","protected":false},"excerpt":{"rendered":"Pforzheim\/Venedig. Unfassbar. Unglaublich. Beide Begriffe sind treue Begleiter bei diesem m\u00e4rchenhaften Trip. Venedig pulsiert \u2013 an diesem Freitagabend&hellip;\n","protected":false},"author":2,"featured_media":110026,"comment_status":"","ping_status":"","sticky":false,"template":"","format":"standard","meta":{"footnotes":""},"categories":[1775],"tags":[2250,1793,7600,29,214,30,1794,10469,1079,1163,215,35652],"class_list":{"0":"post-110025","1":"post","2":"type-post","3":"status-publish","4":"format-standard","5":"has-post-thumbnail","7":"category-kunst-und-design","8":"tag-architektur","9":"tag-art-and-design","10":"tag-bauen","11":"tag-deutschland","12":"tag-entertainment","13":"tag-germany","14":"tag-kunst-und-design","15":"tag-pforzheim","16":"tag-reisen","17":"tag-tourismus","18":"tag-unterhaltung","19":"tag-wildpark"},"share_on_mastodon":{"url":"https:\/\/pubeurope.com\/@de\/114506445828313500","error":""},"_links":{"self":[{"href":"https:\/\/www.europesays.com\/de\/wp-json\/wp\/v2\/posts\/110025","targetHints":{"allow":["GET"]}}],"collection":[{"href":"https:\/\/www.europesays.com\/de\/wp-json\/wp\/v2\/posts"}],"about":[{"href":"https:\/\/www.europesays.com\/de\/wp-json\/wp\/v2\/types\/post"}],"author":[{"embeddable":true,"href":"https:\/\/www.europesays.com\/de\/wp-json\/wp\/v2\/users\/2"}],"replies":[{"embeddable":true,"href":"https:\/\/www.europesays.com\/de\/wp-json\/wp\/v2\/comments?post=110025"}],"version-history":[{"count":0,"href":"https:\/\/www.europesays.com\/de\/wp-json\/wp\/v2\/posts\/110025\/revisions"}],"wp:featuredmedia":[{"embeddable":true,"href":"https:\/\/www.europesays.com\/de\/wp-json\/wp\/v2\/media\/110026"}],"wp:attachment":[{"href":"https:\/\/www.europesays.com\/de\/wp-json\/wp\/v2\/media?parent=110025"}],"wp:term":[{"taxonomy":"category","embeddable":true,"href":"https:\/\/www.europesays.com\/de\/wp-json\/wp\/v2\/categories?post=110025"},{"taxonomy":"post_tag","embeddable":true,"href":"https:\/\/www.europesays.com\/de\/wp-json\/wp\/v2\/tags?post=110025"}],"curies":[{"name":"wp","href":"https:\/\/api.w.org\/{rel}","templated":true}]}}